{"id":143387,"date":"2025-11-04T16:18:29","date_gmt":"2025-11-04T16:18:29","guid":{"rendered":"https:\/\/gazetaregionalna.com\/?p=143387"},"modified":"2025-11-04T16:18:31","modified_gmt":"2025-11-04T16:18:31","slug":"starostwo-powiatowe-w-czestochowie-zorganizowalo-szkolenie-ngo-w-akcji","status":"publish","type":"post","link":"https:\/\/gazetaregionalna.com\/?p=143387","title":{"rendered":"Starostwo Powiatowe w Cz\u0119stochowie zorganizowa\u0142o szkolenie ,,NGO w akcji&#8221;"},"content":{"rendered":"\n<p>W Starostwie Powiatowym w Cz\u0119stochowie odby\u0142o si\u0119 spotkanie szkoleniowo-doradcze \u201eNGO w akcji\u201d<\/p>\n\n\n\n<p>Starostwo Powiatowe w Cz\u0119stochowie by\u0142o gospodarzem spotkania szkoleniowego ,,NGO w akcji&#8221;. Poni\u017cej prezentujemy komunikat Starostwa Powiatowego ze spotkania.<\/p>\n\n\n\n<p>&#8222;W Starostwie Powiatowym w Cz\u0119stochowie odby\u0142o si\u0119 spotkanie szkoleniowo-doradcze \u201eNGO w akcji\u201d, skierowane do przedstawicieli organizacji pozarz\u0105dowych z terenu powiatu cz\u0119stochowskiego. W wydarzeniu uczestniczyli reprezentanci stowarzysze\u0144, fundacji, k\u00f3\u0142 gospody\u0144 wiejskich, klub\u00f3w sportowych oraz innych aktywnych podmiot\u00f3w dzia\u0142aj\u0105cych w trzecim sektorze. W spotkaniu uczestniczyli cz\u0142onkowie zarz\u0105du Anna Dziewior oraz Adam Morzyk, kt\u00f3ry podkre\u015bli otwieraj\u0105c spotkanie, znaczenie wsp\u00f3\u0142pracy samorz\u0105du z organizacjami spo\u0142ecznymi oraz ich rol\u0119 w rozwoju lokalnych inicjatyw obywatelskich.<\/p>\n\n\n\n<p>Warsztaty poprowadzi\u0142 zesp\u00f3\u0142 Jurajskiego O\u015brodka Wsparcia Ekonomii Spo\u0142ecznej (JOWES), instytucji od lat wspieraj\u0105cej profesjonalizacj\u0119 i rozw\u00f3j podmiot\u00f3w ekonomii spo\u0142ecznej w regionie.<\/p>\n\n\n\n<p>Uczestnicy zapoznali si\u0119 m.in. z:<\/p>\n\n\n\n<p><img decoding=\"async\" height=\"16\" width=\"16\" alt=\"&#x2714;\" data-src=\"https:\/\/static.xx.fbcdn.net\/images\/emoji.php\/v9\/t51\/1\/16\/2714.png\" src=\"data:image\/svg+xml;base64,PHN2ZyB3aWR0aD0iMSIgaGVpZ2h0PSIxIiB4bWxucz0iaHR0cDovL3d3dy53My5vcmcvMjAwMC9zdmciPjwvc3ZnPg==\" class=\"lazyload\" style=\"--smush-placeholder-width: 16px; --smush-placeholder-aspect-ratio: 16\/16;\"> aktualnymi mo\u017cliwo\u015bciami pozyskiwania \u015brodk\u00f3w zewn\u0119trznych,<\/p>\n\n\n\n<p><img decoding=\"async\" height=\"16\" width=\"16\" alt=\"&#x2714;\" data-src=\"https:\/\/static.xx.fbcdn.net\/images\/emoji.php\/v9\/t51\/1\/16\/2714.png\" src=\"data:image\/svg+xml;base64,PHN2ZyB3aWR0aD0iMSIgaGVpZ2h0PSIxIiB4bWxucz0iaHR0cDovL3d3dy53My5vcmcvMjAwMC9zdmciPjwvc3ZnPg==\" class=\"lazyload\" style=\"--smush-placeholder-width: 16px; --smush-placeholder-aspect-ratio: 16\/16;\"> zasadami prawid\u0142owego rozliczania dotacji,<\/p>\n\n\n\n<p><img decoding=\"async\" height=\"16\" width=\"16\" alt=\"&#x2714;\" data-src=\"https:\/\/static.xx.fbcdn.net\/images\/emoji.php\/v9\/t51\/1\/16\/2714.png\" src=\"data:image\/svg+xml;base64,PHN2ZyB3aWR0aD0iMSIgaGVpZ2h0PSIxIiB4bWxucz0iaHR0cDovL3d3dy53My5vcmcvMjAwMC9zdmciPjwvc3ZnPg==\" class=\"lazyload\" style=\"--smush-placeholder-width: 16px; --smush-placeholder-aspect-ratio: 16\/16;\"> praktycznymi wskaz\u00f3wkami dotycz\u0105cymi planowania dzia\u0142a\u0144 i budowania partnerstw,<\/p>\n\n\n\n<p><img decoding=\"async\" height=\"16\" width=\"16\" alt=\"&#x2714;\" data-src=\"https:\/\/static.xx.fbcdn.net\/images\/emoji.php\/v9\/t51\/1\/16\/2714.png\" src=\"data:image\/svg+xml;base64,PHN2ZyB3aWR0aD0iMSIgaGVpZ2h0PSIxIiB4bWxucz0iaHR0cDovL3d3dy53My5vcmcvMjAwMC9zdmciPjwvc3ZnPg==\" class=\"lazyload\" style=\"--smush-placeholder-width: 16px; --smush-placeholder-aspect-ratio: 16\/16;\"> przyk\u0142adami dobrej praktyki w dzia\u0142alno\u015bci spo\u0142ecznej.<\/p>\n\n\n\n<p>Spotkanie by\u0142o r\u00f3wnie\u017c okazj\u0105 do wymiany do\u015bwiadcze\u0144 i nawi\u0105zania kontakt\u00f3w pomi\u0119dzy przedstawicielami lokalnych organizacji.<\/p>\n\n\n\n<p>Wydarzenie przygotowa\u0142a i koordynowa\u0142a S\u0142awa Pluta zast\u0119pca naczelnika Wydzia\u0142u Edukacji, kt\u00f3ra podkre\u015bli\u0142a na koniec spotkania, \u017ce du\u017ce zainteresowanie tego typu tematami potwierdza potrzeb\u0119 dalszego wspierania sektora obywatelskiego w Powiecie Cz\u0119stochowskim.&#8221;<\/p>\n\n\n\n<p>\u0179r\u00f3d\u0142o: fb Powiat Cz\u0119stochowski <\/p>\n\n\n\n<figure class=\"wp-block-image size-large\"><img decoding=\"async\" width=\"1024\" height=\"683\" data-src=\"https:\/\/gazetaregionalna.com\/wp-content\/uploads\/2025\/11\/Starostwo-Powiatowe-foto-1024x683.jpg\" alt=\"\" class=\"wp-image-143388 lazyload\" data-srcset=\"https:\/\/gazetaregionalna.com\/wp-content\/uploads\/2025\/11\/Starostwo-Powiatowe-foto-1024x683.jpg 1024w, https:\/\/gazetaregionalna.com\/wp-content\/uploads\/2025\/11\/Starostwo-Powiatowe-foto-300x200.jpg 300w, https:\/\/gazetaregionalna.com\/wp-content\/uploads\/2025\/11\/Starostwo-Powiatowe-foto-768x512.jpg 768w, https:\/\/gazetaregionalna.com\/wp-content\/uploads\/2025\/11\/Starostwo-Powiatowe-foto.jpg 1200w\" data-sizes=\"(max-width: 1024px) 100vw, 1024px\" src=\"data:image\/svg+xml;base64,PHN2ZyB3aWR0aD0iMSIgaGVpZ2h0PSIxIiB4bWxucz0iaHR0cDovL3d3dy53My5vcmcvMjAwMC9zdmciPjwvc3ZnPg==\" style=\"--smush-placeholder-width: 1024px; --smush-placeholder-aspect-ratio: 1024\/683;\" \/><\/figure>\n","protected":false},"excerpt":{"rendered":"<p>W Starostwie Powiatowym w Cz\u0119stochowie odby\u0142o si\u0119 spotkanie szkoleniowo-doradcze \u201eNGO w akcji\u201d Starostwo Powiatowe w Cz\u0119stochowie by\u0142o gospodarzem spotkania szkoleniowego ,,NGO w akcji&#8221;. Poni\u017cej<\/p>\n","protected":false},"author":15,"featured_media":143388,"comment_status":"closed","ping_status":"open","sticky":false,"template":"","format":"standard","meta":{"_monsterinsights_skip_tracking":false,"_monsterinsights_sitenote_active":false,"_monsterinsights_sitenote_note":"","_monsterinsights_sitenote_category":0,"_uf_show_specific_survey":0,"_uf_disable_surveys":false,"footnotes":""},"categories":[94,3,27,25,26,28,4,2],"tags":[],"class_list":["post-143387","post","type-post","status-publish","format-standard","has-post-thumbnail","hentry","category-polecane","category-czestochowa-informacje","category-klobuck-informacje","category-lubliniec","category-myszkow","category-radomsko","category-region","category-wiadomosci"],"_links":{"self":[{"href":"https:\/\/gazetaregionalna.com\/index.php?rest_route=\/wp\/v2\/posts\/143387","targetHints":{"allow":["GET"]}}],"collection":[{"href":"https:\/\/gazetaregionalna.com\/index.php?rest_route=\/wp\/v2\/posts"}],"about":[{"href":"https:\/\/gazetaregionalna.com\/index.php?rest_route=\/wp\/v2\/types\/post"}],"author":[{"embeddable":true,"href":"https:\/\/gazetaregionalna.com\/index.php?rest_route=\/wp\/v2\/users\/15"}],"replies":[{"embeddable":true,"href":"https:\/\/gazetaregionalna.com\/index.php?rest_route=%2Fwp%2Fv2%2Fcomments&post=143387"}],"version-history":[{"count":1,"href":"https:\/\/gazetaregionalna.com\/index.php?rest_route=\/wp\/v2\/posts\/143387\/revisions"}],"predecessor-version":[{"id":143389,"href":"https:\/\/gazetaregionalna.com\/index.php?rest_route=\/wp\/v2\/posts\/143387\/revisions\/143389"}],"wp:featuredmedia":[{"embeddable":true,"href":"https:\/\/gazetaregionalna.com\/index.php?rest_route=\/wp\/v2\/media\/143388"}],"wp:attachment":[{"href":"https:\/\/gazetaregionalna.com\/index.php?rest_route=%2Fwp%2Fv2%2Fmedia&parent=143387"}],"wp:term":[{"taxonomy":"category","embeddable":true,"href":"https:\/\/gazetaregionalna.com\/index.php?rest_route=%2Fwp%2Fv2%2Fcategories&post=143387"},{"taxonomy":"post_tag","embeddable":true,"href":"https:\/\/gazetaregionalna.com\/index.php?rest_route=%2Fwp%2Fv2%2Ftags&post=143387"}],"curies":[{"name":"wp","href":"https:\/\/api.w.org\/{rel}","templated":true}]}}