{"id":143374,"date":"2025-11-04T06:54:45","date_gmt":"2025-11-04T06:54:45","guid":{"rendered":"https:\/\/gazetaregionalna.com\/?p=143374"},"modified":"2025-11-04T06:54:46","modified_gmt":"2025-11-04T06:54:46","slug":"czestochowscy-straznicy-miejscy-ujeli-sprawce-rozboju","status":"publish","type":"post","link":"https:\/\/gazetaregionalna.com\/?p=143374","title":{"rendered":"Cz\u0119stochowscy stra\u017cnicy miejscy uj\u0119li sprawc\u0119 rozboju"},"content":{"rendered":"\n<p>Stra\u017cnicy miejscy uj\u0119li m\u0119\u017cczyzn\u0119, kt\u00f3ry ukrad\u0142 w jednym z market\u00f3w artyku\u0142y spo\u017cywcze i alkoholowe, a nast\u0119pnie dopu\u015bci\u0142 si\u0119 rozboju na pracowniku ochrony.<\/p>\n\n\n\n<p>Do zdarzenia dosz\u0142o w miniony pi\u0105tek w rejonie ul. Kopernika. Stra\u017cnicy miejscy podj\u0119li interwencj\u0119 wobec m\u0119\u017cczyzny, kt\u00f3ry ukrad\u0142 towar w jednym z market\u00f3w, a nast\u0119pnie dopu\u015bci\u0142 si\u0119 rozboju na pracowniku ochrony. Sprawca zosta\u0142 przekazany cz\u0119stochowskim policjantom. Teraz musi liczy\u0107 si\u0119 z odpowiedzialno\u015bci\u0105.<\/p>\n\n\n\n<p>\u0179r\u00f3d\u0142o: www.sm.czestochowa.pl <\/p>\n","protected":false},"excerpt":{"rendered":"<p>Stra\u017cnicy miejscy uj\u0119li m\u0119\u017cczyzn\u0119, kt\u00f3ry ukrad\u0142 w jednym z market\u00f3w artyku\u0142y spo\u017cywcze i alkoholowe, a nast\u0119pnie dopu\u015bci\u0142 si\u0119 rozboju na pracowniku ochrony. Do zdarzenia<\/p>\n","protected":false},"author":25,"featured_media":132173,"comment_status":"closed","ping_status":"open","sticky":false,"template":"","format":"standard","meta":{"_monsterinsights_skip_tracking":false,"_monsterinsights_sitenote_active":false,"_monsterinsights_sitenote_note":"","_monsterinsights_sitenote_category":0,"_uf_show_specific_survey":0,"_uf_disable_surveys":false,"footnotes":""},"categories":[94,3,2],"tags":[],"class_list":["post-143374","post","type-post","status-publish","format-standard","has-post-thumbnail","hentry","category-polecane","category-czestochowa-informacje","category-wiadomosci"],"_links":{"self":[{"href":"https:\/\/gazetaregionalna.com\/index.php?rest_route=\/wp\/v2\/posts\/143374","targetHints":{"allow":["GET"]}}],"collection":[{"href":"https:\/\/gazetaregionalna.com\/index.php?rest_route=\/wp\/v2\/posts"}],"about":[{"href":"https:\/\/gazetaregionalna.com\/index.php?rest_route=\/wp\/v2\/types\/post"}],"author":[{"embeddable":true,"href":"https:\/\/gazetaregionalna.com\/index.php?rest_route=\/wp\/v2\/users\/25"}],"replies":[{"embeddable":true,"href":"https:\/\/gazetaregionalna.com\/index.php?rest_route=%2Fwp%2Fv2%2Fcomments&post=143374"}],"version-history":[{"count":1,"href":"https:\/\/gazetaregionalna.com\/index.php?rest_route=\/wp\/v2\/posts\/143374\/revisions"}],"predecessor-version":[{"id":143375,"href":"https:\/\/gazetaregionalna.com\/index.php?rest_route=\/wp\/v2\/posts\/143374\/revisions\/143375"}],"wp:featuredmedia":[{"embeddable":true,"href":"https:\/\/gazetaregionalna.com\/index.php?rest_route=\/wp\/v2\/media\/132173"}],"wp:attachment":[{"href":"https:\/\/gazetaregionalna.com\/index.php?rest_route=%2Fwp%2Fv2%2Fmedia&parent=143374"}],"wp:term":[{"taxonomy":"category","embeddable":true,"href":"https:\/\/gazetaregionalna.com\/index.php?rest_route=%2Fwp%2Fv2%2Fcategories&post=143374"},{"taxonomy":"post_tag","embeddable":true,"href":"https:\/\/gazetaregionalna.com\/index.php?rest_route=%2Fwp%2Fv2%2Ftags&post=143374"}],"curies":[{"name":"wp","href":"https:\/\/api.w.org\/{rel}","templated":true}]}}