{"id":143364,"date":"2025-11-03T22:21:52","date_gmt":"2025-11-03T22:21:52","guid":{"rendered":"https:\/\/gazetaregionalna.com\/?p=143364"},"modified":"2025-11-03T22:23:03","modified_gmt":"2025-11-03T22:23:03","slug":"miejsca-pracy-dla-osob-z-niepelnosprawnoscia","status":"publish","type":"post","link":"https:\/\/gazetaregionalna.com\/?p=143364","title":{"rendered":"Cz\u0119stochowa. Nowe miejsca pracy dla os\u00f3b z niepe\u0142nosprawno\u015bci\u0105"},"content":{"rendered":"\n<h2 class=\"wp-block-heading\">Fundacja Oczami Brata i Sp\u00f3\u0142dzielnia Socjalna \u201eJasne, \u017ce alternatywa 21\u201d rozszerza dzia\u0142alno\u015b\u0107 Zak\u0142adu Aktywno\u015bci Zawodowej. Efektem b\u0119dzie dziesi\u0119\u0107 nowych miejsc pracy dla os\u00f3b z niepe\u0142nosprawno\u015bci\u0105. Siedmioro z nich zostanie aktorami!<\/h2>\n\n\n\n<p>Cz\u0119stochowska <a href=\"https:\/\/www.facebook.com\/OczamiBrata\" target=\"_blank\" rel=\"noopener\">Fundacja Oczami Brata <\/a>og\u0142osi\u0142a w\u0142a\u015bnie rozszerzenie dzia\u0142alno\u015bci swojego Zak\u0142adu<br>Aktywno\u015bci Zawodowej. W jego ramach zatrudnienie znajdzie dziesi\u0119\u0107 kolejnych os\u00f3b z niepe\u0142nosprawno\u015bci\u0105, g\u0142\u00f3wnie z niepe\u0142nosprawno\u015bci\u0105 intelektualn\u0105 (od stycznia 2026 roku<br>ZAZ liczy\u0107 b\u0119dzie 30 pracownik\u00f3w z niepe\u0142nosprawno\u015bci\u0105).<\/p>\n\n\n\n<p>A\u017c siedmioro z tych os\u00f3b podejmie prac\u0119 w charakterze aktor\u00f3w i aktorek w ramach dzia\u0142alno\u015bci Teatru Oczami Brata. Taki krok stanowi absolutny ewenement nie tylko w Polsce, ale i w skali europejskiej &#8211; podkre\u015bla fundacja. Celem jest udowodnienie, \u017ce osoby z niepe\u0142nosprawno\u015bciami mog\u0105 w pe\u0142ni uczestniczy\u0107 w \u017cyciu kulturalnym \u2013 nie jako widzowie, lecz jako pe\u0142noprawni tw\u00f3rcy.<\/p>\n\n\n\n<figure class=\"wp-block-image size-large\"><img decoding=\"async\" width=\"768\" height=\"1024\" data-src=\"https:\/\/gazetaregionalna.com\/wp-content\/uploads\/2025\/11\/Fot.-Catalina-Stefanska-4-768x1024.jpg\" alt=\"\" class=\"wp-image-143369 lazyload\" data-srcset=\"https:\/\/gazetaregionalna.com\/wp-content\/uploads\/2025\/11\/Fot.-Catalina-Stefanska-4-768x1024.jpg 768w, https:\/\/gazetaregionalna.com\/wp-content\/uploads\/2025\/11\/Fot.-Catalina-Stefanska-4-225x300.jpg 225w, https:\/\/gazetaregionalna.com\/wp-content\/uploads\/2025\/11\/Fot.-Catalina-Stefanska-4.jpg 990w\" data-sizes=\"(max-width: 768px) 100vw, 768px\" src=\"data:image\/svg+xml;base64,PHN2ZyB3aWR0aD0iMSIgaGVpZ2h0PSIxIiB4bWxucz0iaHR0cDovL3d3dy53My5vcmcvMjAwMC9zdmciPjwvc3ZnPg==\" style=\"--smush-placeholder-width: 768px; --smush-placeholder-aspect-ratio: 768\/1024;\" \/><figcaption class=\"wp-element-caption\">Fot. Catalina Stefa\u0144ska<\/figcaption><\/figure>\n\n\n\n<p>\u2013 Od lat powtarzam, \u017ce teatr jest przestrzeni\u0105, w kt\u00f3rej ka\u017cdy cz\u0142owiek ma prawo g\u0142osu. Dzi\u015b ten g\u0142os s\u0142yszymy coraz wyra\u017aniej. To niezwyk\u0142y moment \u2013 po 15 latach dzia\u0142alno\u015bci naszego teatru mo\u017cemy nie tylko gra\u0107, ale te\u017c tworzy\u0107 miejsca pracy dla aktor\u00f3w z niepe\u0142nosprawno\u015bci\u0105\u201d \u2013 m\u00f3wi Pawe\u0142 Bilski, prezes Fundacji Oczami Brata, za\u0142o\u017cyciel i re\u017cyser Teatru Oczami Brata oraz Dyrektor, aktor i producent Fundacji Teatr Nowy w Cz\u0119stochowie.<\/p>\n\n\n\n<h2 class=\"wp-block-heading\">Czym jest Zak\u0142ad Aktywno\u015bci Zawodowej (ZAZ)?<\/h2>\n\n\n\n<p>Zak\u0142ad Aktywno\u015bci Zawodowej to forma zatrudnienia chronionego, kt\u00f3rej g\u0142\u00f3wnym celem jest aktywizacja zawodowa os\u00f3b z niepe\u0142nosprawno\u015bci\u0105 w stopniu znacznym lub umiarkowanym.<\/p>\n\n\n\n<p>ZAZ prowadzi dzia\u0142alno\u015b\u0107 gospodarcz\u0105, a wypracowany zysk przeznacza na dalszy rozw\u00f3j oraz rehabilitacj\u0119 swoich pracownik\u00f3w. W ramach zak\u0142adu osoby z niepe\u0142nosprawno\u015bci\u0105 maj\u0105<br>mo\u017cliwo\u015b\u0107 realnego zatrudnienia, zdobywania nowych umiej\u0119tno\u015bci i budowania niezale\u017cno\u015bci.<\/p>\n\n\n\n<figure class=\"wp-block-image size-large\"><img decoding=\"async\" width=\"855\" height=\"1024\" data-src=\"https:\/\/gazetaregionalna.com\/wp-content\/uploads\/2025\/11\/Fot.-Catalina-Stefanska-2-855x1024.jpg\" alt=\"\" class=\"wp-image-143367 lazyload\" data-srcset=\"https:\/\/gazetaregionalna.com\/wp-content\/uploads\/2025\/11\/Fot.-Catalina-Stefanska-2-855x1024.jpg 855w, https:\/\/gazetaregionalna.com\/wp-content\/uploads\/2025\/11\/Fot.-Catalina-Stefanska-2-250x300.jpg 250w, https:\/\/gazetaregionalna.com\/wp-content\/uploads\/2025\/11\/Fot.-Catalina-Stefanska-2-768x920.jpg 768w, https:\/\/gazetaregionalna.com\/wp-content\/uploads\/2025\/11\/Fot.-Catalina-Stefanska-2.jpg 1200w\" data-sizes=\"(max-width: 855px) 100vw, 855px\" src=\"data:image\/svg+xml;base64,PHN2ZyB3aWR0aD0iMSIgaGVpZ2h0PSIxIiB4bWxucz0iaHR0cDovL3d3dy53My5vcmcvMjAwMC9zdmciPjwvc3ZnPg==\" style=\"--smush-placeholder-width: 855px; --smush-placeholder-aspect-ratio: 855\/1024;\" \/><figcaption class=\"wp-element-caption\">Fot. Catalina Stefa\u0144ska<\/figcaption><\/figure>\n\n\n\n<p>Zak\u0142ady te stanowi\u0105 kluczowy element systemu wsparcia, kt\u00f3ry \u0142\u0105czy aktywizacj\u0119 zawodow\u0105 z integracj\u0105 spo\u0142eczn\u0105. To nie tylko miejsca pracy, ale i \u015brodowiska rozwoju, terapii oraz edukacji.<\/p>\n\n\n\n<p>W przypadku Fundacji Oczami Brata ZAZ dzia\u0142a w spos\u00f3b absolutnie wyj\u0105tkowy \u2013 \u0142\u0105czy aktywizacj\u0119 zawodow\u0105 z kultur\u0105 i sztuk\u0105, co pozwala osobom z niepe\u0142nosprawno\u015bciami rozwija\u0107 talenty artystyczne i zawodowe w jednym, sp\u00f3jnym procesie.<\/p>\n\n\n\n<p>ZAZ \u2013 teatr, kt\u00f3ry daje prac\u0119 i poczucie godno\u015bci. Widzowie widz\u0105 aktor\u00f3w, nie niepe\u0142nosprawno\u015b\u0107. Nowe miejsca pracy w Zak\u0142adzie Aktywno\u015bci Zawodowej Fundacji Oczami Brata s\u0105 cz\u0119\u015bci\u0105 d\u0142ugofalowej strategii organizacji, kt\u00f3ra \u0142\u0105czy dzia\u0142alno\u015b\u0107 spo\u0142eczn\u0105, kulturaln\u0105 i ekonomiczn\u0105.<\/p>\n\n\n\n<figure class=\"wp-block-image size-large\"><img decoding=\"async\" width=\"768\" height=\"1024\" data-src=\"https:\/\/gazetaregionalna.com\/wp-content\/uploads\/2025\/11\/Fot.-Catalina-Stefanska-1-768x1024.jpg\" alt=\"\" class=\"wp-image-143368 lazyload\" data-srcset=\"https:\/\/gazetaregionalna.com\/wp-content\/uploads\/2025\/11\/Fot.-Catalina-Stefanska-1-768x1024.jpg 768w, https:\/\/gazetaregionalna.com\/wp-content\/uploads\/2025\/11\/Fot.-Catalina-Stefanska-1-225x300.jpg 225w, https:\/\/gazetaregionalna.com\/wp-content\/uploads\/2025\/11\/Fot.-Catalina-Stefanska-1-1152x1536.jpg 1152w, https:\/\/gazetaregionalna.com\/wp-content\/uploads\/2025\/11\/Fot.-Catalina-Stefanska-1.jpg 1200w\" data-sizes=\"(max-width: 768px) 100vw, 768px\" src=\"data:image\/svg+xml;base64,PHN2ZyB3aWR0aD0iMSIgaGVpZ2h0PSIxIiB4bWxucz0iaHR0cDovL3d3dy53My5vcmcvMjAwMC9zdmciPjwvc3ZnPg==\" style=\"--smush-placeholder-width: 768px; --smush-placeholder-aspect-ratio: 768\/1024;\" \/><figcaption class=\"wp-element-caption\">Fot. Catalina Stefa\u0144ska<\/figcaption><\/figure>\n\n\n\n<h2 class=\"wp-block-heading\">Realna droga do zatrudnienia <\/h2>\n\n\n\n<p>W\u015br\u00f3d zatrudnionych znajd\u0105 si\u0119 osoby z r\u00f3\u017cnymi stopniami niepe\u0142nosprawno\u015bci, kt\u00f3re b\u0119d\u0105 pracowa\u0107 nie tylko na scenie, ale te\u017c w zapleczu technicznym, obs\u0142udze wydarze\u0144 i administracji. Jednak najwi\u0119kszym prze\u0142omem jest w\u0142a\u015bnie zatrudnienie aktor\u00f3w z niepe\u0142nosprawno\u015bci\u0105 intelektualn\u0105. \u2013 To pierwszy taki przypadek, \u017ce osoby z niepe\u0142nosprawno\u015bci\u0105 zostaj\u0105 zawodowo zatrudnione w teatrze w ramach ZAZ-u. To prawdziwy prze\u0142om i dow\u00f3d, \u017ce sztuka mo\u017ce by\u0107 realn\u0105 drog\u0105 do zatrudnienia, nie tylko terapi\u0105 \u2013 podkre\u015bla Pawe\u0142 Bilski.<\/p>\n\n\n\n<p>Jak dodaje, to tak\u017ce cz\u0119\u015b\u0107 jego pracy doktorskiej po\u015bwi\u0119conej inkluzji w teatrze: Od lat analizuj\u0119, jak teatr mo\u017ce sta\u0107 si\u0119 przestrzeni\u0105 realnego w\u0142\u0105czenia. Teraz mog\u0119 powiedzie\u0107 z pe\u0142nym przekonaniem \u2013 to dzia\u0142a. Widzowie widz\u0105 aktor\u00f3w, nie niepe\u0142nosprawno\u015b\u0107.<\/p>\n\n\n\n<figure class=\"wp-block-image size-large\"><img decoding=\"async\" width=\"768\" height=\"1024\" data-src=\"https:\/\/gazetaregionalna.com\/wp-content\/uploads\/2025\/11\/Fot.-Catalina-Stefanska-5-768x1024.jpg\" alt=\"\" class=\"wp-image-143370 lazyload\" data-srcset=\"https:\/\/gazetaregionalna.com\/wp-content\/uploads\/2025\/11\/Fot.-Catalina-Stefanska-5-768x1025.jpg 768w, https:\/\/gazetaregionalna.com\/wp-content\/uploads\/2025\/11\/Fot.-Catalina-Stefanska-5-225x300.jpg 225w, https:\/\/gazetaregionalna.com\/wp-content\/uploads\/2025\/11\/Fot.-Catalina-Stefanska-5-1151x1536.jpg 1151w, https:\/\/gazetaregionalna.com\/wp-content\/uploads\/2025\/11\/Fot.-Catalina-Stefanska-5.jpg 1200w\" data-sizes=\"(max-width: 768px) 100vw, 768px\" src=\"data:image\/svg+xml;base64,PHN2ZyB3aWR0aD0iMSIgaGVpZ2h0PSIxIiB4bWxucz0iaHR0cDovL3d3dy53My5vcmcvMjAwMC9zdmciPjwvc3ZnPg==\" style=\"--smush-placeholder-width: 768px; --smush-placeholder-aspect-ratio: 768\/1024;\" \/><figcaption class=\"wp-element-caption\">Fot. Catalina Stefa\u0144ska<\/figcaption><\/figure>\n\n\n\n<h2 class=\"wp-block-heading\">\u0141\u0105cz\u0105c pasj\u0119 i misj\u0119 spo\u0142eczn\u0105<\/h2>\n\n\n\n<p>Dla nowych aktor\u00f3w Fundacji Oczami Brata praca w teatrze to spe\u0142nienie marze\u0144. &#8211; Kiedy gram, czuj\u0119 si\u0119 wolny. W teatrze nikt mnie nie ocenia, tylko s\u0142ucha. Teraz to b\u0119dzie moja praca \u2013 prawdziwa praca! Jestem z siebie dumny\u201d \u2013 m\u00f3wi Dominik Sieradzki, jeden z aktor\u00f3w, kt\u00f3rzy wyst\u0105pili w spektaklu \u201eKonwencja\u201d Teatru Oczami Brata i Teatru Nowego w Cz\u0119stochowie.<\/p>\n\n\n\n<p>Dzi\u0119ki wsp\u00f3\u0142pracy z &#8222;Nowym&#8221; w Cz\u0119stochowie, Fundacja Oczami Brata mo\u017ce dzi\u015b realizowa\u0107 swoje spektakle na profesjonalnej scenie, kt\u00f3ra rocznie go\u015bci tysi\u0105ce widz\u00f3w. To wsp\u00f3\u0142praca, kt\u00f3ra przynosi obop\u00f3lne korzy\u015bci \u2013 Teatr Nowy otwiera si\u0119 na inkluzywno\u015b\u0107 i spo\u0142eczne znaczenie sztuki, a aktorzy z niepe\u0142nosprawno\u015bci\u0105 zyskuj\u0105 przestrze\u0144 zawodow\u0105 z prawdziwego zdarzenia.<\/p>\n\n\n\n<p>Pawe\u0142 Bilski i jego zesp\u00f3\u0142 pokazuj\u0105, \u017ce mo\u017cliwe jest tworzenie miejsc pracy, kt\u00f3re \u0142\u0105cz\u0105 pasj\u0119 oraz misj\u0119 spo\u0142eczn\u0105. Ich droga staje si\u0119 inspiracj\u0105 dla innych samorz\u0105d\u00f3w, instytucji kultury, a tak\u017ce organizacji pozarz\u0105dowych w Polsce i za granic\u0105.<\/p>\n\n\n\n<figure class=\"wp-block-image size-large\"><img decoding=\"async\" width=\"768\" height=\"1024\" data-src=\"https:\/\/gazetaregionalna.com\/wp-content\/uploads\/2025\/11\/Fot.-Catalina-Stefanska-3-768x1024.jpg\" alt=\"\" class=\"wp-image-143371 lazyload\" data-srcset=\"https:\/\/gazetaregionalna.com\/wp-content\/uploads\/2025\/11\/Fot.-Catalina-Stefanska-3-768x1024.jpg 768w, https:\/\/gazetaregionalna.com\/wp-content\/uploads\/2025\/11\/Fot.-Catalina-Stefanska-3-225x300.jpg 225w, https:\/\/gazetaregionalna.com\/wp-content\/uploads\/2025\/11\/Fot.-Catalina-Stefanska-3.jpg 1139w\" data-sizes=\"(max-width: 768px) 100vw, 768px\" src=\"data:image\/svg+xml;base64,PHN2ZyB3aWR0aD0iMSIgaGVpZ2h0PSIxIiB4bWxucz0iaHR0cDovL3d3dy53My5vcmcvMjAwMC9zdmciPjwvc3ZnPg==\" style=\"--smush-placeholder-width: 768px; --smush-placeholder-aspect-ratio: 768\/1024;\" \/><figcaption class=\"wp-element-caption\">Fot. Catalina Stefa\u0144ska<\/figcaption><\/figure>\n\n\n\n<p>\u2013 Niech inni id\u0105 t\u0105 drog\u0105. Niech spojrz\u0105 oczami brata \u2013 z empati\u0105, odwag\u0105 i wiar\u0105 w cz\u0142owieka.<br>Bo ka\u017cdy ma w sobie co\u015b, czym mo\u017ce si\u0119 podzieli\u0107 ze \u015bwiatem \u2013 podsumowuje Paulina<br>Fronczak, Wiceprezes Zarz\u0105du Fundacji Oczami Brata.<\/p>\n\n\n\n<p>Fundacja oraz Teatr Oczami Brata zapraszaj\u0105 do wsp\u00f3\u0142pracy instytucje kultury, samorz\u0105dy, szko\u0142y i organizacje, kt\u00f3re chc\u0105 tworzy\u0107 przestrze\u0144 otwart\u0105 na r\u00f3\u017cnorodno\u015b\u0107, jak r\u00f3wnie\u017c r\u00f3wno\u015b\u0107. <\/p>\n\n\n\n<p><strong>red., mat. FOB, fot. Catalina Stefa\u0144ska<\/strong><\/p>\n\n\n\n<p><\/p>\n","protected":false},"excerpt":{"rendered":"<p>Fundacja Oczami Brata i Sp\u00f3\u0142dzielnia Socjalna \u201eJasne, \u017ce alternatywa 21\u201d rozszerza dzia\u0142alno\u015b\u0107 Zak\u0142adu Aktywno\u015bci Zawodowej. Efektem b\u0119dzie dziesi\u0119\u0107 nowych miejsc pracy dla os\u00f3b z<\/p>\n","protected":false},"author":11,"featured_media":143366,"comment_status":"closed","ping_status":"open","sticky":false,"template":"","format":"standard","meta":{"_monsterinsights_skip_tracking":false,"_monsterinsights_sitenote_active":false,"_monsterinsights_sitenote_note":"","_monsterinsights_sitenote_category":0,"_uf_show_specific_survey":0,"_uf_disable_surveys":false,"footnotes":""},"categories":[3,94,36,2],"tags":[144,1606,10183,10182,10180,4678],"class_list":["post-143364","post","type-post","status-publish","format-standard","has-post-thumbnail","hentry","category-czestochowa-informacje","category-polecane","category-praca","category-wiadomosci","tag-czestochowa","tag-fundacja-oczami-brata","tag-osoby-z-niepelnosprawoscia","tag-spoldzielnia-socjalna-jasne-ze-alternatywa-21","tag-teatr-oczmi-brata","tag-zatrudnienie"],"_links":{"self":[{"href":"https:\/\/gazetaregionalna.com\/index.php?rest_route=\/wp\/v2\/posts\/143364","targetHints":{"allow":["GET"]}}],"collection":[{"href":"https:\/\/gazetaregionalna.com\/index.php?rest_route=\/wp\/v2\/posts"}],"about":[{"href":"https:\/\/gazetaregionalna.com\/index.php?rest_route=\/wp\/v2\/types\/post"}],"author":[{"embeddable":true,"href":"https:\/\/gazetaregionalna.com\/index.php?rest_route=\/wp\/v2\/users\/11"}],"replies":[{"embeddable":true,"href":"https:\/\/gazetaregionalna.com\/index.php?rest_route=%2Fwp%2Fv2%2Fcomments&post=143364"}],"version-history":[{"count":2,"href":"https:\/\/gazetaregionalna.com\/index.php?rest_route=\/wp\/v2\/posts\/143364\/revisions"}],"predecessor-version":[{"id":143372,"href":"https:\/\/gazetaregionalna.com\/index.php?rest_route=\/wp\/v2\/posts\/143364\/revisions\/143372"}],"wp:featuredmedia":[{"embeddable":true,"href":"https:\/\/gazetaregionalna.com\/index.php?rest_route=\/wp\/v2\/media\/143366"}],"wp:attachment":[{"href":"https:\/\/gazetaregionalna.com\/index.php?rest_route=%2Fwp%2Fv2%2Fmedia&parent=143364"}],"wp:term":[{"taxonomy":"category","embeddable":true,"href":"https:\/\/gazetaregionalna.com\/index.php?rest_route=%2Fwp%2Fv2%2Fcategories&post=143364"},{"taxonomy":"post_tag","embeddable":true,"href":"https:\/\/gazetaregionalna.com\/index.php?rest_route=%2Fwp%2Fv2%2Ftags&post=143364"}],"curies":[{"name":"wp","href":"https:\/\/api.w.org\/{rel}","templated":true}]}}