{"id":143362,"date":"2025-11-03T18:45:03","date_gmt":"2025-11-03T18:45:03","guid":{"rendered":"https:\/\/gazetaregionalna.com\/?p=143362"},"modified":"2025-11-03T18:45:05","modified_gmt":"2025-11-03T18:45:05","slug":"rakow-podczas-zimowego-zgrupowania-rozegra-5-sparingow-z-druzynami-z-austrii-bulgarii-i-serbii","status":"publish","type":"post","link":"https:\/\/gazetaregionalna.com\/?p=143362","title":{"rendered":"Rak\u00f3w podczas zimowego zgrupowania rozegra 5 sparing\u00f3w. Z dru\u017cynami z Austrii, Bu\u0142garii i Serbii&#8230;"},"content":{"rendered":"\n<p>Pi\u0142karze Rakowa Cz\u0119stochowa zimowe zgrupowanie sp\u0119dz\u0105 w tureckim Belek. Rozegraj\u0105 tam pi\u0119\u0107 mecz\u00f3w kontrolnych.<\/p>\n\n\n\n<p>Pi\u0142karze Rakowa Cz\u0119stochowa w Turcji na zgrupowaniu byli ju\u017c kilka razy, ale do rundy wiosennej w styczniu 2025 roku przygotowywali si\u0119 w hiszpa\u0144skiej Marbelli. Trenerzy i pi\u0142karze chwalili sobie pogod\u0119 i pobyt w Hiszpanii, dlatego kibice spodziewali si\u0119, \u017ce dru\u017cyna trenera Marka Papszuna ponownie poleci do Hiszpanii.<\/p>\n\n\n\n<p>Tymczasem Rak\u00f3w wraca do Turcji. Na zgrupowanie wyleci 7 stycznia 2026 roku. Ob\u00f3z przygotowawczy potrwa do 24 stycznia. Czerwono-niebiescy rozegraj\u0105 5 sparing\u00f3w z dru\u017cynami z Austrii, Bu\u0142garii i Serbii. Rywalami Rakowa b\u0119d\u0105: Red Bull Salzburg, \u0141udogorec Razgrad, Partizan Belgrad, Vojvodina Nowy Sad i FC TSC Ba\u0107ka Topola.<\/p>\n\n\n\n<p>MR-K, fot: AK<\/p>\n\n\n\n<p>Partnerami relacji sportowych s\u0105:<\/p>\n\n\n\n<p>DMK Invest materia\u0142y budowlane Konopiska <\/p>\n\n\n\n<p>Orlikowscy. Pokrycia dachowe i rynny <\/p>\n\n\n\n<p>Hermetik System &#8211; centrum hydroizolacji <\/p>\n\n\n\n<p>Invictel &#8211; systemy alarmowe, monitoringi, smarthome, automatyka do bram <\/p>\n\n\n\n<figure class=\"wp-block-image size-large\"><img decoding=\"async\" width=\"1024\" height=\"666\" data-src=\"https:\/\/gazetaregionalna.com\/wp-content\/uploads\/2025\/01\/Rakow-Wegry-32-1024x666.jpg\" alt=\"\" class=\"wp-image-132868 lazyload\" data-srcset=\"https:\/\/gazetaregionalna.com\/wp-content\/uploads\/2025\/01\/Rakow-Wegry-32-1024x666.jpg 1024w, https:\/\/gazetaregionalna.com\/wp-content\/uploads\/2025\/01\/Rakow-Wegry-32-300x195.jpg 300w, https:\/\/gazetaregionalna.com\/wp-content\/uploads\/2025\/01\/Rakow-Wegry-32-768x500.jpg 768w, https:\/\/gazetaregionalna.com\/wp-content\/uploads\/2025\/01\/Rakow-Wegry-32.jpg 1200w\" data-sizes=\"(max-width: 1024px) 100vw, 1024px\" src=\"data:image\/svg+xml;base64,PHN2ZyB3aWR0aD0iMSIgaGVpZ2h0PSIxIiB4bWxucz0iaHR0cDovL3d3dy53My5vcmcvMjAwMC9zdmciPjwvc3ZnPg==\" style=\"--smush-placeholder-width: 1024px; --smush-placeholder-aspect-ratio: 1024\/666;\" \/><\/figure>\n\n\n\n<figure class=\"wp-block-image size-large\"><img decoding=\"async\" width=\"1024\" height=\"1024\" data-src=\"https:\/\/gazetaregionalna.com\/wp-content\/uploads\/2025\/10\/DMK-12.10.25-1-1024x1024.jpg\" alt=\"\" class=\"wp-image-142120 lazyload\" data-srcset=\"https:\/\/gazetaregionalna.com\/wp-content\/uploads\/2025\/10\/DMK-12.10.25-1-1024x1024.jpg 1024w, https:\/\/gazetaregionalna.com\/wp-content\/uploads\/2025\/10\/DMK-12.10.25-1-300x300.jpg 300w, https:\/\/gazetaregionalna.com\/wp-content\/uploads\/2025\/10\/DMK-12.10.25-1-150x150.jpg 150w, https:\/\/gazetaregionalna.com\/wp-content\/uploads\/2025\/10\/DMK-12.10.25-1-768x768.jpg 768w, https:\/\/gazetaregionalna.com\/wp-content\/uploads\/2025\/10\/DMK-12.10.25-1-215x215.jpg 215w, https:\/\/gazetaregionalna.com\/wp-content\/uploads\/2025\/10\/DMK-12.10.25-1.jpg 1200w\" data-sizes=\"(max-width: 1024px) 100vw, 1024px\" src=\"data:image\/svg+xml;base64,PHN2ZyB3aWR0aD0iMSIgaGVpZ2h0PSIxIiB4bWxucz0iaHR0cDovL3d3dy53My5vcmcvMjAwMC9zdmciPjwvc3ZnPg==\" style=\"--smush-placeholder-width: 1024px; --smush-placeholder-aspect-ratio: 1024\/1024;\" \/><\/figure>\n\n\n\n<figure class=\"wp-block-image size-large\"><img decoding=\"async\" width=\"1024\" height=\"689\" data-src=\"https:\/\/gazetaregionalna.com\/wp-content\/uploads\/2025\/01\/Rakow-Wegry-63-1024x689.jpg\" alt=\"\" class=\"wp-image-132869 lazyload\" data-srcset=\"https:\/\/gazetaregionalna.com\/wp-content\/uploads\/2025\/01\/Rakow-Wegry-63-1024x689.jpg 1024w, https:\/\/gazetaregionalna.com\/wp-content\/uploads\/2025\/01\/Rakow-Wegry-63-300x202.jpg 300w, https:\/\/gazetaregionalna.com\/wp-content\/uploads\/2025\/01\/Rakow-Wegry-63-768x516.jpg 768w, https:\/\/gazetaregionalna.com\/wp-content\/uploads\/2025\/01\/Rakow-Wegry-63.jpg 1200w\" data-sizes=\"(max-width: 1024px) 100vw, 1024px\" src=\"data:image\/svg+xml;base64,PHN2ZyB3aWR0aD0iMSIgaGVpZ2h0PSIxIiB4bWxucz0iaHR0cDovL3d3dy53My5vcmcvMjAwMC9zdmciPjwvc3ZnPg==\" style=\"--smush-placeholder-width: 1024px; --smush-placeholder-aspect-ratio: 1024\/689;\" \/><\/figure>\n\n\n\n<figure class=\"wp-block-image size-large\"><img decoding=\"async\" width=\"1024\" height=\"1024\" data-src=\"https:\/\/gazetaregionalna.com\/wp-content\/uploads\/2025\/08\/Orlikowscy-1-1024x1024.jpg\" alt=\"\" class=\"wp-image-140849 lazyload\" data-srcset=\"https:\/\/gazetaregionalna.com\/wp-content\/uploads\/2025\/08\/Orlikowscy-1-1024x1024.jpg 1024w, https:\/\/gazetaregionalna.com\/wp-content\/uploads\/2025\/08\/Orlikowscy-1-300x300.jpg 300w, https:\/\/gazetaregionalna.com\/wp-content\/uploads\/2025\/08\/Orlikowscy-1-150x150.jpg 150w, https:\/\/gazetaregionalna.com\/wp-content\/uploads\/2025\/08\/Orlikowscy-1-768x768.jpg 768w, https:\/\/gazetaregionalna.com\/wp-content\/uploads\/2025\/08\/Orlikowscy-1-215x215.jpg 215w, https:\/\/gazetaregionalna.com\/wp-content\/uploads\/2025\/08\/Orlikowscy-1.jpg 1080w\" data-sizes=\"(max-width: 1024px) 100vw, 1024px\" src=\"data:image\/svg+xml;base64,PHN2ZyB3aWR0aD0iMSIgaGVpZ2h0PSIxIiB4bWxucz0iaHR0cDovL3d3dy53My5vcmcvMjAwMC9zdmciPjwvc3ZnPg==\" style=\"--smush-placeholder-width: 1024px; --smush-placeholder-aspect-ratio: 1024\/1024;\" \/><\/figure>\n\n\n\n<figure class=\"wp-block-image size-large\"><img decoding=\"async\" width=\"1024\" height=\"683\" data-src=\"https:\/\/gazetaregionalna.com\/wp-content\/uploads\/2025\/01\/Rakow-Wegry-27-1024x683.jpg\" alt=\"\" class=\"wp-image-132796 lazyload\" data-srcset=\"https:\/\/gazetaregionalna.com\/wp-content\/uploads\/2025\/01\/Rakow-Wegry-27-1024x683.jpg 1024w, https:\/\/gazetaregionalna.com\/wp-content\/uploads\/2025\/01\/Rakow-Wegry-27-300x200.jpg 300w, https:\/\/gazetaregionalna.com\/wp-content\/uploads\/2025\/01\/Rakow-Wegry-27-768x512.jpg 768w, https:\/\/gazetaregionalna.com\/wp-content\/uploads\/2025\/01\/Rakow-Wegry-27.jpg 1200w\" data-sizes=\"(max-width: 1024px) 100vw, 1024px\" src=\"data:image\/svg+xml;base64,PHN2ZyB3aWR0aD0iMSIgaGVpZ2h0PSIxIiB4bWxucz0iaHR0cDovL3d3dy53My5vcmcvMjAwMC9zdmciPjwvc3ZnPg==\" style=\"--smush-placeholder-width: 1024px; --smush-placeholder-aspect-ratio: 1024\/683;\" \/><\/figure>\n\n\n\n<figure class=\"wp-block-image size-large\"><img decoding=\"async\" width=\"1024\" height=\"1024\" data-src=\"https:\/\/gazetaregionalna.com\/wp-content\/uploads\/2025\/10\/Hermetik-1024x1024.jpg\" alt=\"\" class=\"wp-image-141937 lazyload\" data-srcset=\"https:\/\/gazetaregionalna.com\/wp-content\/uploads\/2025\/10\/Hermetik-1024x1024.jpg 1024w, https:\/\/gazetaregionalna.com\/wp-content\/uploads\/2025\/10\/Hermetik-300x300.jpg 300w, https:\/\/gazetaregionalna.com\/wp-content\/uploads\/2025\/10\/Hermetik-150x150.jpg 150w, https:\/\/gazetaregionalna.com\/wp-content\/uploads\/2025\/10\/Hermetik-768x768.jpg 768w, https:\/\/gazetaregionalna.com\/wp-content\/uploads\/2025\/10\/Hermetik-215x215.jpg 215w, https:\/\/gazetaregionalna.com\/wp-content\/uploads\/2025\/10\/Hermetik.jpg 1080w\" data-sizes=\"(max-width: 1024px) 100vw, 1024px\" src=\"data:image\/svg+xml;base64,PHN2ZyB3aWR0aD0iMSIgaGVpZ2h0PSIxIiB4bWxucz0iaHR0cDovL3d3dy53My5vcmcvMjAwMC9zdmciPjwvc3ZnPg==\" style=\"--smush-placeholder-width: 1024px; --smush-placeholder-aspect-ratio: 1024\/1024;\" \/><\/figure>\n\n\n\n<figure class=\"wp-block-image size-large\"><img decoding=\"async\" width=\"1024\" height=\"683\" data-src=\"https:\/\/gazetaregionalna.com\/wp-content\/uploads\/2025\/01\/Rakow-Wegry-1-1024x683.jpg\" alt=\"\" class=\"wp-image-132794 lazyload\" data-srcset=\"https:\/\/gazetaregionalna.com\/wp-content\/uploads\/2025\/01\/Rakow-Wegry-1-1024x683.jpg 1024w, https:\/\/gazetaregionalna.com\/wp-content\/uploads\/2025\/01\/Rakow-Wegry-1-300x200.jpg 300w, https:\/\/gazetaregionalna.com\/wp-content\/uploads\/2025\/01\/Rakow-Wegry-1-768x512.jpg 768w, https:\/\/gazetaregionalna.com\/wp-content\/uploads\/2025\/01\/Rakow-Wegry-1.jpg 1200w\" data-sizes=\"(max-width: 1024px) 100vw, 1024px\" src=\"data:image\/svg+xml;base64,PHN2ZyB3aWR0aD0iMSIgaGVpZ2h0PSIxIiB4bWxucz0iaHR0cDovL3d3dy53My5vcmcvMjAwMC9zdmciPjwvc3ZnPg==\" style=\"--smush-placeholder-width: 1024px; --smush-placeholder-aspect-ratio: 1024\/683;\" \/><\/figure>\n\n\n\n<figure class=\"wp-block-image size-full\"><img decoding=\"async\" width=\"715\" height=\"715\" data-src=\"https:\/\/gazetaregionalna.com\/wp-content\/uploads\/2025\/10\/Invictel.jpg\" alt=\"\" class=\"wp-image-141997 lazyload\" data-srcset=\"https:\/\/gazetaregionalna.com\/wp-content\/uploads\/2025\/10\/Invictel.jpg 715w, https:\/\/gazetaregionalna.com\/wp-content\/uploads\/2025\/10\/Invictel-300x300.jpg 300w, https:\/\/gazetaregionalna.com\/wp-content\/uploads\/2025\/10\/Invictel-150x150.jpg 150w, https:\/\/gazetaregionalna.com\/wp-content\/uploads\/2025\/10\/Invictel-215x215.jpg 215w\" data-sizes=\"(max-width: 715px) 100vw, 715px\" src=\"data:image\/svg+xml;base64,PHN2ZyB3aWR0aD0iMSIgaGVpZ2h0PSIxIiB4bWxucz0iaHR0cDovL3d3dy53My5vcmcvMjAwMC9zdmciPjwvc3ZnPg==\" style=\"--smush-placeholder-width: 715px; --smush-placeholder-aspect-ratio: 715\/715;\" \/><\/figure>\n\n\n\n<figure class=\"wp-block-image size-large\"><img decoding=\"async\" width=\"1024\" height=\"683\" data-src=\"https:\/\/gazetaregionalna.com\/wp-content\/uploads\/2025\/01\/Rakow-Wegry-67-1024x683.jpg\" alt=\"\" class=\"wp-image-132800 lazyload\" data-srcset=\"https:\/\/gazetaregionalna.com\/wp-content\/uploads\/2025\/01\/Rakow-Wegry-67-1024x683.jpg 1024w, https:\/\/gazetaregionalna.com\/wp-content\/uploads\/2025\/01\/Rakow-Wegry-67-300x200.jpg 300w, https:\/\/gazetaregionalna.com\/wp-content\/uploads\/2025\/01\/Rakow-Wegry-67-768x512.jpg 768w, https:\/\/gazetaregionalna.com\/wp-content\/uploads\/2025\/01\/Rakow-Wegry-67.jpg 1200w\" data-sizes=\"(max-width: 1024px) 100vw, 1024px\" src=\"data:image\/svg+xml;base64,PHN2ZyB3aWR0aD0iMSIgaGVpZ2h0PSIxIiB4bWxucz0iaHR0cDovL3d3dy53My5vcmcvMjAwMC9zdmciPjwvc3ZnPg==\" style=\"--smush-placeholder-width: 1024px; --smush-placeholder-aspect-ratio: 1024\/683;\" \/><\/figure>\n","protected":false},"excerpt":{"rendered":"<p>Pi\u0142karze Rakowa Cz\u0119stochowa zimowe zgrupowanie sp\u0119dz\u0105 w tureckim Belek. Rozegraj\u0105 tam pi\u0119\u0107 mecz\u00f3w kontrolnych. Pi\u0142karze Rakowa Cz\u0119stochowa w Turcji na zgrupowaniu byli ju\u017c kilka<\/p>\n","protected":false},"author":15,"featured_media":132868,"comment_status":"closed","ping_status":"open","sticky":false,"template":"","format":"standard","meta":{"_monsterinsights_skip_tracking":false,"_monsterinsights_sitenote_active":false,"_monsterinsights_sitenote_note":"","_monsterinsights_sitenote_category":0,"_uf_show_specific_survey":0,"_uf_disable_surveys":false,"footnotes":""},"categories":[94,6,5],"tags":[],"class_list":["post-143362","post","type-post","status-publish","format-standard","has-post-thumbnail","hentry","category-polecane","category-pilka-nozna","category-sport"],"_links":{"self":[{"href":"https:\/\/gazetaregionalna.com\/index.php?rest_route=\/wp\/v2\/posts\/143362","targetHints":{"allow":["GET"]}}],"collection":[{"href":"https:\/\/gazetaregionalna.com\/index.php?rest_route=\/wp\/v2\/posts"}],"about":[{"href":"https:\/\/gazetaregionalna.com\/index.php?rest_route=\/wp\/v2\/types\/post"}],"author":[{"embeddable":true,"href":"https:\/\/gazetaregionalna.com\/index.php?rest_route=\/wp\/v2\/users\/15"}],"replies":[{"embeddable":true,"href":"https:\/\/gazetaregionalna.com\/index.php?rest_route=%2Fwp%2Fv2%2Fcomments&post=143362"}],"version-history":[{"count":1,"href":"https:\/\/gazetaregionalna.com\/index.php?rest_route=\/wp\/v2\/posts\/143362\/revisions"}],"predecessor-version":[{"id":143363,"href":"https:\/\/gazetaregionalna.com\/index.php?rest_route=\/wp\/v2\/posts\/143362\/revisions\/143363"}],"wp:featuredmedia":[{"embeddable":true,"href":"https:\/\/gazetaregionalna.com\/index.php?rest_route=\/wp\/v2\/media\/132868"}],"wp:attachment":[{"href":"https:\/\/gazetaregionalna.com\/index.php?rest_route=%2Fwp%2Fv2%2Fmedia&parent=143362"}],"wp:term":[{"taxonomy":"category","embeddable":true,"href":"https:\/\/gazetaregionalna.com\/index.php?rest_route=%2Fwp%2Fv2%2Fcategories&post=143362"},{"taxonomy":"post_tag","embeddable":true,"href":"https:\/\/gazetaregionalna.com\/index.php?rest_route=%2Fwp%2Fv2%2Ftags&post=143362"}],"curies":[{"name":"wp","href":"https:\/\/api.w.org\/{rel}","templated":true}]}}