{"id":143358,"date":"2025-11-03T18:19:58","date_gmt":"2025-11-03T18:19:58","guid":{"rendered":"https:\/\/gazetaregionalna.com\/?p=143358"},"modified":"2025-11-04T06:31:40","modified_gmt":"2025-11-04T06:31:40","slug":"po-wygranych-z-cracovia-i-jagiellonia-z-optymizmem-mozna-jechac-do-pragi","status":"publish","type":"post","link":"https:\/\/gazetaregionalna.com\/?p=143358","title":{"rendered":"Po wygranych z Cracovi\u0105 i Jagielloni\u0105 z optymizmem mo\u017cna jecha\u0107 do Pragi\u2026"},"content":{"rendered":"\n<p>Pi\u0142karze Rakowa Cz\u0119stochowa ponownie \u201ewskoczyli\u201d na wysokie obroty. Zawodnicy trenera Marka Papszuna w ci\u0105gu pi\u0119ciu dni pokonali dwie czo\u0142owe dru\u017cyny PKO BP Ekstraklasy.<\/p>\n\n\n\n<p>Rak\u00f3w Cz\u0119stochowa wygra\u0142 w niedziel\u0119 bardzo wa\u017cny ligowy mecz w Bia\u0142ymstoku. Cz\u0119stochowianie pokonali wicelidera tabeli Jagielloni\u0105 i zdobyli bardzo wa\u017cne 3 punkty. Dzi\u0119ki temu czerwono-niebiescy awansowali na 7. miejsce w tabeli i systematycznie pn\u0105 si\u0119 w g\u00f3r\u0119\u2026<\/p>\n\n\n\n<p>Dru\u017cyna trenera Marka Papszuna ma za sob\u0105 trzy zwyci\u0119stwa z rz\u0119du. 26 pa\u017adziernika ,,Medaliki\u201d wygrali z Lechi\u0105 Gda\u0144sk graj\u0105c przez wi\u0119kszo\u015b\u0107 meczu w os\u0142abieniu. 29 pa\u017adziernika Rak\u00f3w wyeliminowa\u0142 z Pucharu Polski Cracovi\u0105 Krak\u00f3w, a Cracovia to czwarta dru\u017cyna PKO BP Ekstraklasy. Je\u015bli patrz\u0105c na tabel\u0119 to Rak\u00f3w w ci\u0105gu pi\u0119ciu dni wygra\u0142 z dwoma czo\u0142owymi zespo\u0142ami tabeli\u2026<\/p>\n\n\n\n<p>Dzi\u0119ki wygranym ponownie poprawi\u0142y si\u0119 nastroje w dru\u017cynie. I teraz Rak\u00f3w z optymizmem b\u0119dzie m\u00f3g\u0142 jecha\u0107 do czeskiej Pragi na mecz Ligi Konferencji UEFA ze Spart\u0105. W czwartek \u0142atwo jednak nie b\u0119dzie. Sparta przez d\u0142u\u017cszy czas by\u0142a liderem w czeskiej ekstraklasie. Niedzielna pora\u017cka w Karvinie kosztowa\u0142a j\u0105 jednak spadkiem na 2. miejsce. Liderem zosta\u0142a Slavia Praga. Obydwie dru\u017cyny maj\u0105 po 30 punkt\u00f3w.<\/p>\n\n\n\n<p>Rak\u00f3w do ko\u0144ca 2025 roku rozegra jeszcze 10 oficjalnych mecz\u00f3w. 5 w PKO BP Ekstraklasie, 1 w STS Pucharze Polski i 4 w europejskich pucharach. We wtorek, 4 listopada odb\u0119dzie si\u0119 losowanie 1\/8 Pucharu Polski i Rak\u00f3w pozna swojego rywala, z kt\u00f3rym zmierzy si\u0119 na pocz\u0105tku grudnia. W PKO BP Ekstraklasie czerwono-niebiescy zagraj\u0105 kolejno w Kielcach z Koron\u0105, u siebie z Piastem Gliwice, w Gdyni z Ark\u0105, u siebie z GKS-em Katowice i w zaleg\u0142ym spotkaniu u siebie z Zag\u0142\u0119biem Lubin.<\/p>\n\n\n\n<p>W Lidze Konferencji UEFA Rak\u00f3w ma jeszcze do rozegrania 4 spotkania. W najbli\u017cszy czwartek w Pradze ze Spart\u0105, a tak\u017ce u siebie z Rapidem Wiede\u0144 i \u0179ri\u0144skim Mostar oraz 18 grudnia na koniec fazy ligowej w Nikozji i Omoni\u0105.<\/p>\n\n\n\n<p>Dzi\u0119si\u0119\u0107 oficjalnych spotka\u0144 i ka\u017cde bardzo wa\u017cne. Rak\u00f3w gra coraz lepiej, ale powi\u0119ksza si\u0119 te\u017c grono kontuzjowanych zawodnik\u00f3w. W meczu w Bia\u0142ymstoku kontuzji barku dozna\u0142 Jean Carlos. Kibice czekaj\u0105 na oficjalne informacje dotycz\u0105ce jego stanu zdrowia.<\/p>\n\n\n\n<p>MR-K, AK, fot: AK<\/p>\n\n\n\n<p>Partnerami relacji sportowych s\u0105:<\/p>\n\n\n\n<p>DMK Invest materia\u0142y budowlane Konopiska <\/p>\n\n\n\n<p>Orlikowscy. Pokrycia dachowe i rynny <\/p>\n\n\n\n<p>Hermetik System &#8211; Centrum Hydroizolacji <\/p>\n\n\n\n<p>Invictel <\/p>\n\n\n\n<figure class=\"wp-block-image size-large\"><img decoding=\"async\" width=\"1024\" height=\"1024\" data-src=\"https:\/\/gazetaregionalna.com\/wp-content\/uploads\/2025\/10\/DMK-12.10.25-1-1024x1024.jpg\" alt=\"\" class=\"wp-image-142120 lazyload\" data-srcset=\"https:\/\/gazetaregionalna.com\/wp-content\/uploads\/2025\/10\/DMK-12.10.25-1-1024x1024.jpg 1024w, https:\/\/gazetaregionalna.com\/wp-content\/uploads\/2025\/10\/DMK-12.10.25-1-300x300.jpg 300w, https:\/\/gazetaregionalna.com\/wp-content\/uploads\/2025\/10\/DMK-12.10.25-1-150x150.jpg 150w, https:\/\/gazetaregionalna.com\/wp-content\/uploads\/2025\/10\/DMK-12.10.25-1-768x768.jpg 768w, https:\/\/gazetaregionalna.com\/wp-content\/uploads\/2025\/10\/DMK-12.10.25-1-215x215.jpg 215w, https:\/\/gazetaregionalna.com\/wp-content\/uploads\/2025\/10\/DMK-12.10.25-1.jpg 1200w\" data-sizes=\"(max-width: 1024px) 100vw, 1024px\" src=\"data:image\/svg+xml;base64,PHN2ZyB3aWR0aD0iMSIgaGVpZ2h0PSIxIiB4bWxucz0iaHR0cDovL3d3dy53My5vcmcvMjAwMC9zdmciPjwvc3ZnPg==\" style=\"--smush-placeholder-width: 1024px; --smush-placeholder-aspect-ratio: 1024\/1024;\" \/><\/figure>\n\n\n\n<figure class=\"wp-block-image size-large\"><img decoding=\"async\" width=\"1024\" height=\"684\" data-src=\"https:\/\/gazetaregionalna.com\/wp-content\/uploads\/2025\/10\/Rakow-Lechia-2-1024x684.jpg\" alt=\"\" class=\"wp-image-142760 lazyload\" data-srcset=\"https:\/\/gazetaregionalna.com\/wp-content\/uploads\/2025\/10\/Rakow-Lechia-2-1024x684.jpg 1024w, https:\/\/gazetaregionalna.com\/wp-content\/uploads\/2025\/10\/Rakow-Lechia-2-300x200.jpg 300w, https:\/\/gazetaregionalna.com\/wp-content\/uploads\/2025\/10\/Rakow-Lechia-2-768x513.jpg 768w, https:\/\/gazetaregionalna.com\/wp-content\/uploads\/2025\/10\/Rakow-Lechia-2.jpg 1200w\" data-sizes=\"(max-width: 1024px) 100vw, 1024px\" src=\"data:image\/svg+xml;base64,PHN2ZyB3aWR0aD0iMSIgaGVpZ2h0PSIxIiB4bWxucz0iaHR0cDovL3d3dy53My5vcmcvMjAwMC9zdmciPjwvc3ZnPg==\" style=\"--smush-placeholder-width: 1024px; --smush-placeholder-aspect-ratio: 1024\/684;\" \/><\/figure>\n\n\n\n<figure class=\"wp-block-image size-large\"><img decoding=\"async\" width=\"1024\" height=\"1024\" data-src=\"https:\/\/gazetaregionalna.com\/wp-content\/uploads\/2025\/10\/Hermetik-1024x1024.jpg\" alt=\"\" class=\"wp-image-141937 lazyload\" data-srcset=\"https:\/\/gazetaregionalna.com\/wp-content\/uploads\/2025\/10\/Hermetik-1024x1024.jpg 1024w, https:\/\/gazetaregionalna.com\/wp-content\/uploads\/2025\/10\/Hermetik-300x300.jpg 300w, https:\/\/gazetaregionalna.com\/wp-content\/uploads\/2025\/10\/Hermetik-150x150.jpg 150w, https:\/\/gazetaregionalna.com\/wp-content\/uploads\/2025\/10\/Hermetik-768x768.jpg 768w, https:\/\/gazetaregionalna.com\/wp-content\/uploads\/2025\/10\/Hermetik-215x215.jpg 215w, https:\/\/gazetaregionalna.com\/wp-content\/uploads\/2025\/10\/Hermetik.jpg 1080w\" data-sizes=\"(max-width: 1024px) 100vw, 1024px\" src=\"data:image\/svg+xml;base64,PHN2ZyB3aWR0aD0iMSIgaGVpZ2h0PSIxIiB4bWxucz0iaHR0cDovL3d3dy53My5vcmcvMjAwMC9zdmciPjwvc3ZnPg==\" style=\"--smush-placeholder-width: 1024px; --smush-placeholder-aspect-ratio: 1024\/1024;\" \/><\/figure>\n\n\n\n<figure class=\"wp-block-image size-large\"><img decoding=\"async\" width=\"1024\" height=\"685\" data-src=\"https:\/\/gazetaregionalna.com\/wp-content\/uploads\/2025\/10\/Rakow-Lechia-7-1024x685.jpg\" alt=\"\" class=\"wp-image-142870 lazyload\" data-srcset=\"https:\/\/gazetaregionalna.com\/wp-content\/uploads\/2025\/10\/Rakow-Lechia-7-1024x685.jpg 1024w, https:\/\/gazetaregionalna.com\/wp-content\/uploads\/2025\/10\/Rakow-Lechia-7-300x201.jpg 300w, https:\/\/gazetaregionalna.com\/wp-content\/uploads\/2025\/10\/Rakow-Lechia-7-768x514.jpg 768w, https:\/\/gazetaregionalna.com\/wp-content\/uploads\/2025\/10\/Rakow-Lechia-7.jpg 1200w\" data-sizes=\"(max-width: 1024px) 100vw, 1024px\" src=\"data:image\/svg+xml;base64,PHN2ZyB3aWR0aD0iMSIgaGVpZ2h0PSIxIiB4bWxucz0iaHR0cDovL3d3dy53My5vcmcvMjAwMC9zdmciPjwvc3ZnPg==\" style=\"--smush-placeholder-width: 1024px; --smush-placeholder-aspect-ratio: 1024\/685;\" \/><\/figure>\n\n\n\n<figure class=\"wp-block-image size-large\"><img decoding=\"async\" width=\"1024\" height=\"1024\" data-src=\"https:\/\/gazetaregionalna.com\/wp-content\/uploads\/2025\/08\/Orlikowscy-1-1024x1024.jpg\" alt=\"\" class=\"wp-image-140849 lazyload\" data-srcset=\"https:\/\/gazetaregionalna.com\/wp-content\/uploads\/2025\/08\/Orlikowscy-1-1024x1024.jpg 1024w, https:\/\/gazetaregionalna.com\/wp-content\/uploads\/2025\/08\/Orlikowscy-1-300x300.jpg 300w, https:\/\/gazetaregionalna.com\/wp-content\/uploads\/2025\/08\/Orlikowscy-1-150x150.jpg 150w, https:\/\/gazetaregionalna.com\/wp-content\/uploads\/2025\/08\/Orlikowscy-1-768x768.jpg 768w, https:\/\/gazetaregionalna.com\/wp-content\/uploads\/2025\/08\/Orlikowscy-1-215x215.jpg 215w, https:\/\/gazetaregionalna.com\/wp-content\/uploads\/2025\/08\/Orlikowscy-1.jpg 1080w\" data-sizes=\"(max-width: 1024px) 100vw, 1024px\" src=\"data:image\/svg+xml;base64,PHN2ZyB3aWR0aD0iMSIgaGVpZ2h0PSIxIiB4bWxucz0iaHR0cDovL3d3dy53My5vcmcvMjAwMC9zdmciPjwvc3ZnPg==\" style=\"--smush-placeholder-width: 1024px; --smush-placeholder-aspect-ratio: 1024\/1024;\" \/><\/figure>\n\n\n\n<figure class=\"wp-block-image size-full\"><img decoding=\"async\" width=\"715\" height=\"715\" data-src=\"https:\/\/gazetaregionalna.com\/wp-content\/uploads\/2025\/10\/Invictel.jpg\" alt=\"\" class=\"wp-image-141997 lazyload\" data-srcset=\"https:\/\/gazetaregionalna.com\/wp-content\/uploads\/2025\/10\/Invictel.jpg 715w, https:\/\/gazetaregionalna.com\/wp-content\/uploads\/2025\/10\/Invictel-300x300.jpg 300w, https:\/\/gazetaregionalna.com\/wp-content\/uploads\/2025\/10\/Invictel-150x150.jpg 150w, https:\/\/gazetaregionalna.com\/wp-content\/uploads\/2025\/10\/Invictel-215x215.jpg 215w\" data-sizes=\"(max-width: 715px) 100vw, 715px\" src=\"data:image\/svg+xml;base64,PHN2ZyB3aWR0aD0iMSIgaGVpZ2h0PSIxIiB4bWxucz0iaHR0cDovL3d3dy53My5vcmcvMjAwMC9zdmciPjwvc3ZnPg==\" style=\"--smush-placeholder-width: 715px; --smush-placeholder-aspect-ratio: 715\/715;\" \/><\/figure>\n","protected":false},"excerpt":{"rendered":"<p>Pi\u0142karze Rakowa Cz\u0119stochowa ponownie \u201ewskoczyli\u201d na wysokie obroty. Zawodnicy trenera Marka Papszuna w ci\u0105gu pi\u0119ciu dni pokonali dwie czo\u0142owe dru\u017cyny PKO BP Ekstraklasy. Rak\u00f3w<\/p>\n","protected":false},"author":15,"featured_media":142756,"comment_status":"closed","ping_status":"open","sticky":false,"template":"","format":"standard","meta":{"_monsterinsights_skip_tracking":false,"_monsterinsights_sitenote_active":false,"_monsterinsights_sitenote_note":"","_monsterinsights_sitenote_category":0,"_uf_show_specific_survey":0,"_uf_disable_surveys":false,"footnotes":""},"categories":[94,6,5],"tags":[],"class_list":["post-143358","post","type-post","status-publish","format-standard","has-post-thumbnail","hentry","category-polecane","category-pilka-nozna","category-sport"],"_links":{"self":[{"href":"https:\/\/gazetaregionalna.com\/index.php?rest_route=\/wp\/v2\/posts\/143358","targetHints":{"allow":["GET"]}}],"collection":[{"href":"https:\/\/gazetaregionalna.com\/index.php?rest_route=\/wp\/v2\/posts"}],"about":[{"href":"https:\/\/gazetaregionalna.com\/index.php?rest_route=\/wp\/v2\/types\/post"}],"author":[{"embeddable":true,"href":"https:\/\/gazetaregionalna.com\/index.php?rest_route=\/wp\/v2\/users\/15"}],"replies":[{"embeddable":true,"href":"https:\/\/gazetaregionalna.com\/index.php?rest_route=%2Fwp%2Fv2%2Fcomments&post=143358"}],"version-history":[{"count":1,"href":"https:\/\/gazetaregionalna.com\/index.php?rest_route=\/wp\/v2\/posts\/143358\/revisions"}],"predecessor-version":[{"id":143359,"href":"https:\/\/gazetaregionalna.com\/index.php?rest_route=\/wp\/v2\/posts\/143358\/revisions\/143359"}],"wp:featuredmedia":[{"embeddable":true,"href":"https:\/\/gazetaregionalna.com\/index.php?rest_route=\/wp\/v2\/media\/142756"}],"wp:attachment":[{"href":"https:\/\/gazetaregionalna.com\/index.php?rest_route=%2Fwp%2Fv2%2Fmedia&parent=143358"}],"wp:term":[{"taxonomy":"category","embeddable":true,"href":"https:\/\/gazetaregionalna.com\/index.php?rest_route=%2Fwp%2Fv2%2Fcategories&post=143358"},{"taxonomy":"post_tag","embeddable":true,"href":"https:\/\/gazetaregionalna.com\/index.php?rest_route=%2Fwp%2Fv2%2Ftags&post=143358"}],"curies":[{"name":"wp","href":"https:\/\/api.w.org\/{rel}","templated":true}]}}