{"id":143260,"date":"2025-11-03T08:58:26","date_gmt":"2025-11-03T08:58:26","guid":{"rendered":"https:\/\/gazetaregionalna.com\/?p=143260"},"modified":"2025-11-03T08:58:27","modified_gmt":"2025-11-03T08:58:27","slug":"10-listopada-urzad-miasta-nieczynny-info-na-www-czestochowa-pl","status":"publish","type":"post","link":"https:\/\/gazetaregionalna.com\/?p=143260","title":{"rendered":"10 LISTOPADA URZ\u0104D MIASTA NIECZYNNY-info na www.czestochowa.pl"},"content":{"rendered":"\n<p><strong>10 listopada br. (poniedzia\u0142ek) b\u0119dzie dla pracownik\u00f3w Urz\u0119du dniem wolnym od pracy w zamian za \u015bwi\u0119to przypadaj\u0105ce w sobot\u0119 1 listopada.<\/strong><\/p>\n\n\n\n<p>Ten dzie\u0144 b\u0119dzie wolny od pracy, poniewa\u017c Wszystkich \u015awi\u0119tych wypada w innym dniu ni\u017c niedziela. Zgodnie z Kodeksem Pracy przys\u0142uguje za to dzie\u0144 wolny, kt\u00f3ry powinien by\u0107 przyznany w tym samym miesi\u0105cu.<\/p>\n\n\n\n<p>Przepraszamy za niedogodno\u015b\u0107 z tym zwi\u0105zan\u0105.<br>Prosimy o zaplanowanie i rezerwowanie wizyt w Urz\u0119dzie Miasta w innych terminach.<\/p>\n\n\n\n<figure class=\"wp-block-image size-full\"><img decoding=\"async\" width=\"658\" height=\"345\" data-src=\"https:\/\/gazetaregionalna.com\/wp-content\/uploads\/2025\/11\/85664-1.jpg\" alt=\"\" class=\"wp-image-143262 lazyload\" data-srcset=\"https:\/\/gazetaregionalna.com\/wp-content\/uploads\/2025\/11\/85664-1.jpg 658w, https:\/\/gazetaregionalna.com\/wp-content\/uploads\/2025\/11\/85664-1-300x157.jpg 300w\" data-sizes=\"(max-width: 658px) 100vw, 658px\" src=\"data:image\/svg+xml;base64,PHN2ZyB3aWR0aD0iMSIgaGVpZ2h0PSIxIiB4bWxucz0iaHR0cDovL3d3dy53My5vcmcvMjAwMC9zdmciPjwvc3ZnPg==\" style=\"--smush-placeholder-width: 658px; --smush-placeholder-aspect-ratio: 658\/345;\" \/><\/figure>\n","protected":false},"excerpt":{"rendered":"<p>10 listopada br. (poniedzia\u0142ek) b\u0119dzie dla pracownik\u00f3w Urz\u0119du dniem wolnym od pracy w zamian za \u015bwi\u0119to przypadaj\u0105ce w sobot\u0119 1 listopada. Ten dzie\u0144 b\u0119dzie<\/p>\n","protected":false},"author":35,"featured_media":143261,"comment_status":"closed","ping_status":"open","sticky":false,"template":"","format":"standard","meta":{"_monsterinsights_skip_tracking":false,"_monsterinsights_sitenote_active":false,"_monsterinsights_sitenote_note":"","_monsterinsights_sitenote_category":0,"_uf_show_specific_survey":0,"_uf_disable_surveys":false,"footnotes":""},"categories":[8526,3,2],"tags":[10108],"class_list":["post-143260","post","type-post","status-publish","format-standard","has-post-thumbnail","hentry","category-komunikacja","category-czestochowa-informacje","category-wiadomosci","tag-gazeta-regionalna-com"],"_links":{"self":[{"href":"https:\/\/gazetaregionalna.com\/index.php?rest_route=\/wp\/v2\/posts\/143260","targetHints":{"allow":["GET"]}}],"collection":[{"href":"https:\/\/gazetaregionalna.com\/index.php?rest_route=\/wp\/v2\/posts"}],"about":[{"href":"https:\/\/gazetaregionalna.com\/index.php?rest_route=\/wp\/v2\/types\/post"}],"author":[{"embeddable":true,"href":"https:\/\/gazetaregionalna.com\/index.php?rest_route=\/wp\/v2\/users\/35"}],"replies":[{"embeddable":true,"href":"https:\/\/gazetaregionalna.com\/index.php?rest_route=%2Fwp%2Fv2%2Fcomments&post=143260"}],"version-history":[{"count":1,"href":"https:\/\/gazetaregionalna.com\/index.php?rest_route=\/wp\/v2\/posts\/143260\/revisions"}],"predecessor-version":[{"id":143263,"href":"https:\/\/gazetaregionalna.com\/index.php?rest_route=\/wp\/v2\/posts\/143260\/revisions\/143263"}],"wp:featuredmedia":[{"embeddable":true,"href":"https:\/\/gazetaregionalna.com\/index.php?rest_route=\/wp\/v2\/media\/143261"}],"wp:attachment":[{"href":"https:\/\/gazetaregionalna.com\/index.php?rest_route=%2Fwp%2Fv2%2Fmedia&parent=143260"}],"wp:term":[{"taxonomy":"category","embeddable":true,"href":"https:\/\/gazetaregionalna.com\/index.php?rest_route=%2Fwp%2Fv2%2Fcategories&post=143260"},{"taxonomy":"post_tag","embeddable":true,"href":"https:\/\/gazetaregionalna.com\/index.php?rest_route=%2Fwp%2Fv2%2Ftags&post=143260"}],"curies":[{"name":"wp","href":"https:\/\/api.w.org\/{rel}","templated":true}]}}