{"id":143254,"date":"2025-11-03T07:55:36","date_gmt":"2025-11-03T07:55:36","guid":{"rendered":"https:\/\/gazetaregionalna.com\/?p=143254"},"modified":"2025-11-03T07:55:37","modified_gmt":"2025-11-03T07:55:37","slug":"czestochowska-straz-miejska-po-swiatecznym-weekendzie-bez-powazniejszych-incydentow","status":"publish","type":"post","link":"https:\/\/gazetaregionalna.com\/?p=143254","title":{"rendered":"Cz\u0119stochowska Stra\u017c Miejska po \u015bwi\u0105tecznym weekendzie: bez powa\u017cniejszych incydent\u00f3w"},"content":{"rendered":"\n<p>Podczas minionego weekendu zwi\u0105zanego z dniem ,,Wszystkich \u015awi\u0119tych\u201d dy\u017curni cz\u0119stochowskiej Stra\u017cy Miejskiej przyj\u0119li od mieszkanek i mieszka\u0144c\u00f3w miasta 117 telefonicznych zg\u0142osze\u0144 z pro\u015bb\u0105 o interwencj\u0119. Wzmo\u017cone patrole Stra\u017cy Miejskiej spotka\u0107 te\u017c mo\u017cna by\u0142o w okolicach cz\u0119stochowskich cmentarzy.<\/p>\n\n\n\n<p>Najwi\u0119cej zg\u0142osze\u0144 dotyczy\u0142o wykrocze\u0144 drogowych. By\u0142y to 33 przypadki. Na drugim miejscu znalaz\u0142y si\u0119 zg\u0142oszenia zwi\u0105zane z zak\u0142\u00f3caniem spokoju i porz\u0105dku publicznego oraz spo\u017cywaniem alkoholu w miejscach publicznych. By\u0142y to 32 zg\u0142oszenia.<\/p>\n\n\n\n<p>W trakcie minionego weekendu pracownicy Stra\u017cy Miejskiej z referatu ds. monitoringu wizyjnego przeprowadzili 51 obserwacji z czego do dy\u017curnego cz\u0119stochowskiej Stra\u017cy Miejskiej przekazali 14 interwencji do realizacji.<\/p>\n\n\n\n<p>Opr\u00f3cz interwencji zg\u0142oszonych przez mieszka\u0144c\u00f3w miasta cz\u0119stochowscy stra\u017cnicy miejscy podejmowali te\u017c w\u0142asne dzia\u0142ania podczas s\u0142u\u017cby patrolowej.<\/p>\n\n\n\n<p>W miniony weekend stra\u017cnicy miejscy przeprowadzili wzmo\u017cone dzia\u0142ania w okolicach cz\u0119stochowskich nekropolii i sprawdzali czy nie dochodzi do kradzie\u017cy wi\u0105zane i zniczy oraz pope\u0142niania innych wykrocze\u0144.<\/p>\n\n\n\n<p>W pi\u0105tek, 31 pa\u017adziernika 2025 roku delegacja cz\u0119stochowskiej Stra\u017cy Miejskiej odwiedzi\u0142a groby zmar\u0142ych koleg\u00f3w z pracy, a tak\u017ce gr\u00f3b bohatera powstania styczniowego porucznika J\u00f3zefa Hunkiewicza, kt\u00f3ry zosta\u0142 po dewastacji w 2017 roku odnowiony przez cz\u0119stochowskich stra\u017cnik\u00f3w miejskich. Stra\u017cnicy miejscy stale opiekuj\u0105 si\u0119 tym grobem.<\/p>\n\n\n\n<p>\u0179r\u00f3d\u0142o: www.sm.czestochowa.pl<\/p>\n","protected":false},"excerpt":{"rendered":"<p>Podczas minionego weekendu zwi\u0105zanego z dniem ,,Wszystkich \u015awi\u0119tych\u201d dy\u017curni cz\u0119stochowskiej Stra\u017cy Miejskiej przyj\u0119li od mieszkanek i mieszka\u0144c\u00f3w miasta 117 telefonicznych zg\u0142osze\u0144 z pro\u015bb\u0105 o<\/p>\n","protected":false},"author":25,"featured_media":143255,"comment_status":"closed","ping_status":"open","sticky":false,"template":"","format":"standard","meta":{"_monsterinsights_skip_tracking":false,"_monsterinsights_sitenote_active":false,"_monsterinsights_sitenote_note":"","_monsterinsights_sitenote_category":0,"_uf_show_specific_survey":0,"_uf_disable_surveys":false,"footnotes":""},"categories":[94,3,2],"tags":[],"class_list":["post-143254","post","type-post","status-publish","format-standard","has-post-thumbnail","hentry","category-polecane","category-czestochowa-informacje","category-wiadomosci"],"_links":{"self":[{"href":"https:\/\/gazetaregionalna.com\/index.php?rest_route=\/wp\/v2\/posts\/143254","targetHints":{"allow":["GET"]}}],"collection":[{"href":"https:\/\/gazetaregionalna.com\/index.php?rest_route=\/wp\/v2\/posts"}],"about":[{"href":"https:\/\/gazetaregionalna.com\/index.php?rest_route=\/wp\/v2\/types\/post"}],"author":[{"embeddable":true,"href":"https:\/\/gazetaregionalna.com\/index.php?rest_route=\/wp\/v2\/users\/25"}],"replies":[{"embeddable":true,"href":"https:\/\/gazetaregionalna.com\/index.php?rest_route=%2Fwp%2Fv2%2Fcomments&post=143254"}],"version-history":[{"count":1,"href":"https:\/\/gazetaregionalna.com\/index.php?rest_route=\/wp\/v2\/posts\/143254\/revisions"}],"predecessor-version":[{"id":143256,"href":"https:\/\/gazetaregionalna.com\/index.php?rest_route=\/wp\/v2\/posts\/143254\/revisions\/143256"}],"wp:featuredmedia":[{"embeddable":true,"href":"https:\/\/gazetaregionalna.com\/index.php?rest_route=\/wp\/v2\/media\/143255"}],"wp:attachment":[{"href":"https:\/\/gazetaregionalna.com\/index.php?rest_route=%2Fwp%2Fv2%2Fmedia&parent=143254"}],"wp:term":[{"taxonomy":"category","embeddable":true,"href":"https:\/\/gazetaregionalna.com\/index.php?rest_route=%2Fwp%2Fv2%2Fcategories&post=143254"},{"taxonomy":"post_tag","embeddable":true,"href":"https:\/\/gazetaregionalna.com\/index.php?rest_route=%2Fwp%2Fv2%2Ftags&post=143254"}],"curies":[{"name":"wp","href":"https:\/\/api.w.org\/{rel}","templated":true}]}}