{"id":143236,"date":"2025-11-02T12:09:44","date_gmt":"2025-11-02T12:09:44","guid":{"rendered":"https:\/\/gazetaregionalna.com\/?p=143236"},"modified":"2025-11-02T12:09:45","modified_gmt":"2025-11-02T12:09:45","slug":"slubowanie-kadetow-cs-psp-i-otwarcie-supernowoczesnego-branzowego-centrum-umiejetnosci-w-czestochowie","status":"publish","type":"post","link":"https:\/\/gazetaregionalna.com\/?p=143236","title":{"rendered":"\u015alubowanie kadet\u00f3w CS PSP i otwarcie supernowoczesnego Bran\u017cowego Centrum Umiej\u0119tno\u015bci w Cz\u0119stochowie"},"content":{"rendered":"\n<p>\u015alubowanie kadet\u00f3w Dziennego Studium Aspirant\u00f3w Centralnej Szko\u0142y Pa\u0144stwowej Stra\u017cy Po\u017carnej odby\u0142o si\u0119 30 pa\u017adziernika. Przy okazji oficjalnie otwarto supernowoczesne Bran\u017cowe Centrum Umiej\u0119tno\u015bci.\u00a0<\/p>\n\n\n\n<p>\u015alubowanie XXIX turnusu Dziennego Studium Aspirant\u00f3w Centralnej Szko\u0142y Pa\u0144stwowej Stra\u017cy Po\u017carnej poprzedzi\u0142a msza na Jasnej G\u00f3rze. Na terenie Szko\u0142y punktualnie w po\u0142udnie dow\u00f3dca uroczysto\u015bci \u2013 st. bryg. Marek Graba\u0142owski \u2013 z\u0142o\u017cy\u0142 meldunek Komendantowi G\u0142\u00f3wnemu PSP nadbryg. Wojciechowi Kruczkowi. Po meldunku podniesiono flag\u0119 pa\u0144stwow\u0105 na maszt. Na pocz\u0105tku s\u0142owo do zebranych skierowa\u0142 Komendant Centralnej Szko\u0142y PSP st. bryg. Jaros\u0142aw Jankowski. Z zaproszenia na uroczysto\u015b\u0107 skorzystali przedstawiciele cz\u0119stochowskich s\u0142u\u017cb mundurowych \u2013 m.in. komendant miejski PSP st. bryg. Marek Radosz, komendant miejski Policji m\u0142. insp. S\u0142awomir Zagrobelny, komendant Plac\u00f3wki Stra\u017cy Granicznej pp\u0142k Przemys\u0142aw Starczewski czy szef Wojskowego Centrum Rekrutacji pp\u0142k Lucjan Pa\u017adziora.&nbsp;&nbsp;<\/p>\n\n\n\n<p>W\u015br\u00f3d go\u015bci zwracaj\u0105cych si\u0119 do kadet\u00f3w by\u0142 tak\u017ce prezydent Cz\u0119stochowy Krzysztof Matyjaszczyk.<em> \u2013 Wybieracie s\u0142u\u017cb\u0119, do kt\u00f3rej spo\u0142ecze\u0144stwo ma ogromne zaufanie \u2013 i s\u0142usznie, bo na stra\u017cak\u00f3w zawsze mo\u017cna liczy\u0107 \u2013<\/em> m\u00f3wi\u0142 m.in. prezydent. <em>\u2013 Niech czas sp\u0119dzony w Szkole pozwoli Wam zdoby\u0107 wiedz\u0119, umiej\u0119tno\u015bci i postaw\u0119, kt\u00f3re b\u0119d\u0105 Wam towarzyszy\u0107 w wykonywaniu misji stra\u017caka. B\u0105d\u017acie skuteczni, odwa\u017cni i godni zaufania \u2013&nbsp; tak, aby mieszka\u0144cy miejsc, w kt\u00f3rych b\u0119dziecie pe\u0142ni\u0107 s\u0142u\u017cb\u0119, mogli zawsze na Was liczy\u0107.&nbsp;<\/em><\/p>\n\n\n\n<p>Wr\u0119czono srebrne i z\u0142ote odznaki \u201eZas\u0142u\u017cony dla Ochrony Przeciwpo\u017carowej\u201d. Za szczeg\u00f3lne zas\u0142ugi dla o\u015bwiaty i wychowania Minister Edukacji Narodowej przyzna\u0142a funkcjonariuszom Centralnej Szko\u0142y PSP Medale Komisji Edukacji Narodowej. Wr\u0119czone zosta\u0142y tak\u017ce medale okoliczno\u015bciowe z okazji 30-lecia Krajowego Systemu Ratowniczo Ga\u015bniczego.&nbsp;<\/p>\n\n\n\n<p>Jako \u017ce przy okazji uroczysto\u015bci otwarto Bran\u017cowe Centrum Umiej\u0119tno\u015bci w dziedzinie po\u017carnictwa, w podzi\u0119kowaniu za wsparcie, zaanga\u017cowanie i wsp\u00f3\u0142prac\u0119 w tworzeniu Centrum komendant st. bryg. Jaros\u0142aw Jankowski wr\u0119czy\u0142 pami\u0105tkowe statuetki.&nbsp;<\/p>\n\n\n\n<p>Dyrektor Szpitala Ministerstwa Spraw Wewn\u0119trznych i Administracji w Katowicach Karolina Mielczarek przekaza\u0142a na rzecz Centralnej Szko\u0142y Pa\u0144stwowej Stra\u017cy Po\u017carnej pochodz\u0105cy z nadwy\u017cek w\u0142asnych sprz\u0119t medyczny. B\u0119dzie wykorzystywany w procesie szkolenia, podnosz\u0105c jako\u015b\u0107 zaj\u0119\u0107 z zakresu ratownictwa medycznego oraz praktycznych \u0107wicze\u0144 z udzielania pierwszej pomocy.&nbsp;<\/p>\n\n\n\n<p>Do uroczystej przysi\u0119gi \u015blubowania przyst\u0105pi\u0142o tym razem 71 adept\u00f3w po\u017carnictwa \u2013 w tym sze\u015b\u0107 kobiet. Funkcj\u0119 dow\u00f3dcy kompani pe\u0142ni\u0142 m\u0142. bryg. Dawid Kr\u0119ciwilk.<\/p>\n\n\n\n<p>Na fina\u0142 odby\u0142a si\u0119 defilada pododdzia\u0142\u00f3w szkolnych, a ca\u0142e wydarzenie u\u015bwietni\u0142a obecno\u015b\u0107 M\u0142odzie\u017cowej Orkiestry D\u0119tej z Mykanowa z jej kapelmistrzem Krzysztofem Witczakiem.<\/p>\n\n\n\n<p>Otwarte tego samego dnia <strong>Bran\u017cowego Centrum Umiej\u0119tno\u015bci przy Centralnej Szkole Pa\u0144stwowej Stra\u017cy Po\u017carnej<\/strong> sfinansowano z Krajowego Planu Odbudowy. Przedsi\u0119wzi\u0119cie realizowano dzi\u0119ki wsp\u00f3\u0142pracy mi\u0119dzy organem prowadz\u0105cym MSWiA, kt\u00f3r\u0105 reprezentuje Centralna Szko\u0142a PSP (lider projektu) oraz Stowarzyszeniem In\u017cynier\u00f3w i Technik\u00f3w Po\u017carnictwa (podmiotem bran\u017cowym). Wykonano generalny remont istniej\u0105cego budynku dydaktycznego i kupiono specjalistyczne wyposa\u017cenie. W efekcie powsta\u0142 nowoczesny kompleks dydaktyczny obejmuj\u0105cy trzy tematyczne laboratoria. Ka\u017cde wyposa\u017cono w rozwi\u0105zania dydaktyczne dostosowane do danej specyfiki, obejmuj\u0105cej odpowiednio: analiz\u0119 fizykochemiczn\u0105 substancji, bezpiecze\u0144stwo chemiczno-ekologiczne oraz badanie \u015brodk\u00f3w ga\u015bniczych. G\u0142\u00f3wnym celem powstania Centrum by\u0142o doskonalenie systemu edukacji dla lepszego dopasowania do potrzeb nowoczesnej gospodarki, wzrostu innowacyjno\u015bci, zwi\u0119kszania transferu nowych technologii oraz zielonej transformacji. Centrum b\u0119dzie te\u017c s\u0142u\u017cy\u0107 jako przestrze\u0144 wsp\u00f3\u0142pracy szk\u00f3\u0142, uczelni, pracodawc\u00f3w, o\u015brodk\u00f3w badawczo-rozwojowych, innych instytucji otoczenia gospodarczego, co prze\u0142o\u017cy si\u0119 te\u017c na promocj\u0119 szkolnictwa zawodowego. Ca\u0142o\u015b\u0107 zaprojektowano z naciskiem na bezpiecze\u0144stwo, funkcjonalno\u015b\u0107 i zgodno\u015b\u0107 z normami, tworz\u0105c komfortow\u0105, bezpieczn\u0105 przestrze\u0144 do prowadzenia nowoczesnych bada\u0144 i zaj\u0119\u0107 edukacyjnych.\u00a0<\/p>\n\n\n\n<p>\u0179r\u00f3d\u0142o: www.czestochowa.pl, Fot: \u0141. Kolewi\u0144ski (BP UMCz)<\/p>\n\n\n\n<p> <\/p>\n","protected":false},"excerpt":{"rendered":"<p>\u015alubowanie kadet\u00f3w Dziennego Studium Aspirant\u00f3w Centralnej Szko\u0142y Pa\u0144stwowej Stra\u017cy Po\u017carnej odby\u0142o si\u0119 30 pa\u017adziernika. Przy okazji oficjalnie otwarto supernowoczesne Bran\u017cowe Centrum Umiej\u0119tno\u015bci.\u00a0 \u015alubowanie XXIX<\/p>\n","protected":false},"author":15,"featured_media":143237,"comment_status":"closed","ping_status":"open","sticky":false,"template":"","format":"standard","meta":{"_monsterinsights_skip_tracking":false,"_monsterinsights_sitenote_active":false,"_monsterinsights_sitenote_note":"","_monsterinsights_sitenote_category":0,"_uf_show_specific_survey":0,"_uf_disable_surveys":false,"footnotes":""},"categories":[94,3,2],"tags":[],"class_list":["post-143236","post","type-post","status-publish","format-standard","has-post-thumbnail","hentry","category-polecane","category-czestochowa-informacje","category-wiadomosci"],"_links":{"self":[{"href":"https:\/\/gazetaregionalna.com\/index.php?rest_route=\/wp\/v2\/posts\/143236","targetHints":{"allow":["GET"]}}],"collection":[{"href":"https:\/\/gazetaregionalna.com\/index.php?rest_route=\/wp\/v2\/posts"}],"about":[{"href":"https:\/\/gazetaregionalna.com\/index.php?rest_route=\/wp\/v2\/types\/post"}],"author":[{"embeddable":true,"href":"https:\/\/gazetaregionalna.com\/index.php?rest_route=\/wp\/v2\/users\/15"}],"replies":[{"embeddable":true,"href":"https:\/\/gazetaregionalna.com\/index.php?rest_route=%2Fwp%2Fv2%2Fcomments&post=143236"}],"version-history":[{"count":1,"href":"https:\/\/gazetaregionalna.com\/index.php?rest_route=\/wp\/v2\/posts\/143236\/revisions"}],"predecessor-version":[{"id":143238,"href":"https:\/\/gazetaregionalna.com\/index.php?rest_route=\/wp\/v2\/posts\/143236\/revisions\/143238"}],"wp:featuredmedia":[{"embeddable":true,"href":"https:\/\/gazetaregionalna.com\/index.php?rest_route=\/wp\/v2\/media\/143237"}],"wp:attachment":[{"href":"https:\/\/gazetaregionalna.com\/index.php?rest_route=%2Fwp%2Fv2%2Fmedia&parent=143236"}],"wp:term":[{"taxonomy":"category","embeddable":true,"href":"https:\/\/gazetaregionalna.com\/index.php?rest_route=%2Fwp%2Fv2%2Fcategories&post=143236"},{"taxonomy":"post_tag","embeddable":true,"href":"https:\/\/gazetaregionalna.com\/index.php?rest_route=%2Fwp%2Fv2%2Ftags&post=143236"}],"curies":[{"name":"wp","href":"https:\/\/api.w.org\/{rel}","templated":true}]}}