{"id":143233,"date":"2025-11-02T11:57:31","date_gmt":"2025-11-02T11:57:31","guid":{"rendered":"https:\/\/gazetaregionalna.com\/?p=143233"},"modified":"2025-11-02T11:57:33","modified_gmt":"2025-11-02T11:57:33","slug":"forum-soltysow-wojewodztwa-slaskiego-odbylo-sie-w-koszecinie","status":"publish","type":"post","link":"https:\/\/gazetaregionalna.com\/?p=143233","title":{"rendered":"Forum so\u0142tys\u00f3w wojew\u00f3dztwa \u015bl\u0105skiego odby\u0142o si\u0119 w Kosz\u0119cinie"},"content":{"rendered":"\n<p>W siedzibie Zespo\u0142u Pie\u015bni i Ta\u0144ca \u201e\u015al\u0105sk\u201d w Kosz\u0119cinie zako\u0144czy\u0142o si\u0119 tegoroczne Forum So\u0142tys\u00f3w Wojew\u00f3dztwa \u015al\u0105skiego, kt\u00f3re trwa\u0142o dwa dni i zgromadzi\u0142o przedstawicieli so\u0142ectw z ca\u0142ego regionu. Wydarzenie, maj\u0105ce charakter cykliczny, odby\u0142o si\u0119 ju\u017c po raz kolejny od momentu swojego powstania w 2004 roku.<\/p>\n\n\n\n<p>Jednym z najwa\u017cniejszych punkt\u00f3w programu by\u0142o podsumowanie konkursu \u201ePi\u0119kna wie\u015b Wojew\u00f3dztwa \u015al\u0105skiego\u201d, promuj\u0105cego estetyk\u0119 przestrzeni wiejskiej, lokaln\u0105 to\u017csamo\u015b\u0107 i dziedzictwo kulturowe regionu. Konkurs mia\u0142 na celu rozwijanie aktywno\u015bci spo\u0142ecznej i gospodarczej mieszka\u0144c\u00f3w, popularyzacj\u0119 tradycji ludowych oraz kszta\u0142towanie \u0142adu przestrzennego i \u015bwiadomo\u015bci obywatelskiej.<\/p>\n\n\n\n<p><a><\/a>Podczas gali wr\u0119czenia nagr\u00f3d Powiat Cz\u0119stochowski reprezentowali Starosta Cz\u0119stochowski <a href=\"https:\/\/www.facebook.com\/profile.php?id=100057842090740&amp;__cft__[0]=AZXB7m-gVDrRs9rL_bcwwGM6NOMqZSGQk--AKvlGEuoaZnNyA3yACESraNiTJU6HzGDdDdcDymL85kxiVlkjs5-Zj4qmbc5fc8_Cr0Areo7g9C_zoXrZYNkK-jCntNPtQIefdRSP3rj40IIQjsi733k4KGRxt39xgyq0EytXnTqKOb7v1OKNy8weBBW9ZJEgmcQ&amp;__tn__=-]K-R\" target=\"_blank\" rel=\"noopener\">Krzysztof Smela<\/a> oraz <a href=\"https:\/\/www.facebook.com\/dziewior.anna?__cft__[0]=AZXB7m-gVDrRs9rL_bcwwGM6NOMqZSGQk--AKvlGEuoaZnNyA3yACESraNiTJU6HzGDdDdcDymL85kxiVlkjs5-Zj4qmbc5fc8_Cr0Areo7g9C_zoXrZYNkK-jCntNPtQIefdRSP3rj40IIQjsi733k4KGRxt39xgyq0EytXnTqKOb7v1OKNy8weBBW9ZJEgmcQ&amp;__tn__=-]K-R\" target=\"_blank\" rel=\"noopener\">Anna Dziewior<\/a>, cz\u0142onek Zarz\u0105du Powiatu Cz\u0119stochowskiego. Gminy z terenu powiatu cz\u0119stochowskiego osi\u0105gn\u0119\u0142y znacz\u0105ce sukcesy w tegorocznej edycji konkursu: III miejsce w kategorii \u201eNajlepsze przedsi\u0119wzi\u0119cie odnowy wsi\u201d zdoby\u0142a \u201eZielona przestrze\u0144 w Rzerz\u0119czycach\u201d (gm. K\u0142omnice), II miejsce w kategorii \u201eNajlepsze przedsi\u0119wzi\u0119cie popularyzuj\u0105ce tradycje, obrz\u0119dy i zwyczaje\u201d przyznano Gminie Przyr\u00f3w za &#8222;Naj\u0142adniejsz\u0105 dekoracj\u0119 do\u017cynkow\u0105&#8221;, III miejsce w tej samej kategorii otrzyma\u0142 Zesp\u00f3\u0142 Obrz\u0119dowy \u201eGrusza\u201d z Rzerz\u0119czyc (gm. K\u0142omnice).<\/p>\n\n\n\n<p>Nagrody i wyr\u00f3\u017cnienia zwyci\u0119zcom wr\u0119czyli wicemarsza\u0142ek wojew\u00f3dztwa \u015bl\u0105skiego <a href=\"https:\/\/www.facebook.com\/profile.php?id=100063574316078&amp;__cft__[0]=AZXB7m-gVDrRs9rL_bcwwGM6NOMqZSGQk--AKvlGEuoaZnNyA3yACESraNiTJU6HzGDdDdcDymL85kxiVlkjs5-Zj4qmbc5fc8_Cr0Areo7g9C_zoXrZYNkK-jCntNPtQIefdRSP3rj40IIQjsi733k4KGRxt39xgyq0EytXnTqKOb7v1OKNy8weBBW9ZJEgmcQ&amp;__tn__=-]K-R\" target=\"_blank\" rel=\"noopener\">Grzegorz Boski<\/a>, II wicewojewoda \u015bl\u0105ski Micha\u0142 Kopa\u0144ski oraz Marek Bieniek, przewodnicz\u0105cy Komisji Rolnictwa i Teren\u00f3w Wiejskich Sejmiku Wojew\u00f3dztwa \u015al\u0105skiego.<\/p>\n\n\n\n<p>W Forum So\u0142tys\u00f3w uczestniczyli przedstawiciele wszystkich gmin wojew\u00f3dztwa \u015bl\u0105skiego oraz reprezentanci instytucji wspieraj\u0105cych rozw\u00f3j obszar\u00f3w wiejskich, m.in. Ministerstwa Rolnictwa i Rozwoju Wsi, Agencji Restrukturyzacji i Modernizacji Rolnictwa, \u015al\u0105skiego O\u015brodka Doradztwa Rolniczego, \u015al\u0105skiej Izby Rolniczej, \u015al\u0105skiego Zwi\u0105zku Gmin i Powiat\u00f3w oraz przedstawiciele gmin wiejskich i miejsko-wiejskich.<\/p>\n\n\n\n<p>W debatach wzi\u0119li udzia\u0142 tak\u017ce radni Sejmiku Wojew\u00f3dztwa \u015al\u0105skiego z Komisji Rolnictwa i Teren\u00f3w Wiejskich oraz parlamentarzy\u015bci. Dyskutowano o najwa\u017cniejszych wyzwaniach, przed jakimi stoj\u0105 \u015bl\u0105skie so\u0142ectwa, oraz o mo\u017cliwo\u015bciach dalszego wspierania lokalnych inicjatyw.<\/p>\n\n\n\n<p>W tegorocznej edycji konkursu uczestniczy\u0142o 35 gmin z ca\u0142ego wojew\u00f3dztwa \u015bl\u0105skiego. Zg\u0142oszono \u0142\u0105cznie: 17 wsi, 8 lokalnych tw\u00f3rc\u00f3w, 10 przedsi\u0119wzi\u0119\u0107 odnowy wsi, 17 inicjatyw dotycz\u0105cych tradycji oraz 15 so\u0142tys\u00f3w.<\/p>\n\n\n\n<p>Nagrodzone miejscowo\u015bci zaprezentowa\u0142y swoje osi\u0105gni\u0119cia w dziedzinie piel\u0119gnowania dziedzictwa kulturowego, r\u0119kodzie\u0142a i rzemios\u0142a, staj\u0105c si\u0119 inspiracj\u0105 dla innych spo\u0142eczno\u015bci wiejskich regionu.<\/p>\n\n\n\n<p>Uroczysto\u015b\u0107 zako\u0144czy\u0142 koncert artyst\u00f3w Zespo\u0142u Pie\u015bni i Ta\u0144ca \u201e\u015al\u0105sk\u201d, kt\u00f3ry podkre\u015bli\u0142 bogactwo folkloru i tradycji wojew\u00f3dztwa \u015bl\u0105skiego.<\/p>\n\n\n\n<p>Materia\u0142 prasowy Starostwo Powiatowe w Cz\u0119stochowie, fot. Tomasz \u017bak \/ BP UMWS<\/p>\n","protected":false},"excerpt":{"rendered":"<p>W siedzibie Zespo\u0142u Pie\u015bni i Ta\u0144ca \u201e\u015al\u0105sk\u201d w Kosz\u0119cinie zako\u0144czy\u0142o si\u0119 tegoroczne Forum So\u0142tys\u00f3w Wojew\u00f3dztwa \u015al\u0105skiego, kt\u00f3re trwa\u0142o dwa dni i zgromadzi\u0142o przedstawicieli so\u0142ectw<\/p>\n","protected":false},"author":15,"featured_media":143234,"comment_status":"closed","ping_status":"open","sticky":false,"template":"","format":"standard","meta":{"_monsterinsights_skip_tracking":false,"_monsterinsights_sitenote_active":false,"_monsterinsights_sitenote_note":"","_monsterinsights_sitenote_category":0,"_uf_show_specific_survey":0,"_uf_disable_surveys":false,"footnotes":""},"categories":[94,3,27,25,26,4,2],"tags":[],"class_list":["post-143233","post","type-post","status-publish","format-standard","has-post-thumbnail","hentry","category-polecane","category-czestochowa-informacje","category-klobuck-informacje","category-lubliniec","category-myszkow","category-region","category-wiadomosci"],"_links":{"self":[{"href":"https:\/\/gazetaregionalna.com\/index.php?rest_route=\/wp\/v2\/posts\/143233","targetHints":{"allow":["GET"]}}],"collection":[{"href":"https:\/\/gazetaregionalna.com\/index.php?rest_route=\/wp\/v2\/posts"}],"about":[{"href":"https:\/\/gazetaregionalna.com\/index.php?rest_route=\/wp\/v2\/types\/post"}],"author":[{"embeddable":true,"href":"https:\/\/gazetaregionalna.com\/index.php?rest_route=\/wp\/v2\/users\/15"}],"replies":[{"embeddable":true,"href":"https:\/\/gazetaregionalna.com\/index.php?rest_route=%2Fwp%2Fv2%2Fcomments&post=143233"}],"version-history":[{"count":1,"href":"https:\/\/gazetaregionalna.com\/index.php?rest_route=\/wp\/v2\/posts\/143233\/revisions"}],"predecessor-version":[{"id":143235,"href":"https:\/\/gazetaregionalna.com\/index.php?rest_route=\/wp\/v2\/posts\/143233\/revisions\/143235"}],"wp:featuredmedia":[{"embeddable":true,"href":"https:\/\/gazetaregionalna.com\/index.php?rest_route=\/wp\/v2\/media\/143234"}],"wp:attachment":[{"href":"https:\/\/gazetaregionalna.com\/index.php?rest_route=%2Fwp%2Fv2%2Fmedia&parent=143233"}],"wp:term":[{"taxonomy":"category","embeddable":true,"href":"https:\/\/gazetaregionalna.com\/index.php?rest_route=%2Fwp%2Fv2%2Fcategories&post=143233"},{"taxonomy":"post_tag","embeddable":true,"href":"https:\/\/gazetaregionalna.com\/index.php?rest_route=%2Fwp%2Fv2%2Ftags&post=143233"}],"curies":[{"name":"wp","href":"https:\/\/api.w.org\/{rel}","templated":true}]}}