{"id":143230,"date":"2025-11-02T11:38:17","date_gmt":"2025-11-02T11:38:17","guid":{"rendered":"https:\/\/gazetaregionalna.com\/?p=143230"},"modified":"2025-11-02T11:38:18","modified_gmt":"2025-11-02T11:38:18","slug":"komendanci-z-komisariatu-policji-w-klomnicach-uczcili-pamiec-zmarlego-kolegi","status":"publish","type":"post","link":"https:\/\/gazetaregionalna.com\/?p=143230","title":{"rendered":"Komendanci z Komisariatu Policji w K\u0142omnicach uczcili pami\u0119\u0107 zmar\u0142ego kolegi"},"content":{"rendered":"\n<p>Komendant Komisariatu Policji w K\u0142omnicach podkom. Pawe\u0142 Hejduk wraz ze swoim zast\u0119pc\u0105 podkom. Marcinem Wilkiem uczcili pami\u0119\u0107 zmar\u0142ego kolegi. Policjanci zapalili znicz na grobie st. post. Tomasza Trejty, kt\u00f3ry 12 lat temu zgin\u0105\u0142 w wypadku samochodowym podczas s\u0142u\u017cby. Policjanci uczcili jego pami\u0119\u0107 minut\u0105 ciszy.<\/p>\n\n\n\n<p>S\u0142u\u017cb\u0119 w Policji rozpocz\u0105\u0142 17 lipca 2012 r. na stanowisku kursanta Ogniwa Patrolowo-Interwencyjnego Komisariatu Policji w K\u0142omnicach Komendy Miejskiej Policji w Cz\u0119stochowie. Uko\u0144czy\u0142 szkolenie zawodowe podstawowe w Szkole Policji w Katowicach. Nast\u0119pnie pe\u0142ni\u0142 obowi\u0105zki policjanta samodzielnego Pododdzia\u0142u Prewencji Policji w Cz\u0119stochowie. Od 1 pa\u017adziernika 2013 r. policjant zespo\u0142u Patrolowo-Interwencyjnego Ogniwa Prewencji Komisariatu Policji w K\u0142omnicach.<\/p>\n\n\n\n<p>21 listopada 2013 r. pe\u0142ni\u0142 s\u0142u\u017cb\u0119 w patrolu zmotoryzowanym wraz z drugim funkcjonariuszem. Oko\u0142o godziny 12.25 policjanci oczekiwali na wjazd na skrzy\u017cowanie drogi krajowej DK-1 z drog\u0105 do miejscowo\u015bci Grabowa. W stoj\u0105cy prawid\u0142owo oznakowany radiow\u00f3z marki Fiat Palio Weekend uderzy\u0142 volkswagen passat, kt\u00f3ry jecha\u0142 z nadmiern\u0105 pr\u0119dko\u015bci\u0105 lewym pasem w kierunku Cz\u0119stochowy. Kieruj\u0105cy volkswagenem nie dostosowa\u0142 pr\u0119dko\u015bci do panuj\u0105cych warunk\u00f3w na drodze,\u00a0 straci\u0142 panowanie nad pojazdem, gwa\u0142townie hamowa\u0142, po czym zjecha\u0142 na praw\u0105 stron\u0119 drogi i uderzy\u0142 w radiow\u00f3z.\u00a0Starszy posterunkowy\u00a0Tomasz\u00a0Trejta, kt\u00f3ry by\u0142 kierowc\u0105 radiowozu, poni\u00f3s\u0142 \u015bmier\u0107 na miejscu. Drugi policjant, siedz\u0105cy obok na miejscu pasa\u017cera, dozna\u0142 ci\u0119\u017ckich obra\u017ce\u0144.<\/p>\n\n\n\n<p>Materia\u0142y prasowe KMP Cz\u0119stochowa <\/p>\n","protected":false},"excerpt":{"rendered":"<p>Komendant Komisariatu Policji w K\u0142omnicach podkom. Pawe\u0142 Hejduk wraz ze swoim zast\u0119pc\u0105 podkom. Marcinem Wilkiem uczcili pami\u0119\u0107 zmar\u0142ego kolegi. Policjanci zapalili znicz na grobie<\/p>\n","protected":false},"author":15,"featured_media":143231,"comment_status":"closed","ping_status":"open","sticky":false,"template":"","format":"standard","meta":{"_monsterinsights_skip_tracking":false,"_monsterinsights_sitenote_active":false,"_monsterinsights_sitenote_note":"","_monsterinsights_sitenote_category":0,"_uf_show_specific_survey":0,"_uf_disable_surveys":false,"footnotes":""},"categories":[94,3,2],"tags":[],"class_list":["post-143230","post","type-post","status-publish","format-standard","has-post-thumbnail","hentry","category-polecane","category-czestochowa-informacje","category-wiadomosci"],"_links":{"self":[{"href":"https:\/\/gazetaregionalna.com\/index.php?rest_route=\/wp\/v2\/posts\/143230","targetHints":{"allow":["GET"]}}],"collection":[{"href":"https:\/\/gazetaregionalna.com\/index.php?rest_route=\/wp\/v2\/posts"}],"about":[{"href":"https:\/\/gazetaregionalna.com\/index.php?rest_route=\/wp\/v2\/types\/post"}],"author":[{"embeddable":true,"href":"https:\/\/gazetaregionalna.com\/index.php?rest_route=\/wp\/v2\/users\/15"}],"replies":[{"embeddable":true,"href":"https:\/\/gazetaregionalna.com\/index.php?rest_route=%2Fwp%2Fv2%2Fcomments&post=143230"}],"version-history":[{"count":1,"href":"https:\/\/gazetaregionalna.com\/index.php?rest_route=\/wp\/v2\/posts\/143230\/revisions"}],"predecessor-version":[{"id":143232,"href":"https:\/\/gazetaregionalna.com\/index.php?rest_route=\/wp\/v2\/posts\/143230\/revisions\/143232"}],"wp:featuredmedia":[{"embeddable":true,"href":"https:\/\/gazetaregionalna.com\/index.php?rest_route=\/wp\/v2\/media\/143231"}],"wp:attachment":[{"href":"https:\/\/gazetaregionalna.com\/index.php?rest_route=%2Fwp%2Fv2%2Fmedia&parent=143230"}],"wp:term":[{"taxonomy":"category","embeddable":true,"href":"https:\/\/gazetaregionalna.com\/index.php?rest_route=%2Fwp%2Fv2%2Fcategories&post=143230"},{"taxonomy":"post_tag","embeddable":true,"href":"https:\/\/gazetaregionalna.com\/index.php?rest_route=%2Fwp%2Fv2%2Ftags&post=143230"}],"curies":[{"name":"wp","href":"https:\/\/api.w.org\/{rel}","templated":true}]}}