{"id":143213,"date":"2025-11-01T21:47:44","date_gmt":"2025-11-01T21:47:44","guid":{"rendered":"https:\/\/gazetaregionalna.com\/?p=143213"},"modified":"2025-11-01T21:48:01","modified_gmt":"2025-11-01T21:48:01","slug":"jasna-gora-udostepniono-zabytkowa-krypte-z-xvii-wieku","status":"publish","type":"post","link":"https:\/\/gazetaregionalna.com\/?p=143213","title":{"rendered":"Jasna G\u00f3ra. Udost\u0119pniono zwiedzaj\u0105cym zabytkow\u0105 krypt\u0119 z XVII wieku"},"content":{"rendered":"\n<h2 class=\"wp-block-heading\">Listopad to jedyny miesi\u0105c w roku, kiedy mo\u017cna odwiedzi\u0107 jedno z najstarszych miejsc w jasnog\u00f3rskim sanktuarium &#8211; zabytkow\u0105 XVII-wieczn\u0105 krypt\u0119. Mie\u015bci si\u0119 ona w podziemiach Kaplicy Matki Bo\u017cej. Wykuto w niej 36 wn\u0119k grobowych, w kt\u00f3rych przez sze\u015b\u0107 stuleci chowani byli mnisi pauli\u0144scy.<\/h2>\n\n\n\n<p><a href=\"https:\/\/news.jasnagora.pl\/\" target=\"_blank\" rel=\"noopener\">Biuro Prasowe Jasnej G\u00f3ry<\/a> przypomina, \u017ce listopad jest jedynym w roku miesi\u0105cem, w kt\u00f3rym mo\u017cna odwiedza\u0107 jedno z najstarszych i najbardziej tajemniczych miejsc w sanktuarium.<\/p>\n\n\n\n<p>&#8211; Klasztor od pocz\u0105tku istnienia, pe\u0142ni\u0142 funkcj\u0119 nekropolii. Tu chowano zakonnik\u00f3w, duchownych i \u015bwieckich zas\u0142u\u017conych dla kraju i sanktuarium. Istnieje co najmniej osiem wej\u015b\u0107 do jasnog\u00f3rskich krypt, ale nie s\u0105 one udost\u0119pnione pielgrzymom. Tylko t\u0119 krypt\u0119 otwieramy dla wiernych, bo ona jest najlepiej przystosowana do tego, aby j\u0105 zwiedza\u0107 \u2013 m\u00f3wi kustosz Jasnej G\u00f3ry o. Waldemar Pastusiak. <\/p>\n\n\n\n<figure class=\"wp-block-image size-large\"><img decoding=\"async\" width=\"1024\" height=\"768\" data-src=\"https:\/\/gazetaregionalna.com\/wp-content\/uploads\/2025\/11\/a9bd1b06490de1c6539a92a6186000a3-1024x768.jpg\" alt=\"\" class=\"wp-image-143218 lazyload\" data-srcset=\"https:\/\/gazetaregionalna.com\/wp-content\/uploads\/2025\/11\/a9bd1b06490de1c6539a92a6186000a3-1024x768.jpg 1024w, https:\/\/gazetaregionalna.com\/wp-content\/uploads\/2025\/11\/a9bd1b06490de1c6539a92a6186000a3-300x225.jpg 300w, https:\/\/gazetaregionalna.com\/wp-content\/uploads\/2025\/11\/a9bd1b06490de1c6539a92a6186000a3-768x576.jpg 768w, https:\/\/gazetaregionalna.com\/wp-content\/uploads\/2025\/11\/a9bd1b06490de1c6539a92a6186000a3.jpg 1200w\" data-sizes=\"(max-width: 1024px) 100vw, 1024px\" src=\"data:image\/svg+xml;base64,PHN2ZyB3aWR0aD0iMSIgaGVpZ2h0PSIxIiB4bWxucz0iaHR0cDovL3d3dy53My5vcmcvMjAwMC9zdmciPjwvc3ZnPg==\" style=\"--smush-placeholder-width: 1024px; --smush-placeholder-aspect-ratio: 1024\/768;\" \/><figcaption class=\"wp-element-caption\">fot. Biuro Prasowe Jasnej G\u00f3ry<\/figcaption><\/figure>\n\n\n\n<p>Krypta mie\u015bci si\u0119 w podziemiach Kaplicy Matki Bo\u017cej. Na \u015bcianie, przed wej\u015bciem do krypty, znajduje si\u0119 tablica z wykazem ostatnich, pochowanych w niej zakonnik\u00f3w. Spoczywaj\u0105 tam m.in. genera\u0142owie Zakonu i przeorzy Jasnej G\u00f3ry, w\u015br\u00f3d nich m.in. o. Piotr Markiewicz, przeor Jasnej G\u00f3ry w czasie I wojny \u015bwiatowej i d\u0142ugoletni Genera\u0142 Zakonu, o. Pius Prze\u017adziecki &#8211; Genera\u0142 Zakonu Paulin\u00f3w w okresie II wojny \u015bwiatowej, czy o<strong>. <\/strong>Kajetan Raczy\u0144ski, obro\u0144ca Jasnej G\u00f3ry w okresie stalinizmu. <\/p>\n\n\n\n<p>Krypta z\u0142o\u017cona jest z dw\u00f3ch &#8222;cz\u0119\u015bci&#8221;. W pierwszej, po lewej stronie znajduj\u0105 si\u0119 wn\u0119ki, w kt\u00f3rych s\u0105 z\u0142o\u017cone cia\u0142a zmar\u0142ych paulin\u00f3w. Natomiast w drugiej, za o\u0142tarzem po lewej i po prawej stronie widoczne s\u0105 dwa wg\u0142\u0119bienia, w kt\u00f3rych znajduj\u0105 si\u0119 nisze, w kt\u00f3rych ustawiono urny z zebranymi szcz\u0105tkami zakonnik\u00f3w.<\/p>\n\n\n\n<figure class=\"wp-block-image size-large\"><img decoding=\"async\" width=\"1024\" height=\"768\" data-src=\"https:\/\/gazetaregionalna.com\/wp-content\/uploads\/2025\/11\/51774cadb91647295501bb7583ed23cd-1024x768.jpg\" alt=\"\" class=\"wp-image-143217 lazyload\" data-srcset=\"https:\/\/gazetaregionalna.com\/wp-content\/uploads\/2025\/11\/51774cadb91647295501bb7583ed23cd-1024x768.jpg 1024w, https:\/\/gazetaregionalna.com\/wp-content\/uploads\/2025\/11\/51774cadb91647295501bb7583ed23cd-300x225.jpg 300w, https:\/\/gazetaregionalna.com\/wp-content\/uploads\/2025\/11\/51774cadb91647295501bb7583ed23cd-768x576.jpg 768w, https:\/\/gazetaregionalna.com\/wp-content\/uploads\/2025\/11\/51774cadb91647295501bb7583ed23cd.jpg 1200w\" data-sizes=\"(max-width: 1024px) 100vw, 1024px\" src=\"data:image\/svg+xml;base64,PHN2ZyB3aWR0aD0iMSIgaGVpZ2h0PSIxIiB4bWxucz0iaHR0cDovL3d3dy53My5vcmcvMjAwMC9zdmciPjwvc3ZnPg==\" style=\"--smush-placeholder-width: 1024px; --smush-placeholder-aspect-ratio: 1024\/768;\" \/><figcaption class=\"wp-element-caption\">fot. Biuro Prasowe Jasnej G\u00f3ry<\/figcaption><\/figure>\n\n\n\n<p>O krypt\u0119 przez ca\u0142y rok dba brat Dawid Respondek. Okazuje si\u0119, \u017ce by udost\u0119pni\u0107 to szczeg\u00f3lne miejsce zwiedzaj\u0105cym, ju\u017c dwa tygodnie wcze\u015bniej, krypta jest otwierana. Wszystko po to, \u017ceby zadba\u0107 o dobr\u0105 cyrkulacj\u0119 powietrza.<\/p>\n\n\n\n<p>&#8211; W po\u0142owie pa\u017adziernika wchodzimy do niej, bo trzeba j\u0105 przygotowa\u0107 dla zwiedzaj\u0105cych. Kiedy\u015b wej\u015bcie do niej zabezpieczone by\u0142o deskami, dzi\u015b p\u0142yt\u0105 metalow\u0105, wi\u0119c ta aktywno\u015b\u0107 powietrza jest tam ograniczona. W tym roku te\u017c dokonali\u015bmy odnowienia o\u0142tarza, przy kt\u00f3rym kap\u0142ani odprawiaj\u0105 Msze \u015bwi\u0119t\u0105 za zmar\u0142ych \u2013 m\u00f3wi paulin. <\/p>\n\n\n\n<p>Warto doda\u0107, \u017ce krypta przed laty by\u0142a otwierana tylko na dziewi\u0119\u0107 dni, na czas Oktawy Uroczysto\u015bci Wszystkich \u015awi\u0119tych, dopiero od niedawna jest ona udost\u0119pniana przez ca\u0142y listopad. W tym czasie odwiedzaj\u0105 j\u0105 wierni z r\u00f3\u017cnych stron kraju.<\/p>\n\n\n\n<figure class=\"wp-block-image size-large\"><img decoding=\"async\" width=\"1024\" height=\"768\" data-src=\"https:\/\/gazetaregionalna.com\/wp-content\/uploads\/2025\/11\/fbcb17fc71294bce172be8401a035d91-1024x768.jpg\" alt=\"\" class=\"wp-image-143219 lazyload\" data-srcset=\"https:\/\/gazetaregionalna.com\/wp-content\/uploads\/2025\/11\/fbcb17fc71294bce172be8401a035d91-1024x768.jpg 1024w, https:\/\/gazetaregionalna.com\/wp-content\/uploads\/2025\/11\/fbcb17fc71294bce172be8401a035d91-300x225.jpg 300w, https:\/\/gazetaregionalna.com\/wp-content\/uploads\/2025\/11\/fbcb17fc71294bce172be8401a035d91-768x576.jpg 768w, https:\/\/gazetaregionalna.com\/wp-content\/uploads\/2025\/11\/fbcb17fc71294bce172be8401a035d91.jpg 1200w\" data-sizes=\"(max-width: 1024px) 100vw, 1024px\" src=\"data:image\/svg+xml;base64,PHN2ZyB3aWR0aD0iMSIgaGVpZ2h0PSIxIiB4bWxucz0iaHR0cDovL3d3dy53My5vcmcvMjAwMC9zdmciPjwvc3ZnPg==\" style=\"--smush-placeholder-width: 1024px; --smush-placeholder-aspect-ratio: 1024\/768;\" \/><figcaption class=\"wp-element-caption\">fot. Biuro Prasowe Jasnej G\u00f3ry<\/figcaption><\/figure>\n\n\n\n<p>Wspomnie\u0107 nale\u017cy tak\u017ce, \u017ce krypcie, na wprost wej\u015bcia znajduje si\u0119 o\u0142tarz, przy kt\u00f3rym kap\u0142ani odprawiaj\u0105 Msze \u015bwi\u0119te za zmar\u0142ych, zw\u0142aszcza w pierwszych dniach listopada. Szczeg\u00f3lnie dnia 2 listopada we wspomnienie wszystkich wiernych zmar\u0142ych jest zwyczaj, \u017ce ojcowie paulini udaj\u0105 si\u0119 do krypty na sprawowanie Naj\u015bwi\u0119tszej Ofiary.<\/p>\n\n\n\n<p><strong>Troch\u0119 historii&#8230;<\/strong><\/p>\n\n\n\n<p>Na Jasnej G\u00f3rze istnieje co najmniej osiem wej\u015b\u0107 do krypt: cztery w Kaplicy Matki Bo\u017cej i cztery w Bazylice. Do cz\u0119\u015bci Bazyliki przylegaj\u0105 dwie prywatne kaplice grobowe. Kaplica Anio\u0142\u00f3w Str\u00f3\u017c\u00f3w &#8211; przebudowana w po\u0142owie XVIII w. na mauzoleum grobowe Stanis\u0142awa Jab\u0142onowskiego, wojewody rawskiego. I kolejna, Kaplica \u015bw. Paw\u0142a I Pustelnika &#8211; mauzoleum grobowe rodziny Denhoff\u00f3w.<\/p>\n\n\n\n<p>Od 1968 r. ojcowie i bracia paulini chowani s\u0105 na miejskim cmentarzu \u015bw. Rocha w Cz\u0119stochowie. Znajduj\u0105 si\u0119 tam dwa pauli\u0144skie grobowce: \u201estarszy\u201d, tu\u017c obok ko\u015bcio\u0142a \u015bw. Rocha i \u201enowszy\u201d, z 1990 r. na tzw. nowej cz\u0119\u015bci cmentarza.<\/p>\n\n\n\n<p><strong>red., mat. Biura Prasowego Jasnej G\u00f3ry<\/strong><\/p>\n","protected":false},"excerpt":{"rendered":"<p>Listopad to jedyny miesi\u0105c w roku, kiedy mo\u017cna odwiedzi\u0107 jedno z najstarszych miejsc w jasnog\u00f3rskim sanktuarium &#8211; zabytkow\u0105 XVII-wieczn\u0105 krypt\u0119. Mie\u015bci si\u0119 ona w<\/p>\n","protected":false},"author":11,"featured_media":143216,"comment_status":"closed","ping_status":"open","sticky":false,"template":"","format":"standard","meta":{"_monsterinsights_skip_tracking":false,"_monsterinsights_sitenote_active":false,"_monsterinsights_sitenote_note":"","_monsterinsights_sitenote_category":0,"_uf_show_specific_survey":0,"_uf_disable_surveys":false,"footnotes":""},"categories":[3,321,94,2],"tags":[200,8552,3374,437],"class_list":["post-143213","post","type-post","status-publish","format-standard","has-post-thumbnail","hentry","category-czestochowa-informacje","category-historia","category-polecane","category-wiadomosci","tag-jasna-gora","tag-krypta","tag-listopad","tag-zwiedzanie"],"_links":{"self":[{"href":"https:\/\/gazetaregionalna.com\/index.php?rest_route=\/wp\/v2\/posts\/143213","targetHints":{"allow":["GET"]}}],"collection":[{"href":"https:\/\/gazetaregionalna.com\/index.php?rest_route=\/wp\/v2\/posts"}],"about":[{"href":"https:\/\/gazetaregionalna.com\/index.php?rest_route=\/wp\/v2\/types\/post"}],"author":[{"embeddable":true,"href":"https:\/\/gazetaregionalna.com\/index.php?rest_route=\/wp\/v2\/users\/11"}],"replies":[{"embeddable":true,"href":"https:\/\/gazetaregionalna.com\/index.php?rest_route=%2Fwp%2Fv2%2Fcomments&post=143213"}],"version-history":[{"count":3,"href":"https:\/\/gazetaregionalna.com\/index.php?rest_route=\/wp\/v2\/posts\/143213\/revisions"}],"predecessor-version":[{"id":143220,"href":"https:\/\/gazetaregionalna.com\/index.php?rest_route=\/wp\/v2\/posts\/143213\/revisions\/143220"}],"wp:featuredmedia":[{"embeddable":true,"href":"https:\/\/gazetaregionalna.com\/index.php?rest_route=\/wp\/v2\/media\/143216"}],"wp:attachment":[{"href":"https:\/\/gazetaregionalna.com\/index.php?rest_route=%2Fwp%2Fv2%2Fmedia&parent=143213"}],"wp:term":[{"taxonomy":"category","embeddable":true,"href":"https:\/\/gazetaregionalna.com\/index.php?rest_route=%2Fwp%2Fv2%2Fcategories&post=143213"},{"taxonomy":"post_tag","embeddable":true,"href":"https:\/\/gazetaregionalna.com\/index.php?rest_route=%2Fwp%2Fv2%2Ftags&post=143213"}],"curies":[{"name":"wp","href":"https:\/\/api.w.org\/{rel}","templated":true}]}}