{"id":142879,"date":"2025-10-27T22:09:18","date_gmt":"2025-10-27T22:09:18","guid":{"rendered":"https:\/\/gazetaregionalna.com\/?p=142879"},"modified":"2025-10-27T22:10:01","modified_gmt":"2025-10-27T22:10:01","slug":"9-listopada-zobaczymy-klimakterium-i-juz","status":"publish","type":"post","link":"https:\/\/gazetaregionalna.com\/?p=142879","title":{"rendered":"Teatralny hit wraca do Cz\u0119stochowy! Ju\u017c 9 listopada zobaczymy tu &#8222;Klimakterium i&#8230; ju\u017c&#8221;. Mamy podw\u00f3jne zaproszenie [KONKURS]]"},"content":{"rendered":"\n<h2 class=\"wp-block-heading\">Na kultowy spektakl Agencja Artystyczna Certus zaprasza od wielu lat. &#8222;Klimakterium i&#8230; ju\u017c&#8221; ma w Cz\u0119stochowie tak wielu fan\u00f3w, \u017ce ka\u017cdy powr\u00f3t komedii cieszy si\u0119 ogromnym zainteresowaniem. Ten tegoroczny przypada na 9 listopada. Spektakl grany b\u0119dzie w Klubie Politechnik o godz. 15.30 i 19.00. Zaproszenie na p\u00f3\u017aniejsz\u0105 godzin\u0119 mo\u017cna wygra\u0107 w naszym konkursie.<\/h2>\n\n\n\n<p>By\u0107 kobiet\u0105 dojrza\u0142\u0105 to wcale nie musi by\u0107 smutne, trudne i nudne\u2026 udowadniaj\u0105 to barwne bohaterki przebojowego spektaklu. Co prawda, Pamela, Malina, Krycha i Zosia borykaj\u0105 si\u0119 z konwencjonalnymi problemami, takimi jak m.in.: samotno\u015b\u0107, brak mi\u0142o\u015bci, zdrady, czy domowe kataklizmy, gdzie przyda\u0142aby si\u0119 m\u0119ska pomoc, jednak ich podej\u015bcie do przeciwno\u015bci losu, spowodowanych cz\u0119sto wiekiem, jest doskona\u0142ym wzorem do na\u015bladowania dla ka\u017cdej z pa\u0144.<\/p>\n\n\n\n<p>Bohaterki, w niezwyk\u0142y spos\u00f3b, ukazuj\u0105 jak \u2013 du\u017c\u0105 dawk\u0105 pogody ducha, samoakceptacji i humoru mo\u017cna opanowa\u0107 i prze\u017cy\u0107 nie\u0142atwy dla ka\u017cdej kobiety czas menopauzy i sprawi\u0107, by jako\u015b\u0107 \u017cycia w tym okresie nale\u017ca\u0142a w przysz\u0142o\u015bci do mi\u0142ych wspomnie\u0144.<\/p>\n\n\n\n<figure class=\"wp-block-image size-full\"><img decoding=\"async\" width=\"757\" height=\"602\" data-src=\"https:\/\/gazetaregionalna.com\/wp-content\/uploads\/2025\/10\/klimakterum.jpg\" alt=\"\" class=\"wp-image-142232 lazyload\" data-srcset=\"https:\/\/gazetaregionalna.com\/wp-content\/uploads\/2025\/10\/klimakterum.jpg 757w, https:\/\/gazetaregionalna.com\/wp-content\/uploads\/2025\/10\/klimakterum-300x239.jpg 300w\" data-sizes=\"(max-width: 757px) 100vw, 757px\" src=\"data:image\/svg+xml;base64,PHN2ZyB3aWR0aD0iMSIgaGVpZ2h0PSIxIiB4bWxucz0iaHR0cDovL3d3dy53My5vcmcvMjAwMC9zdmciPjwvc3ZnPg==\" style=\"--smush-placeholder-width: 757px; --smush-placeholder-aspect-ratio: 757\/602;\" \/><figcaption class=\"wp-element-caption\">&#8222;Klimakterium&#8230; i ju\u017c&#8221;<\/figcaption><\/figure>\n\n\n\n<p>Nietuzinkowe przedstawienie problemu wzbogacone jest nie tylko znakomit\u0105 gr\u0105 aktorsk\u0105, ale tak\u017ce, mi\u0142ym dla ucha, motywem muzycznym w postaci piosenek napisanych do popularnych i lubianych utwor\u00f3w, kt\u00f3rym towarzyszy humorystyczna choreografia w wykonaniu bohaterek.<\/p>\n\n\n\n<p>Cztery przebojowe bohaterki spektaklu &#8211; Krych\u0119, Zosi\u0119, Pamel\u0119 i Malin\u0119 &#8211; uwielbia r\u00f3wnie\u017c cz\u0119stochowska publiczno\u015b\u0107. Dow\u00f3d? To ju\u017c taka nasza tradycja, \u017ce w listopadzie \u2013 za spraw\u0105 <a href=\"https:\/\/www.facebook.com\/Agencja.Artystyczna.Certus\" target=\"_blank\" rel=\"noreferrer noopener\">Agencji Artystycznej Certus \u2013<\/a> ogl\u0105damy \u201eKlimakterium\u2026 i ju\u017c\u201d El\u017cbiety Jod\u0142owskiej. Za ka\u017cdym razem tytu\u0142 ten t\u0142umnie gromadzi widz\u00f3w (nie brakuje tych, kt\u00f3rzy ogl\u0105daj\u0105 przedstawienie za ka\u017cdym razem!). <\/p>\n\n\n\n<p>Powr\u00f3t na scen\u0119 Klubu Politechnik zaplanowano w tym roku na 9 listopada. Kultowa komedia grana b\u0119dzie o godz. 15.30 i 19.00.<\/p>\n\n\n\n<p><strong>Bilety kosztuj\u0105 od 80 do 130 z\u0142. Mo\u017cna je kupi\u0107 w siedzibie Agencji Artystycznej Certus przy ul. D\u0105browskiego 36\/4.<\/strong><\/p>\n\n\n\n<p>Sprzeda\u017c prowadzona jest r\u00f3wnie\u017c on-line:<\/p>\n\n\n\n<p>Godz. 15.30 \u2013 <a href=\"https:\/\/www.kupbilecik.pl\/imprezy\/166356\/Cz%C4%99stochowa\/Klimakterium+i+ju%C5%BC\/\" target=\"_blank\" rel=\"noreferrer noopener\">https:\/\/www.kupbilecik.pl\/imprezy\/166356\/Cz%C4%99stochowa\/Klimakterium+i+ju%C5%BC\/<\/a><\/p>\n\n\n\n<p>Godz. 19.00 \u2013 <a href=\"https:\/\/www.kupbilecik.pl\/imprezy\/166357\/Cz%C4%99stochowa\/Klimakterium+i+ju%C5%BC\/\" target=\"_blank\" rel=\"noreferrer noopener\">https:\/\/www.kupbilecik.pl\/imprezy\/166357\/Cz%C4%99stochowa\/Klimakterium+i+ju%C5%BC\/<\/a><\/p>\n\n\n\n<h3 class=\"wp-block-heading\">Wygraj zaproszenie na ten spektakl!<\/h3>\n\n\n\n<p>Mamy dla czytelnik\u00f3w jedno podw\u00f3jne zaproszenie na spektakl o godz. 19. By je wygra\u0107 nale\u017cy odpowiedzie\u0107 na poni\u017csze pytanie (uzasadniaj\u0105c odpowied\u017a):<\/p>\n\n\n\n<p><strong>Kogo chcia\u0142aby\u015b\/chcia\u0142by\u015b zaprosi\u0107 na spektakl &#8222;Klimakterium i&#8230; ju\u017c&#8221;?<\/strong><\/p>\n\n\n\n<p>Odpowied\u017a nale\u017cy wys\u0142a\u0107 mailowo na adres <strong>konkursy@gazetaregionalna.com<\/strong>, w tytule podaj\u0105c \u201eKlimakterium\u201d, a w tre\u015bci tak\u017ce swoje imi\u0119 i nazwisko. <strong>Zadanie nale\u017cy wykona\u0107 w terminie od 28 pa\u017adziernika od godz. 9 do 29 pa\u017adziernika do godz. 9.<\/strong><\/p>\n\n\n\n<h4 class=\"wp-block-heading\">Regulamin konkursu \u201cKlimakterium\u2026 i ju\u017c\u201d<\/h4>\n\n\n\n<p><strong>\u00a7 1. POSTANOWIENIA OG\u00d3LNE<\/strong><\/p>\n\n\n\n<p>1. Organizatorem konkurs\u00f3w jest GazetaRegionalna.com, al. Ko\u015bciuszki 13, lok. 6, 42-202 Cz\u0119stochowa, (zwana dalej \u201eOrganizatorem\u201d).<br>2. Fundatorem nagrody jest Agencja Artystyczna Certus.<br>3. Niniejszy regulamin (dalej \u201eRegulamin\u201d) stanowi podstaw\u0119 organizacji oraz okre\u015bla warunki Konkursu.<br>4. Konkurs nie jest stworzony, administrowany, wspierany ani sponsorowany przez Facebook.<br>5. Konkurs jest prowadzony na stronie <a href=\"https:\/\/www.gazetaregionalna.com\">www.gazetaregionalna.com<\/a>.<\/p>\n\n\n\n<p>6. Administratorem danych osobowych udost\u0119pnianych przez Uczestnik\u00f3w Konkursu jest Organizator. Podanie danych osobowych ma charakter dowolny, lecz niezb\u0119dny do przyst\u0105pienia przez Uczestnika do Konkursu. Osobom udost\u0119pniaj\u0105cym dane przys\u0142uguje prawo dost\u0119pu do tych danych, ich zmian b\u0105d\u017a usuni\u0119cia.<\/p>\n\n\n\n<p><strong>\u00a7 2. MIEJSCE, CZAS I ZASADY KONKURSU<\/strong><\/p>\n\n\n\n<p>1. Konkurs jest dost\u0119pny w formie tekstu konkursowego na portalu organizatora gazetaregionalna.com<strong>. Konkurs trwa od 28 pa\u017adziernika 2025 r. od godz. 9 do 29<\/strong> <strong>pa\u017adziernika 2025 r. do godz. 9.<\/strong>W wyj\u0105tkowych sytuacjach Organizator konkursu mo\u017ce przed\u0142u\u017cy\u0107 lub przerwa\u0107 trwanie konkursu, w\u00a0okre\u015blonym przez siebie zakresie, o czym poinformuje uczestnik\u00f3w konkursu na profilu wskazanym w \u00a71 pkt.6 Regulaminu.<\/p>\n\n\n\n<p><strong>\u00a7 3. UCZESTNICY KONKURSU<\/strong><\/p>\n\n\n\n<p>Uczestnikami Konkursu mog\u0105 by\u0107 wy\u0142\u0105cznie osoby fizyczne, konsumenci w rozumieniu art. 221 kodeksu cywilnego, posiadaj\u0105ce pe\u0142n\u0105 zdolno\u015bci do czynno\u015bci prawnych, kt\u00f3re zaakceptowa\u0142y niniejszy Regulamin (dalej: \u201eUczestnik\u201d).<\/p>\n\n\n\n<p>Uczestnik o\u015bwiadcza, \u017ce:a. jest osob\u0105 fizyczn\u0105, posiadaj\u0105c\u0105 pe\u0142n\u0105 zdolno\u015b\u0107 do czynno\u015bci prawnych;b. jest osob\u0105 pe\u0142noletni\u0105;c. zapozna\u0142 si\u0119 z tre\u015bci\u0105 niniejszego Regulaminu i w spos\u00f3b dobrowolny przyst\u0119puje do Konkursu;d. wyra\u017ca zgod\u0119 i akceptuje warunki Regulaminu, w tym zapozna\u0142 si\u0119 z tre\u015bci\u0105 dotycz\u0105c\u0105 procedury odbioru nagrody i j\u0105 w pe\u0142ni akceptuje;e. zobowi\u0105zuje si\u0119 do przestrzegania postanowie\u0144 Regulaminu;f. wyrazi\u0142 zgod\u0119 na przetwarzanie danych osobowych dla cel\u00f3w zwi\u0105zanych z uczestnictwem w Konkursie;<\/p>\n\n\n\n<p>Uczestnik zobowi\u0105zuje si\u0119 do przestrzegania okre\u015blonych w Regulaminie zasad, jak r\u00f3wnie\u017c potwierdza, i\u017c spe\u0142nia wszystkie warunki, kt\u00f3re uprawniaj\u0105 go do udzia\u0142u w Konkursie.<\/p>\n\n\n\n<p>4. W Konkursie nie mog\u0105 uczestniczy\u0107 pracownicy i wsp\u00f3\u0142pracownicy Organizatora.<\/p>\n\n\n\n<p><strong>\u00a7 4. NAGRODA<\/strong><\/p>\n\n\n\n<p><strong>1. Nagrod\u0105 w Konkursie jest jedno podw\u00f3jne zaproszenie na spektakl \u201eKlimakterium\u2026 i ju\u017c\u201d, kt\u00f3ry odb\u0119dzie si\u0119 9 listopada w Klubie Politechnik dla jednej osoby wy\u0142onionej w&nbsp;spos\u00f3b wskazany w \u00a76.<\/strong><\/p>\n\n\n\n<p>Informacja o Nagrodzie b\u0119dzie zawarta w tre\u015bci og\u0142oszenia o Konkursie opublikowanego na stronie gazetaregionalna.com.<\/p>\n\n\n\n<p>3.Laureatowi nie przys\u0142uguje prawo wymiany Nagrody na got\u00f3wk\u0119 ani nagrod\u0119 innego rodzaju.<\/p>\n\n\n\n<p>.4. Zwyci\u0119zca mo\u017ce zrzec si\u0119 Nagrody, ale w zamian nie przys\u0142uguje mu ekwiwalent pieni\u0119\u017cny ani jakakolwiek inna nagroda.<\/p>\n\n\n\n<p><strong>\u00a7 5. ZASADY UCZESTNICTWA W KONKURSIE<\/strong><\/p>\n\n\n\n<p><strong>1. Zadaniem Uczestnika Konkursu jest:<\/strong>odpowied\u017a na zadanie\/pytanie konkursowe przedstawione na stronie gazetaregionalna.com. Jest ono nast\u0119puj\u0105ce: <strong><strong>Kogo chcia\u0142aby\u015b\/chcia\u0142by\u015b zaprosi\u0107 na spektakl &#8222;Klimakterium i&#8230; ju\u017c&#8221;?<\/strong><\/strong><\/p>\n\n\n\n<p>Odpowied\u017a nale\u017cy wys\u0142a\u0107 mailowo na adres <a href=\"mailto:konkursy@gazetaregionalna.com\">konkursy@gazetaregionalna.com<\/a>, w tytule podaj\u0105c \u201cKlimakterium\u201d, a w tre\u015bci swoje imi\u0119 i nazwisko.<\/p>\n\n\n\n<p>Zadanie nale\u017cy wykona\u0107 w terminie <strong>od 28 pa\u017adziernika od godz. 9 do 29 pa\u017adziernika do godz. 9.<\/strong>1. Warunkiem uczestnictwa w Konkursie jest poprawne wykonanie wszystkich zada\u0144 opisanych w \u00a7 5. ust. 1 Regulaminu.<\/p>\n\n\n\n<p>2.O przyznaniu nagrody decyduje Organizator w drodze analizy poprawno\u015bci wykonania zada\u0144 opisanych w \u00a7 5. ust. 1 Regulaminu przez Uczestnik\u00f3w Konkursu.<\/p>\n\n\n\n<p><strong>3. Spo\u015br\u00f3d nades\u0142anych odpowiedzi Organizator wy\u0142oni jednego zwyci\u0119zc\u0119.<\/strong><\/p>\n\n\n\n<p><strong>4. Zwyci\u0119zcy Konkursu zostan\u0105 powiadomieni o wygranej i o formie jej odbioru w wiadomo\u015bci mailowej wys\u0142anej z adresu <a href=\"mailto:konkursy@gazetaregionalna.com\">konkursy@gazetaregionalna.com<\/a> najp\u00f3\u017aniej do 7 listopada do godz. 22.<\/strong><\/p>\n\n\n\n<p><strong>\u00a7 7. ZAKRES ODPOWIEDZIALNO\u015aCI ORGANIZATORA<\/strong><\/p>\n\n\n\n<p>1.Organizator nie ponosi odpowiedzialno\u015bci za rzetelno\u015b\u0107 i prawdziwo\u015b\u0107 danych Uczestnik\u00f3w Konkursu, w tym za brak mo\u017cliwo\u015bci przekazania nagr\u00f3d, z przyczyny le\u017c\u0105cych po stronie Uczestnika, w szczeg\u00f3lno\u015bci, je\u015bli ten nie poda\u0142 prawdziwego adresu do korespondencji lub podane dane s\u0105 niepe\u0142ne lub nieaktualne.<\/p>\n\n\n\n<p>2. Organizator o\u015bwiadcza, \u017ce nie prowadzi kontroli, ani monitoringu tre\u015bci umieszczanych przez Uczestnik\u00f3w w zakresie rzetelno\u015bci i prawdziwo\u015bci, z zastrze\u017ceniem dzia\u0142a\u0144 zwi\u0105zanych z usuni\u0119ciem narusze\u0144 Regulaminu lub przepis\u00f3w powszechnie obowi\u0105zuj\u0105cych.<\/p>\n\n\n\n<p>3.Organizator zastrzega sobie prawo do wykluczenia z udzia\u0142u w Konkursie Uczestnik\u00f3w, kt\u00f3rych dzia\u0142ania s\u0105 sprzeczne z prawem lub Regulaminem.<\/p>\n\n\n\n<p>4.Organizator nie ponosi odpowiedzialno\u015bci za jakiekolwiek zak\u0142\u00f3cenia w dzia\u0142aniu \u0142\u0105cz teleinformatycznych, serwer\u00f3w, interfejs\u00f3w oraz przegl\u0105darek.<\/p>\n\n\n\n<p><strong>\u00a7 8. PRZETWARZANIE DANYCH OSOBOWYCH<\/strong><\/p>\n\n\n\n<p>1.Dane osobowe Uczestnik\u00f3w Konkursu b\u0119d\u0105 przetwarzane przez Organizatora wy\u0142\u0105cznie w celu dokonania czynno\u015bci niezb\u0119dnych do prawid\u0142owego przeprowadzenia Konkursu.<\/p>\n\n\n\n<p>2.Dane osobowe Uczestnik\u00f3w Konkursu b\u0119d\u0105 przechowywane przez Organizatora tylko przez okres niezb\u0119dny do przeprowadzenia Konkursu i wydania nagr\u00f3d wyr\u00f3\u017cnionym Uczestnikom.<\/p>\n\n\n\n<p>3.Uczestnicy maj\u0105 prawo wgl\u0105du do przetwarzanych danych i ich poprawiania oraz usuwania. Dane s\u0105 podawane na zasadach dobrowolno\u015bci.<\/p>\n\n\n\n<p>4.W momencie usuni\u0119cia danych U\u017cytkownik traci mo\u017cliwo\u015b\u0107 Uczestnictwa w Konkursie.<\/p>\n\n\n\n<p><strong>\u00a7 9. PRAWA AUTORSKIE<\/strong><\/p>\n\n\n\n<p>1.Wszelkie prawa w\u0142asno\u015bci intelektualnej do Konkursu przys\u0142uguj\u0105 Organizatorowi. Uczestnictwo w Konkursie nie skutkuje w \u017cadnym zakresie nabyciem przez Uczestnik\u00f3w jakichkolwiek praw w\u0142asno\u015bci intelektualnej. Zabronione jest naruszanie w jakikolwiek spos\u00f3b praw w\u0142asno\u015bci intelektualnej w Konkursie, w szczeg\u00f3lno\u015bci:a) kopiowanie, modyfikowanie oraz transmitowanie elektronicznie lub rozpowszechnianie w inny spos\u00f3b mechanizmu Konkursu lub jego cz\u0119\u015bci, a tak\u017ce poszczeg\u00f3lnych utwor\u00f3w i baz danych, bez wyra\u017anej pisemnej zgody Administratora;b) korzystanie z Konkursu w spos\u00f3b niezgodny z Regulaminem lub powszechnie obowi\u0105zuj\u0105cymi przepisami.<\/p>\n\n\n\n<p><strong>\u00a7 10. REKLAMACJE I ZG\u0141OSZENIA NARUSZE\u0143<\/strong><\/p>\n\n\n\n<ol class=\"wp-block-list\">\n<li>Wszelkie reklamacje dotycz\u0105ce sposobu przeprowadzania Konkursu, Uczestnicy winni zg\u0142asza\u0107 na pi\u015bmie w czasie trwania Konkursu, jednak nie p\u00f3\u017aniej ni\u017c w terminie 7 (siedmiu) dni od dnia wydania Nagr\u00f3d.<\/li>\n\n\n\n<li>Reklamacja zg\u0142oszona po wyznaczonym terminie nie wywo\u0142uje skutk\u00f3w prawnych.<\/li>\n\n\n\n<li>Pisemna reklamacja powinna zawiera\u0107 imi\u0119, nazwisko, dok\u0142adny adres Uczestnika oraz dok\u0142adny opis i uzasadnienie reklamacji.<\/li>\n\n\n\n<li><strong>Reklamacja powinna by\u0107 przes\u0142ana listem poleconym na adres Organizatora z dopiskiem \u201eKonkurs z dnia 28 pa\u017adziernika 2025 r.\u201d.<\/strong><\/li>\n\n\n\n<li>Reklamacje rozpatrywane b\u0119d\u0105 pisemnie w terminie 30 dni.<\/li>\n<\/ol>\n\n\n\n<ol class=\"wp-block-list\">\n<li><strong>\u00a7 11. POSTANOWIENIA KO\u0143COWE<\/strong><\/li>\n\n\n\n<li>Regulamin wchodzi w \u017cycie z dniem 28 pa\u017adziernika 2025 r. i obowi\u0105zuje do 29 pa\u017adziernika 2025 r.<\/li>\n\n\n\n<li>W kwestiach nieuregulowanych niniejszym Regulaminem stosuje si\u0119 przepisy Kodeksu cywilnego i inne przepisy prawa.Spory odnosz\u0105ce si\u0119 i wynikaj\u0105ce z Konkursu b\u0119d\u0105 rozwi\u0105zywane przez s\u0105d powszechny w\u0142a\u015bciwy miejscowo dla siedziby Organizatora.Organizator zastrzega sobie prawo do zmiany zasad Konkursu w trakcie jego trwania. Informacja o zmianach b\u0119dzie zamieszczona na stronie gazetaregionalna.com.<\/li>\n<\/ol>\n\n\n\n<p>Zwyci\u0119zcy Konkursu zostan\u0105 powiadomieni o wygranej i o formie jej odbioru w wiadomo\u015bci mailowej wys\u0142anej najp\u00f3\u017aniej do 7 listopada do godz. 22.<\/p>\n","protected":false},"excerpt":{"rendered":"<p>Na kultowy spektakl Agencja Artystyczna Certus zaprasza od wielu lat. &#8222;Klimakterium i&#8230; ju\u017c&#8221; ma w Cz\u0119stochowie tak wielu fan\u00f3w, \u017ce ka\u017cdy powr\u00f3t komedii cieszy<\/p>\n","protected":false},"author":11,"featured_media":142883,"comment_status":"closed","ping_status":"open","sticky":false,"template":"","format":"standard","meta":{"_monsterinsights_skip_tracking":false,"_monsterinsights_sitenote_active":false,"_monsterinsights_sitenote_note":"","_monsterinsights_sitenote_category":0,"_uf_show_specific_survey":0,"_uf_disable_surveys":false,"footnotes":""},"categories":[12,3,94,2],"tags":[1824,144,10128,89],"class_list":["post-142879","post","type-post","status-publish","format-standard","has-post-thumbnail","hentry","category-kultura-i-rozrywka","category-czestochowa-informacje","category-polecane","category-wiadomosci","tag-agencja-artystyczna-certus","tag-czestochowa","tag-klimakterium-i-juz","tag-konkurs"],"_links":{"self":[{"href":"https:\/\/gazetaregionalna.com\/index.php?rest_route=\/wp\/v2\/posts\/142879","targetHints":{"allow":["GET"]}}],"collection":[{"href":"https:\/\/gazetaregionalna.com\/index.php?rest_route=\/wp\/v2\/posts"}],"about":[{"href":"https:\/\/gazetaregionalna.com\/index.php?rest_route=\/wp\/v2\/types\/post"}],"author":[{"embeddable":true,"href":"https:\/\/gazetaregionalna.com\/index.php?rest_route=\/wp\/v2\/users\/11"}],"replies":[{"embeddable":true,"href":"https:\/\/gazetaregionalna.com\/index.php?rest_route=%2Fwp%2Fv2%2Fcomments&post=142879"}],"version-history":[{"count":3,"href":"https:\/\/gazetaregionalna.com\/index.php?rest_route=\/wp\/v2\/posts\/142879\/revisions"}],"predecessor-version":[{"id":142884,"href":"https:\/\/gazetaregionalna.com\/index.php?rest_route=\/wp\/v2\/posts\/142879\/revisions\/142884"}],"wp:featuredmedia":[{"embeddable":true,"href":"https:\/\/gazetaregionalna.com\/index.php?rest_route=\/wp\/v2\/media\/142883"}],"wp:attachment":[{"href":"https:\/\/gazetaregionalna.com\/index.php?rest_route=%2Fwp%2Fv2%2Fmedia&parent=142879"}],"wp:term":[{"taxonomy":"category","embeddable":true,"href":"https:\/\/gazetaregionalna.com\/index.php?rest_route=%2Fwp%2Fv2%2Fcategories&post=142879"},{"taxonomy":"post_tag","embeddable":true,"href":"https:\/\/gazetaregionalna.com\/index.php?rest_route=%2Fwp%2Fv2%2Ftags&post=142879"}],"curies":[{"name":"wp","href":"https:\/\/api.w.org\/{rel}","templated":true}]}}