{"id":14287,"date":"2020-06-17T12:11:31","date_gmt":"2020-06-17T12:11:31","guid":{"rendered":"https:\/\/gazetaregionalna.com\/?p=14287"},"modified":"2020-06-17T12:11:33","modified_gmt":"2020-06-17T12:11:33","slug":"na-miejscu-stracen","status":"publish","type":"post","link":"https:\/\/gazetaregionalna.com\/?p=14287","title":{"rendered":"Uroczysta Msza \u015awi\u0119ta na Miejscu Strace\u0144 w Olsztynie."},"content":{"rendered":"\n<p> 14 czerwca 2020 r. odby\u0142a si\u0119 uroczysta Msza \u015awi\u0119ta na Miejscu Strace\u0144 w Olsztynie upami\u0119tniaj\u0105ca pomordowanych w czasie II Wojny \u015awiatowej przez okupant\u00f3w niemieckich. Termin zbieg\u0142 si\u0119 z rocznic\u0105 haniebnego, moskiewskiego Procesu Szesnastu. <\/p>\n\n\n\n<p> W latach 1938-1945 w lesie olszty\u0144skim dosz\u0142o do masowego mordu. Wi\u0105za\u0142o si\u0119 to m.in. ze wcielanymi przez Niemc\u00f3w planami eksterminacji polskiej inteligencji. W\u015br\u00f3d ofiar niemieckiej akcji \u201eAB\u201d byli przedstawiciele miejscowych elit, urz\u0119dnicy, politycy, ksi\u0119\u017ca katoliccy, nauczyciele, przedstawiciele wolnych zawod\u00f3w, rzemie\u015blnicy, nawet studenci i uczniowie, a tak\u017ce mieszka\u0144cy Cz\u0119stochowy i Radomska przywo\u017ceni z wi\u0119zie\u0144 i akcji pacyfikacyjnych. <\/p>\n\n\n\n<p> Dodatkowo 18 czerwca przypada 75. Rocznica tzw.\u00a0\u201eProcesu Szesnastu\u201d, kt\u00f3ry odby\u0142 si\u0119 w Moskwie. By\u0142 to proces przyw\u00f3dc\u00f3w polskiego pa\u0144stwa podziemnego, tocz\u0105cy si\u0119 przed Kolegium Wojskowego S\u0105du Najwy\u017cszego ZSRR. Oskar\u017cono ich o dzia\u0142ania przeciwko Armii Czerwonej i Zwi\u0105zkowi Sowieckiemu oraz wsp\u00f3\u0142prac\u0119 z Niemcami. By\u0142 to pokazowy proces polityczny. <\/p>\n\n\n\n<p> W 18 zbiorowych grobach na Olszty\u0144skim \u201eMiejscu Strace\u0144\u201d spoczywa 1968 ofiar niemieckiego okupanta. W latach 1942-1943 przywo\u017cono tu tak\u017ce ledwo \u017cywych radzieckich \u017co\u0142nierzy z lagr\u00f3w z Cz\u0119stochowy i dobijano ich strza\u0142em w ty\u0142 g\u0142owy. Ofiary zbrodni by\u0142y chowane na miejscu, a \u015blad po poch\u00f3wku by\u0142 dobrze maskowany. Po wojnie odby\u0142a si\u0119 ekshumacja zw\u0142ok. Przy najwi\u0119kszej mogile po wyzwoleniu postawiono d\u0119bowy krzy\u017c upami\u0119tniaj\u0105cy tamt\u0105 zbrodni\u0119. Cmentarz i pomnik powsta\u0142 w latach 60, p\u0142askorze\u017aby przedstawiaj\u0105ce scen\u0119 po\u017cegnania ludzi id\u0105cych na \u015bmier\u0107 autorstwa W\u0142adys\u0142awa \u0141yd\u017cby, ustawiono tam w latach 80. XX wieku.<\/p>\n\n\n\n<p> We Mszy \u015bwi\u0119tej celebrowanej przez ks. Tomasza Gila, proboszcza Parafii pw. \u015awi\u0119tego Jana Chrzciciela w Olsztynie i ks. Pra\u0142ata Ryszarda Grzesika uczestniczyli: pose\u0142 na Sejm RP &#8211; Lidia Burzy\u0144ska, W\u00f3jt Gminy Olsztyn &#8211; Tomasz Kucharski, naczelnik wydzia\u0142u edukacji Urz\u0119du Miasta Cz\u0119stochowy &#8211; Grzegorz\u00a0Papalski, przewodnicz\u0105cy Rady Gminy Olsztyn &#8211; Janusz Konieczny wraz z radnymi oraz przedstawiciele \u015brodowisk kombatanckich na czele z p. Stefanem\u00a0Stochlem\u00a0z Olsztyna. <\/p>\n\n\n\n<p> Po Mszy \u015bwi\u0119tej odby\u0142 si\u0119 Apel Poleg\u0142ych, kt\u00f3ry odczyta\u0142 podporucznik Adam D\u0142u\u017cniak, a delegacje z\u0142o\u017cy\u0142y w ho\u0142dzie poleg\u0142ym wie\u0144ce i kwiaty. Wart\u0119 honorow\u0105 przy pomnikach sprawowali harcerze z 160 Cz\u0119stochowskiej Dru\u017cyny Harcerskiej \u201eDesant\u201d i 88 \u015arodowiskowej Dru\u017cyny Starszoharcerskiej\u00a0\u201eZo\u015bka\u201d. Opraw\u0119 muzyczn\u0105 zapewnili cz\u0142onkowie Orkiestry D\u0119tej Gminy Olsztyn \u201eSempre\u201d <\/p>\n\n\n\n<p>[post_gallery]<\/p>\n\n\n\n<p>(\u0179r\u00f3d\u0142o: Gmina Olsztyn)<\/p>\n","protected":false},"excerpt":{"rendered":"<p>14 czerwca 2020 r. odby\u0142a si\u0119 uroczysta Msza \u015awi\u0119ta na Miejscu Strace\u0144 w Olsztynie upami\u0119tniaj\u0105ca pomordowanych w czasie II Wojny \u015awiatowej przez okupant\u00f3w niemieckich.<\/p>\n","protected":false},"author":12,"featured_media":14309,"comment_status":"open","ping_status":"open","sticky":false,"template":"","format":"standard","meta":{"_monsterinsights_skip_tracking":false,"_monsterinsights_sitenote_active":false,"_monsterinsights_sitenote_note":"","_monsterinsights_sitenote_category":0,"_uf_show_specific_survey":0,"_uf_disable_surveys":false,"footnotes":""},"categories":[321,3,94,4,13],"tags":[],"class_list":["post-14287","post","type-post","status-publish","format-standard","has-post-thumbnail","hentry","category-historia","category-czestochowa-informacje","category-polecane","category-region","category-wydarzenia"],"_links":{"self":[{"href":"https:\/\/gazetaregionalna.com\/index.php?rest_route=\/wp\/v2\/posts\/14287","targetHints":{"allow":["GET"]}}],"collection":[{"href":"https:\/\/gazetaregionalna.com\/index.php?rest_route=\/wp\/v2\/posts"}],"about":[{"href":"https:\/\/gazetaregionalna.com\/index.php?rest_route=\/wp\/v2\/types\/post"}],"author":[{"embeddable":true,"href":"https:\/\/gazetaregionalna.com\/index.php?rest_route=\/wp\/v2\/users\/12"}],"replies":[{"embeddable":true,"href":"https:\/\/gazetaregionalna.com\/index.php?rest_route=%2Fwp%2Fv2%2Fcomments&post=14287"}],"version-history":[{"count":2,"href":"https:\/\/gazetaregionalna.com\/index.php?rest_route=\/wp\/v2\/posts\/14287\/revisions"}],"predecessor-version":[{"id":14310,"href":"https:\/\/gazetaregionalna.com\/index.php?rest_route=\/wp\/v2\/posts\/14287\/revisions\/14310"}],"wp:featuredmedia":[{"embeddable":true,"href":"https:\/\/gazetaregionalna.com\/index.php?rest_route=\/wp\/v2\/media\/14309"}],"wp:attachment":[{"href":"https:\/\/gazetaregionalna.com\/index.php?rest_route=%2Fwp%2Fv2%2Fmedia&parent=14287"}],"wp:term":[{"taxonomy":"category","embeddable":true,"href":"https:\/\/gazetaregionalna.com\/index.php?rest_route=%2Fwp%2Fv2%2Fcategories&post=14287"},{"taxonomy":"post_tag","embeddable":true,"href":"https:\/\/gazetaregionalna.com\/index.php?rest_route=%2Fwp%2Fv2%2Ftags&post=14287"}],"curies":[{"name":"wp","href":"https:\/\/api.w.org\/{rel}","templated":true}]}}