{"id":14265,"date":"2020-06-17T10:13:14","date_gmt":"2020-06-17T10:13:14","guid":{"rendered":"https:\/\/gazetaregionalna.com\/?p=14265"},"modified":"2020-06-17T10:13:17","modified_gmt":"2020-06-17T10:13:17","slug":"bezpieczna-czestochowa-2","status":"publish","type":"post","link":"https:\/\/gazetaregionalna.com\/?p=14265","title":{"rendered":"Organizatorzy kampanii \u201eBezpieczna Cz\u0119stochowa\u201d apeluj\u0105 o rozwag\u0119 w zbli\u017caj\u0105ce si\u0119 wakacje."},"content":{"rendered":"\n<p>  Dnia 16 czerwca br. odby\u0142a si\u0119 konferencja prasowa na temat akcji \u201eBezpieczna Cz\u0119stochowa\u201d. Na spotkaniu pojawili si\u0119 i przemawiali Prezydent Miasta Cz\u0119stochowy &#8211; Krzysztof Matyjaszczyk, zast\u0119pca Komendanta Miejskiego Policji w\u00a0Cz\u0119stochowie &#8211; nadkom. Gra\u017cyna Dudek, Prezes ZGM\u00a0TBS\u00a0w Cz\u0119stochowie &#8211; Pawe\u0142 Konieczny oraz partnerzy projektu, tj. Naczelnik Wydzia\u0142u Zarz\u0105dzania Kryzysowego Starostwa Powiatowego w Cz\u0119stochowie &#8211; Anetta Ujma i Dyrektor Kasy Rolniczego Ubezpieczenia Spo\u0142ecznego w Cz\u0119stochowie &#8211; Piotr Dobosz. <\/p>\n\n\n\n<p> Przypominamy, akcja \u201e\u017bycie jest przed Tob\u0105, nie w smartfonie\u201d, jest prowadzona wsp\u00f3lnie przez Cz\u0119stochowsk\u0105 Policj\u0119 i ZGM\u00a0TBS\u00a0w Cz\u0119stochowie. Ma ona na celu u\u015bwiadomienie mieszka\u0144c\u00f3w, jakie s\u0105 konsekwencje korzystania z telefonu w czasie przej\u015bcia przez\u00a0pasy, jak i podczas jazdy samochodem. <\/p>\n\n\n\n<p> W dzisiejszych czasach telefon jest nieod\u0142\u0105cznym narz\u0119dziem prawie ka\u017cdego z nas. Teraz nie tylko dzwonimy z niego, ale tak\u017ce korzystamy z r\u00f3\u017cnego rodzaju aplikacji, kt\u00f3re zajmuj\u0105 nam uwag\u0119. Niesie to za sob\u0105 r\u00f3\u017cnego rodzaju konsekwencje jak np. cyberzagro\u017cenie (oszustwa internetowe, hejt, uwodzenia) czy wypadki spowodowane przez nieprawid\u0142owe u\u017cytkowanie smartfona podczas jazdy samochodem, rowerem,\u00a0korzystania\u00a0z drogi przez pieszych czy na rolnictwie. <\/p>\n\n\n\n<p> Podczas spotkania z mediami om\u00f3wione zosta\u0142y za\u0142o\u017cenia kampanii i przekazane najwa\u017cniejsze informacje o tym, jakie zagro\u017cenia niesie za sob\u0105 nieprawid\u0142owe korzystanie ze smartfona w obszarze \u017cycia codziennego, na drodze i w rolnictwie. Kampania dodatkowo ma teraz du\u017cy\u00a0rozg\u0142os, bo\u00a0zbli\u017caj\u0105 si\u0119 wakacje.  <\/p>\n\n\n\n<p> Jak wynika z policyjnych statystyk, w 2019 r. na polskich drogach dosz\u0142o do prawie 3 tys. wypadk\u00f3w na przej\u015bciach dla pieszych, w kt\u00f3rych zgin\u0119\u0142o 190 os\u00f3b, a prawie 3 tys. zosta\u0142o rannych. Szacuje si\u0119, \u017ce co 4 wypadek spowodowany jest przez korzystanie z telefonu kom\u00f3rkowego &#8211; dotyczy to zar\u00f3wno kieruj\u0105cego samochodem czy\u00a0rowerem, jak i pieszego, kt\u00f3ry zapatrzony w ekran swojego smartfona nie jest w stanie zauwa\u017cy\u0107 zagro\u017ce\u0144, kt\u00f3re czyhaj\u0105 na niego na drodze. <\/p>\n\n\n\n<p>Niepokoj\u0105ce s\u0105 r\u00f3wnie\u017c dane Uniwersytetu Gda\u0144skiego i Fundacji Dbam o M\u00f3j Z@si\u0119g, z kt\u00f3rych wynika, \u017ce co pi\u0105ty ucze\u0144 na\u0142ogowo korzysta ze smartfona. Niepok\u00f3j, zdenerwowanie, problemy z koncentracj\u0105 i uczucie przeci\u0105\u017cenia nadmiarem informacji, przy jednoczesnym braku wystarczaj\u0105cego wsparcia ze strony rodzic\u00f3w \u2013 taki obraz polskich nastolatk\u00f3w wy\u0142ania si\u0119 z badania \u201eM\u0142odzi Cyfrowi\u201d.<\/p>\n\n\n\n<p> St\u0105d pomys\u0142 organizator\u00f3w akcji Komendy Miejskiej Policji w Cz\u0119stochowie przy wsp\u00f3\u0142pracy z Urz\u0119dem Miasta Cz\u0119stochowy, Fundacj\u0105 dla Rozwoju\u00a0FDR, Zak\u0142adem Gospodarki Mieszkaniowej\u00a0TBS, Radiem Fiat, Wodoci\u0105gami Cz\u0119stochowskimi, Kas\u0105 Rolniczego Ubezpieczenia Spo\u0142ecznego, Tygodnikiem Katolicki Niedziela o og\u0142oszeniu KONKURSU dla dzieci i m\u0142odzie\u017cy, polegaj\u0105cym na napisaniu w\u0142asnego utworu literackiego w wybranej formie (wiersz, opowiadanie, bajka) z przeznaczeniem dla nastoletnich odbiorc\u00f3w. Utw\u00f3r ma promowa\u0107 bezpieczne wakacje bez smartfona. Prace mo\u017cna nadsy\u0142a\u0107 do <strong>16 lipca 2020 roku<\/strong>. Rozstrzygni\u0119cie konkursu i og\u0142oszenie wynik\u00f3w na stronie internetowej Komendy Miejskiej Policji w Cz\u0119stochowie odb\u0119dzie si\u0119 <strong>28 sierpnia 2020 roku<\/strong>. Szczeg\u00f3\u0142y w regulaminie na stronie KMP w Cz\u0119stochowie <a href=\"http:\/\/www.czestochowa.slaska.policja.gov.pl\/ka7\/informacje\/wiadomosci\" class=\"rank-math-link\" target=\"_blank\" rel=\"noopener\">http:\/\/www.czestochowa.slaska.policja.gov.pl\/ka7\/informacje\/wiadomosci<\/a><\/p>\n\n\n\n<p>[post_gallery]<\/p>\n\n\n\n<p>(\u0179r\u00f3d\u0142o: KMP w Cz\u0119stochowie)<\/p>\n","protected":false},"excerpt":{"rendered":"<p>Dnia 16 czerwca br. odby\u0142a si\u0119 konferencja prasowa na temat akcji \u201eBezpieczna Cz\u0119stochowa\u201d. Na spotkaniu pojawili si\u0119 i przemawiali Prezydent Miasta Cz\u0119stochowy &#8211; Krzysztof<\/p>\n","protected":false},"author":12,"featured_media":13100,"comment_status":"open","ping_status":"open","sticky":false,"template":"","format":"standard","meta":{"_monsterinsights_skip_tracking":false,"_monsterinsights_sitenote_active":false,"_monsterinsights_sitenote_note":"","_monsterinsights_sitenote_category":0,"_uf_show_specific_survey":0,"_uf_disable_surveys":false,"footnotes":""},"categories":[44,3,94,4,2,30,37],"tags":[],"class_list":["post-14265","post","type-post","status-publish","format-standard","has-post-thumbnail","hentry","category-bezpieczenstwo","category-czestochowa-informacje","category-polecane","category-region","category-wiadomosci","category-wypoczynek","category-zdrowie"],"_links":{"self":[{"href":"https:\/\/gazetaregionalna.com\/index.php?rest_route=\/wp\/v2\/posts\/14265","targetHints":{"allow":["GET"]}}],"collection":[{"href":"https:\/\/gazetaregionalna.com\/index.php?rest_route=\/wp\/v2\/posts"}],"about":[{"href":"https:\/\/gazetaregionalna.com\/index.php?rest_route=\/wp\/v2\/types\/post"}],"author":[{"embeddable":true,"href":"https:\/\/gazetaregionalna.com\/index.php?rest_route=\/wp\/v2\/users\/12"}],"replies":[{"embeddable":true,"href":"https:\/\/gazetaregionalna.com\/index.php?rest_route=%2Fwp%2Fv2%2Fcomments&post=14265"}],"version-history":[{"count":5,"href":"https:\/\/gazetaregionalna.com\/index.php?rest_route=\/wp\/v2\/posts\/14265\/revisions"}],"predecessor-version":[{"id":14280,"href":"https:\/\/gazetaregionalna.com\/index.php?rest_route=\/wp\/v2\/posts\/14265\/revisions\/14280"}],"wp:featuredmedia":[{"embeddable":true,"href":"https:\/\/gazetaregionalna.com\/index.php?rest_route=\/wp\/v2\/media\/13100"}],"wp:attachment":[{"href":"https:\/\/gazetaregionalna.com\/index.php?rest_route=%2Fwp%2Fv2%2Fmedia&parent=14265"}],"wp:term":[{"taxonomy":"category","embeddable":true,"href":"https:\/\/gazetaregionalna.com\/index.php?rest_route=%2Fwp%2Fv2%2Fcategories&post=14265"},{"taxonomy":"post_tag","embeddable":true,"href":"https:\/\/gazetaregionalna.com\/index.php?rest_route=%2Fwp%2Fv2%2Ftags&post=14265"}],"curies":[{"name":"wp","href":"https:\/\/api.w.org\/{rel}","templated":true}]}}