{"id":14258,"date":"2020-06-17T07:19:18","date_gmt":"2020-06-17T07:19:18","guid":{"rendered":"https:\/\/gazetaregionalna.com\/?p=14258"},"modified":"2020-06-17T07:19:20","modified_gmt":"2020-06-17T07:19:20","slug":"ulica-korczaka-do-przebudowy","status":"publish","type":"post","link":"https:\/\/gazetaregionalna.com\/?p=14258","title":{"rendered":"Ulica Korczaka do przebudowy"},"content":{"rendered":"\n<h2 class=\"wp-block-heading\"> Miejski Zarz\u0105d Dr\u00f3g i Transportu w Cz\u0119stochowie zapowiada kompleksow\u0105 przebudow\u0119 ulicy Korczaka w centrum miasta. Inwestycja ma by\u0107 niejako doko\u0144czeniem przeprowadzonych wcze\u015bniej w tym rejonie Cz\u0119stochowy modernizacji ruchliwych ulic.<\/h2>\n\n\n\n<p><br> <br> &#8211; <em>Do remontu\u00a0zakwalifikowano\u00a0brakuj\u0105cy element pomi\u0119dzy innymi zrealizowanymi w centrum miasta du\u017cymi inwestycjami: ul. Sobieskiego \u2013 al. Bohater\u00f3w Monte Cassino \u2013 budowa obej\u015bcia Urz\u0119du Wojew\u00f3dzkiego<\/em> \u2013 informuje rzecznik prasowy\u00a0MZDiT\u00a0Maciej\u00a0Hasik.<\/p>\n\n\n\n<figure class=\"wp-block-image size-large\"><img decoding=\"async\" width=\"1024\" height=\"576\" data-src=\"https:\/\/gazetaregionalna.com\/wp-content\/uploads\/2020\/06\/20200616_081436-1024x576.jpg\" alt=\"\" class=\"wp-image-14260 lazyload\" data-srcset=\"https:\/\/gazetaregionalna.com\/wp-content\/uploads\/2020\/06\/20200616_081436-1024x576.jpg 1024w, https:\/\/gazetaregionalna.com\/wp-content\/uploads\/2020\/06\/20200616_081436-300x169.jpg 300w, https:\/\/gazetaregionalna.com\/wp-content\/uploads\/2020\/06\/20200616_081436-768x432.jpg 768w, https:\/\/gazetaregionalna.com\/wp-content\/uploads\/2020\/06\/20200616_081436-1536x864.jpg 1536w, https:\/\/gazetaregionalna.com\/wp-content\/uploads\/2020\/06\/20200616_081436-696x392.jpg 696w, https:\/\/gazetaregionalna.com\/wp-content\/uploads\/2020\/06\/20200616_081436-1068x601.jpg 1068w, https:\/\/gazetaregionalna.com\/wp-content\/uploads\/2020\/06\/20200616_081436-747x420.jpg 747w, https:\/\/gazetaregionalna.com\/wp-content\/uploads\/2020\/06\/20200616_081436.jpg 1200w\" data-sizes=\"(max-width: 1024px) 100vw, 1024px\" src=\"data:image\/svg+xml;base64,PHN2ZyB3aWR0aD0iMSIgaGVpZ2h0PSIxIiB4bWxucz0iaHR0cDovL3d3dy53My5vcmcvMjAwMC9zdmciPjwvc3ZnPg==\" style=\"--smush-placeholder-width: 1024px; --smush-placeholder-aspect-ratio: 1024\/576;\" \/><\/figure>\n\n\n\n<p>\n<br>\nJak\nprzekaza\u0142o&nbsp;MZDiT, na ulicy Korczaka infrastruktura poddana\nzostanie gruntowej przebudowie. Dzi\u0119ki przygotowanej inwestycji\nopr\u00f3cz konstrukcji i nawierzchni ulicy Korczaka zmieni si\u0119 jej\notoczenie.<\/p>\n\n\n\n<p> <br> &#8211; <em>Mieszka\u0144cy zyskaj\u0105 chodnik, drog\u0119 rowerow\u0105, wykonanie kanalizacji deszczowej, przebudow\u0119 i modernizacj\u0119 sieci elektrycznych, zabezpieczenie mechaniczne sieci elektrycznych oraz sieci telekomunikacyjnych<\/em> \u2013 wylicza rzecznik prasowy\u00a0MZDiT. &#8211; <em>Zostanie wykonana telekomunikacyjna kanalizacja technologiczna. Ca\u0142o\u015b\u0107 zwie\u0144czy nowe oznakowanie i zagospodarowanie zieleni.<\/em><\/p>\n\n\n\n<figure class=\"wp-block-image size-large\"><img decoding=\"async\" width=\"1024\" height=\"576\" data-src=\"https:\/\/gazetaregionalna.com\/wp-content\/uploads\/2020\/06\/20200616_081455-1024x576.jpg\" alt=\"\" class=\"wp-image-14261 lazyload\" data-srcset=\"https:\/\/gazetaregionalna.com\/wp-content\/uploads\/2020\/06\/20200616_081455-1024x576.jpg 1024w, https:\/\/gazetaregionalna.com\/wp-content\/uploads\/2020\/06\/20200616_081455-300x169.jpg 300w, https:\/\/gazetaregionalna.com\/wp-content\/uploads\/2020\/06\/20200616_081455-768x432.jpg 768w, https:\/\/gazetaregionalna.com\/wp-content\/uploads\/2020\/06\/20200616_081455-1536x864.jpg 1536w, https:\/\/gazetaregionalna.com\/wp-content\/uploads\/2020\/06\/20200616_081455-696x392.jpg 696w, https:\/\/gazetaregionalna.com\/wp-content\/uploads\/2020\/06\/20200616_081455-1068x601.jpg 1068w, https:\/\/gazetaregionalna.com\/wp-content\/uploads\/2020\/06\/20200616_081455-747x420.jpg 747w, https:\/\/gazetaregionalna.com\/wp-content\/uploads\/2020\/06\/20200616_081455.jpg 1200w\" data-sizes=\"(max-width: 1024px) 100vw, 1024px\" src=\"data:image\/svg+xml;base64,PHN2ZyB3aWR0aD0iMSIgaGVpZ2h0PSIxIiB4bWxucz0iaHR0cDovL3d3dy53My5vcmcvMjAwMC9zdmciPjwvc3ZnPg==\" style=\"--smush-placeholder-width: 1024px; --smush-placeholder-aspect-ratio: 1024\/576;\" \/><\/figure>\n\n\n\n<p><br> <br> Miejski Zarz\u0105d Dr\u00f3g i Transportu przekaza\u0142, \u017ce miasto  na remont ul. Korczaka, kt\u00f3ra jest drog\u0105 powiatow\u0105, uzyska\u0142o dofinansowanie z Programu Dr\u00f3g Samorz\u0105dowych w kwocie ok. miliona z\u0142otych. Dofinansowanie to, jak wyliczono, niemal w ca\u0142o\u015bci pokryje wydatki zwi\u0105zane z realizacj\u0105  inwestycji.<br> (Tekst i fot.\u00a0IBS)<br> <br> <br> <\/p>\n","protected":false},"excerpt":{"rendered":"<p>Miejski Zarz\u0105d Dr\u00f3g i Transportu w Cz\u0119stochowie zapowiada kompleksow\u0105 przebudow\u0119 ulicy Korczaka w centrum miasta. Inwestycja ma by\u0107 niejako doko\u0144czeniem przeprowadzonych wcze\u015bniej w tym<\/p>\n","protected":false},"author":7,"featured_media":14263,"comment_status":"open","ping_status":"open","sticky":false,"template":"","format":"standard","meta":{"_monsterinsights_skip_tracking":false,"_monsterinsights_sitenote_active":false,"_monsterinsights_sitenote_note":"","_monsterinsights_sitenote_category":0,"_uf_show_specific_survey":0,"_uf_disable_surveys":false,"footnotes":""},"categories":[94,3,2],"tags":[],"class_list":["post-14258","post","type-post","status-publish","format-standard","has-post-thumbnail","hentry","category-polecane","category-czestochowa-informacje","category-wiadomosci"],"_links":{"self":[{"href":"https:\/\/gazetaregionalna.com\/index.php?rest_route=\/wp\/v2\/posts\/14258","targetHints":{"allow":["GET"]}}],"collection":[{"href":"https:\/\/gazetaregionalna.com\/index.php?rest_route=\/wp\/v2\/posts"}],"about":[{"href":"https:\/\/gazetaregionalna.com\/index.php?rest_route=\/wp\/v2\/types\/post"}],"author":[{"embeddable":true,"href":"https:\/\/gazetaregionalna.com\/index.php?rest_route=\/wp\/v2\/users\/7"}],"replies":[{"embeddable":true,"href":"https:\/\/gazetaregionalna.com\/index.php?rest_route=%2Fwp%2Fv2%2Fcomments&post=14258"}],"version-history":[{"count":2,"href":"https:\/\/gazetaregionalna.com\/index.php?rest_route=\/wp\/v2\/posts\/14258\/revisions"}],"predecessor-version":[{"id":14264,"href":"https:\/\/gazetaregionalna.com\/index.php?rest_route=\/wp\/v2\/posts\/14258\/revisions\/14264"}],"wp:featuredmedia":[{"embeddable":true,"href":"https:\/\/gazetaregionalna.com\/index.php?rest_route=\/wp\/v2\/media\/14263"}],"wp:attachment":[{"href":"https:\/\/gazetaregionalna.com\/index.php?rest_route=%2Fwp%2Fv2%2Fmedia&parent=14258"}],"wp:term":[{"taxonomy":"category","embeddable":true,"href":"https:\/\/gazetaregionalna.com\/index.php?rest_route=%2Fwp%2Fv2%2Fcategories&post=14258"},{"taxonomy":"post_tag","embeddable":true,"href":"https:\/\/gazetaregionalna.com\/index.php?rest_route=%2Fwp%2Fv2%2Ftags&post=14258"}],"curies":[{"name":"wp","href":"https:\/\/api.w.org\/{rel}","templated":true}]}}