{"id":142315,"date":"2025-10-16T20:21:05","date_gmt":"2025-10-16T20:21:05","guid":{"rendered":"https:\/\/gazetaregionalna.com\/?p=142315"},"modified":"2025-10-16T20:43:54","modified_gmt":"2025-10-16T20:43:54","slug":"artysci-dla-transplantacji-czestochowa","status":"publish","type":"post","link":"https:\/\/gazetaregionalna.com\/?p=142315","title":{"rendered":"Arty\u015bci dla Transplantacji &#8211; Kolacja Charytatywna odb\u0119dzie si\u0119 15 listopada w Hotelu Arche Cz\u0119stochowa"},"content":{"rendered":"\n<h2 class=\"wp-block-heading\">To b\u0119dzie szczeg\u00f3lne wydarzenie! W sobot\u0119, 15 listopada w Hotelu Arche Cz\u0119stochowa odb\u0119dzie si\u0119 Kolacja Charytatywna &#8222;Arty\u015bci dla Transplantacji&#8221;. Za organizacj\u0119 wydarzenie odpowiada Fundacja Dla Transplantacji.<\/h2>\n\n\n\n<p><a href=\"https:\/\/www.facebook.com\/dlatransplantacji\" target=\"_blank\" rel=\"noopener\">Fundacja Dla Transplantacji <\/a>zosta\u0142a za\u0142o\u017cona w 2016 r. Jej prezesem jest dr n. med. Zygmunt Kalici\u0144ski, kardiochirurg i transplantolog. Misj\u0105 organizacji jest promowanie transplantacji, jako formy ratowania \u017cycia! &#8211; Najpi\u0119kniejsi jeste\u015bmy, gdy pomagamy innym, gdy dzielimy si\u0119. W transplantacji dzielimy si\u0119 sob\u0105, swoim cia\u0142em. Nie ma pi\u0119kniejszej rzeczy ni\u017c dar \u017cycia. Podzielmy si\u0119 sob\u0105, podzielmy si\u0119 \u017cyciem, zosta\u0144my dawcami narz\u0105d\u00f3w! &#8211; zaznacza prezes Fundacji.<\/p>\n\n\n\n<p>Organizacja prowadzi dwie og\u00f3lnopolskie akcje spo\u0142eczno\u015bciowe: #12GodzinDla\u017bycia oraz #ZostawSerceNaZiemi. W ich promocji pomagaj\u0105 arty\u015bci, sportowcy, ludzie zwi\u0105zani z mediami oraz najlepsi kardiochirurdzy w Polsce (szczeg\u00f3\u0142y &#8211; <a href=\"https:\/\/dlatransplantacji.pl\/\" target=\"_blank\" rel=\"noopener\">dlatransplantacji.pl<\/a>).<\/p>\n\n\n\n<p>To ona stoi r\u00f3wnie\u017c za Charytatywnymi Kolacjami z cyklu Arty\u015bci dla Transplantacji. I takie w\u0142a\u015bnie wydarzenie zaplanowano w Cz\u0119stochowie ju\u017c 15 listopada. Kolacja odb\u0119dzie si\u0119 w Hotelu Arche.<\/p>\n\n\n\n<p>Muzyczn\u0105 gwiazd\u0105 b\u0119dzie Urszula, a go\u015bciem specjalnym &#8211; Anastazja Jakubiak. Na scenie wyst\u0105pi r\u00f3wnie\u017c Marta Dunal &#8211; cz\u0119stochowska malarka i wokalistka, a tak\u017ce zesp\u00f3\u0142 HLA4, kt\u00f3rego sk\u0142ad tworzy wspomniany dr Kalici\u0144ski.<\/p>\n\n\n\n<p>Wy\u015bmienite dania zostan\u0105 przygotowane przez najlepszych polskich kucharzy. Wiecz\u00f3r poprowadz\u0105 Michel Moran, Jagna Niedzielska i Krzysztof S\u0142abikowski.<\/p>\n\n\n\n<figure class=\"wp-block-image size-large\"><img decoding=\"async\" width=\"720\" height=\"1024\" data-src=\"https:\/\/gazetaregionalna.com\/wp-content\/uploads\/2025\/10\/b1-kolacja-chartytatywna_page-0001-720x1024.jpg\" alt=\"\" class=\"wp-image-142321 lazyload\" data-srcset=\"https:\/\/gazetaregionalna.com\/wp-content\/uploads\/2025\/10\/b1-kolacja-chartytatywna_page-0001-720x1024.jpg 720w, https:\/\/gazetaregionalna.com\/wp-content\/uploads\/2025\/10\/b1-kolacja-chartytatywna_page-0001-211x300.jpg 211w, https:\/\/gazetaregionalna.com\/wp-content\/uploads\/2025\/10\/b1-kolacja-chartytatywna_page-0001-768x1092.jpg 768w, https:\/\/gazetaregionalna.com\/wp-content\/uploads\/2025\/10\/b1-kolacja-chartytatywna_page-0001-1080x1536.jpg 1080w, https:\/\/gazetaregionalna.com\/wp-content\/uploads\/2025\/10\/b1-kolacja-chartytatywna_page-0001-scaled.jpg 1125w\" data-sizes=\"(max-width: 720px) 100vw, 720px\" src=\"data:image\/svg+xml;base64,PHN2ZyB3aWR0aD0iMSIgaGVpZ2h0PSIxIiB4bWxucz0iaHR0cDovL3d3dy53My5vcmcvMjAwMC9zdmciPjwvc3ZnPg==\" style=\"--smush-placeholder-width: 720px; --smush-placeholder-aspect-ratio: 720\/1024;\" \/><\/figure>\n\n\n\n<p>Celem wydarzenia jest wsparcie dzia\u0142a\u0144 na rzecz transplantologii oraz promocja idei dawstwa narz\u0105d\u00f3w. Ca\u0142kowity doch\u00f3d z kolacji zostanie przekazany na cele statutowe Fundacji.<\/p>\n\n\n\n<p>Warto wesprze\u0107 organizacj\u0119 tego szlachetnego dzie\u0142a! Organizatorzy zapraszaj\u0105 do kontaktu osoby i firmy, kt\u00f3re zgodzi\u0142yby si\u0119 przekaza\u0107 na przedmioty b\u0105d\u017a us\u0142ugi na licytacj\u0119. <\/p>\n\n\n\n<p><strong>Kontakt:<\/strong><\/p>\n\n\n\n<p>Sylwia K\u0119dziora &#8211; wsp\u00f3\u0142praca z mediami, pozyskiwanie rzeczy i us\u0142ug na licytacj\u0119,&nbsp;tel. 661 589 077, <a href=\"mailto:ls.kedziora@interia.pl\">ls.kedziora@interia.pl<\/a><\/p>\n\n\n\n<p>Patryk Dziamski  -kontakt w sprawie sponsoringu i pakiet\u00f3w, tel. 602 673 042, <a href=\"mailto:patryk@dziamskiconcept.pl\">patryk@dziamskiconcept.pl<\/a><\/p>\n","protected":false},"excerpt":{"rendered":"<p>To b\u0119dzie szczeg\u00f3lne wydarzenie! W sobot\u0119, 15 listopada w Hotelu Arche Cz\u0119stochowa odb\u0119dzie si\u0119 Kolacja Charytatywna &#8222;Arty\u015bci dla Transplantacji&#8221;. Za organizacj\u0119 wydarzenie odpowiada Fundacja<\/p>\n","protected":false},"author":11,"featured_media":142321,"comment_status":"closed","ping_status":"open","sticky":false,"template":"","format":"standard","meta":{"_monsterinsights_skip_tracking":false,"_monsterinsights_sitenote_active":false,"_monsterinsights_sitenote_note":"","_monsterinsights_sitenote_category":0,"_uf_show_specific_survey":0,"_uf_disable_surveys":false,"footnotes":""},"categories":[2,3,12,94],"tags":[10135,144,10136,10137,10134,467],"class_list":["post-142315","post","type-post","status-publish","format-standard","has-post-thumbnail","hentry","category-wiadomosci","category-czestochowa-informacje","category-kultura-i-rozrywka","category-polecane","tag-artysci-dla-transplantacji","tag-czestochowa","tag-fundacja-dla-transplantacji","tag-hotel-arche-czestochowa","tag-kolacja-charytatywna","tag-pomoc"],"_links":{"self":[{"href":"https:\/\/gazetaregionalna.com\/index.php?rest_route=\/wp\/v2\/posts\/142315","targetHints":{"allow":["GET"]}}],"collection":[{"href":"https:\/\/gazetaregionalna.com\/index.php?rest_route=\/wp\/v2\/posts"}],"about":[{"href":"https:\/\/gazetaregionalna.com\/index.php?rest_route=\/wp\/v2\/types\/post"}],"author":[{"embeddable":true,"href":"https:\/\/gazetaregionalna.com\/index.php?rest_route=\/wp\/v2\/users\/11"}],"replies":[{"embeddable":true,"href":"https:\/\/gazetaregionalna.com\/index.php?rest_route=%2Fwp%2Fv2%2Fcomments&post=142315"}],"version-history":[{"count":5,"href":"https:\/\/gazetaregionalna.com\/index.php?rest_route=\/wp\/v2\/posts\/142315\/revisions"}],"predecessor-version":[{"id":142330,"href":"https:\/\/gazetaregionalna.com\/index.php?rest_route=\/wp\/v2\/posts\/142315\/revisions\/142330"}],"wp:featuredmedia":[{"embeddable":true,"href":"https:\/\/gazetaregionalna.com\/index.php?rest_route=\/wp\/v2\/media\/142321"}],"wp:attachment":[{"href":"https:\/\/gazetaregionalna.com\/index.php?rest_route=%2Fwp%2Fv2%2Fmedia&parent=142315"}],"wp:term":[{"taxonomy":"category","embeddable":true,"href":"https:\/\/gazetaregionalna.com\/index.php?rest_route=%2Fwp%2Fv2%2Fcategories&post=142315"},{"taxonomy":"post_tag","embeddable":true,"href":"https:\/\/gazetaregionalna.com\/index.php?rest_route=%2Fwp%2Fv2%2Ftags&post=142315"}],"curies":[{"name":"wp","href":"https:\/\/api.w.org\/{rel}","templated":true}]}}