{"id":142311,"date":"2025-10-16T14:40:40","date_gmt":"2025-10-16T14:40:40","guid":{"rendered":"https:\/\/gazetaregionalna.com\/?p=142311"},"modified":"2025-10-16T14:40:41","modified_gmt":"2025-10-16T14:40:41","slug":"trener-marek-papszun-przed-sobotnim-meczem-rakowa-w-krakowie","status":"publish","type":"post","link":"https:\/\/gazetaregionalna.com\/?p=142311","title":{"rendered":"Trener Marek Papszun przed sobotnim meczem Rakowa w Krakowie"},"content":{"rendered":"\n<p>Pi\u0142karze Rakowa Cz\u0119stochowa wracaj\u0105 do rozgrywek w PKO BP Ekstraklasie i w sobotni wiecz\u00f3r zagraj\u0105 w Krakowie z Cracovi\u0105. &#8211; Przed nami trudne spotkanie w Krakowie z dobrze dysponowanym zespo\u0142em \u2013 m\u00f3wi trener Rakowa Marek Papszun.<\/p>\n\n\n\n<p>Po dw\u00f3ch wygranych z rz\u0119du w PKO BP Ekstraklasie i 2-tygodniowej przerwie na gr\u0119 reprezentacji pi\u0142karze Rakowa wracaj\u0105 do gry w PKO BP Ekstraklasie. Rak\u00f3w zagra w sobot\u0119 w Krakowie przy ul. Ka\u0142u\u017cy z Cracovi\u0105.<\/p>\n\n\n\n<p>&#8211; Staramy si\u0119 zawsze wykorzysta\u0107 ka\u017cdy dzie\u0144 najlepiej jak potrafimy i jak umiemy \u2013 m\u00f3wi trener Rakowa Marek Papszun. &#8211; Teraz tych dni by\u0142o stosunkowo du\u017co. Wi\u0119c ka\u017cdy dzie\u0144 starali\u015bmy si\u0119 przepracowa\u0107 najlepiej jak umiemy. Z jak najwi\u0119kszym zaanga\u017cowaniem. Wierz\u0119 w to, \u017ce ta praca przyniesie efekty i b\u0119dziemy robi\u0107 post\u0119p. B\u0119dziemy coraz lepsi i to b\u0119dzie wida\u0107 w tych kolejnych spotkaniach. Przed nami trudne spotkanie w Krakowie z dobrze dysponowanym zespo\u0142em. Z zespo\u0142em, kt\u00f3ry jak widzimy b\u0119dzie si\u0119 liczy\u0142 w rozgrywce o te najwy\u017csze pozycje. Zdajemy sobie z tego spraw\u0119 wi\u0119c w sobot\u0119 o godz. 20:15 musimy by\u0107 gotowi w ka\u017cdym aspekcie, aby podo\u0142a\u0107 wyzwaniu.<\/p>\n\n\n\n<p>MR-K, fot: AK<\/p>\n\n\n\n<p>Partnerami relacji sportowych s\u0105:<\/p>\n\n\n\n<p>DMK Invest materia\u0142y budowlane Konopiska<\/p>\n\n\n\n<p>Orlikowscy. Pokrycia dachowe i rynny<\/p>\n\n\n\n<p>Hektronik Systems \u2013 Centrum hydroizolacji<\/p>\n\n\n\n<p>Invictel \u2013 systemy alarmowe, monitoringi, automatyka do bram, smarthome<\/p>\n\n\n\n<figure class=\"wp-block-image size-full\"><img decoding=\"async\" width=\"715\" height=\"715\" data-src=\"https:\/\/gazetaregionalna.com\/wp-content\/uploads\/2025\/10\/Invictel.jpg\" alt=\"\" class=\"wp-image-141997 lazyload\" data-srcset=\"https:\/\/gazetaregionalna.com\/wp-content\/uploads\/2025\/10\/Invictel.jpg 715w, https:\/\/gazetaregionalna.com\/wp-content\/uploads\/2025\/10\/Invictel-300x300.jpg 300w, https:\/\/gazetaregionalna.com\/wp-content\/uploads\/2025\/10\/Invictel-150x150.jpg 150w, https:\/\/gazetaregionalna.com\/wp-content\/uploads\/2025\/10\/Invictel-215x215.jpg 215w\" data-sizes=\"(max-width: 715px) 100vw, 715px\" src=\"data:image\/svg+xml;base64,PHN2ZyB3aWR0aD0iMSIgaGVpZ2h0PSIxIiB4bWxucz0iaHR0cDovL3d3dy53My5vcmcvMjAwMC9zdmciPjwvc3ZnPg==\" style=\"--smush-placeholder-width: 715px; --smush-placeholder-aspect-ratio: 715\/715;\" \/><\/figure>\n\n\n\n<figure class=\"wp-block-image size-large\"><img decoding=\"async\" width=\"1024\" height=\"1024\" data-src=\"https:\/\/gazetaregionalna.com\/wp-content\/uploads\/2025\/10\/Hermetik-1024x1024.jpg\" alt=\"\" class=\"wp-image-141937 lazyload\" data-srcset=\"https:\/\/gazetaregionalna.com\/wp-content\/uploads\/2025\/10\/Hermetik-1024x1024.jpg 1024w, https:\/\/gazetaregionalna.com\/wp-content\/uploads\/2025\/10\/Hermetik-300x300.jpg 300w, https:\/\/gazetaregionalna.com\/wp-content\/uploads\/2025\/10\/Hermetik-150x150.jpg 150w, https:\/\/gazetaregionalna.com\/wp-content\/uploads\/2025\/10\/Hermetik-768x768.jpg 768w, https:\/\/gazetaregionalna.com\/wp-content\/uploads\/2025\/10\/Hermetik-215x215.jpg 215w, https:\/\/gazetaregionalna.com\/wp-content\/uploads\/2025\/10\/Hermetik.jpg 1080w\" data-sizes=\"(max-width: 1024px) 100vw, 1024px\" src=\"data:image\/svg+xml;base64,PHN2ZyB3aWR0aD0iMSIgaGVpZ2h0PSIxIiB4bWxucz0iaHR0cDovL3d3dy53My5vcmcvMjAwMC9zdmciPjwvc3ZnPg==\" style=\"--smush-placeholder-width: 1024px; --smush-placeholder-aspect-ratio: 1024\/1024;\" \/><\/figure>\n\n\n\n<figure class=\"wp-block-image size-large\"><img decoding=\"async\" width=\"1024\" height=\"683\" data-src=\"https:\/\/gazetaregionalna.com\/wp-content\/uploads\/2024\/08\/Marek-Papszun-Rakow-1024x683.jpg\" alt=\"\" class=\"wp-image-127875 lazyload\" data-srcset=\"https:\/\/gazetaregionalna.com\/wp-content\/uploads\/2024\/08\/Marek-Papszun-Rakow-1024x683.jpg 1024w, https:\/\/gazetaregionalna.com\/wp-content\/uploads\/2024\/08\/Marek-Papszun-Rakow-300x200.jpg 300w, https:\/\/gazetaregionalna.com\/wp-content\/uploads\/2024\/08\/Marek-Papszun-Rakow-768x512.jpg 768w, https:\/\/gazetaregionalna.com\/wp-content\/uploads\/2024\/08\/Marek-Papszun-Rakow-1536x1024.jpg 1536w, https:\/\/gazetaregionalna.com\/wp-content\/uploads\/2024\/08\/Marek-Papszun-Rakow-2048x1365.jpg 2048w, https:\/\/gazetaregionalna.com\/wp-content\/uploads\/2024\/08\/Marek-Papszun-Rakow-scaled.jpg 1600w\" data-sizes=\"(max-width: 1024px) 100vw, 1024px\" src=\"data:image\/svg+xml;base64,PHN2ZyB3aWR0aD0iMSIgaGVpZ2h0PSIxIiB4bWxucz0iaHR0cDovL3d3dy53My5vcmcvMjAwMC9zdmciPjwvc3ZnPg==\" style=\"--smush-placeholder-width: 1024px; --smush-placeholder-aspect-ratio: 1024\/683;\" \/><\/figure>\n\n\n\n<figure class=\"wp-block-image size-large\"><img decoding=\"async\" width=\"1024\" height=\"1024\" data-src=\"https:\/\/gazetaregionalna.com\/wp-content\/uploads\/2025\/10\/DMK-12.10.25-2-1024x1024.jpg\" alt=\"\" class=\"wp-image-142121 lazyload\" data-srcset=\"https:\/\/gazetaregionalna.com\/wp-content\/uploads\/2025\/10\/DMK-12.10.25-2-1024x1024.jpg 1024w, https:\/\/gazetaregionalna.com\/wp-content\/uploads\/2025\/10\/DMK-12.10.25-2-300x300.jpg 300w, https:\/\/gazetaregionalna.com\/wp-content\/uploads\/2025\/10\/DMK-12.10.25-2-150x150.jpg 150w, https:\/\/gazetaregionalna.com\/wp-content\/uploads\/2025\/10\/DMK-12.10.25-2-768x768.jpg 768w, https:\/\/gazetaregionalna.com\/wp-content\/uploads\/2025\/10\/DMK-12.10.25-2-215x215.jpg 215w, https:\/\/gazetaregionalna.com\/wp-content\/uploads\/2025\/10\/DMK-12.10.25-2.jpg 1200w\" data-sizes=\"(max-width: 1024px) 100vw, 1024px\" src=\"data:image\/svg+xml;base64,PHN2ZyB3aWR0aD0iMSIgaGVpZ2h0PSIxIiB4bWxucz0iaHR0cDovL3d3dy53My5vcmcvMjAwMC9zdmciPjwvc3ZnPg==\" style=\"--smush-placeholder-width: 1024px; --smush-placeholder-aspect-ratio: 1024\/1024;\" \/><\/figure>\n\n\n\n<figure class=\"wp-block-image size-large\"><img decoding=\"async\" width=\"1024\" height=\"1024\" data-src=\"https:\/\/gazetaregionalna.com\/wp-content\/uploads\/2025\/08\/Orlikowscy-1-1024x1024.jpg\" alt=\"\" class=\"wp-image-140849 lazyload\" data-srcset=\"https:\/\/gazetaregionalna.com\/wp-content\/uploads\/2025\/08\/Orlikowscy-1-1024x1024.jpg 1024w, https:\/\/gazetaregionalna.com\/wp-content\/uploads\/2025\/08\/Orlikowscy-1-300x300.jpg 300w, https:\/\/gazetaregionalna.com\/wp-content\/uploads\/2025\/08\/Orlikowscy-1-150x150.jpg 150w, https:\/\/gazetaregionalna.com\/wp-content\/uploads\/2025\/08\/Orlikowscy-1-768x768.jpg 768w, https:\/\/gazetaregionalna.com\/wp-content\/uploads\/2025\/08\/Orlikowscy-1-215x215.jpg 215w, https:\/\/gazetaregionalna.com\/wp-content\/uploads\/2025\/08\/Orlikowscy-1.jpg 1080w\" data-sizes=\"(max-width: 1024px) 100vw, 1024px\" src=\"data:image\/svg+xml;base64,PHN2ZyB3aWR0aD0iMSIgaGVpZ2h0PSIxIiB4bWxucz0iaHR0cDovL3d3dy53My5vcmcvMjAwMC9zdmciPjwvc3ZnPg==\" style=\"--smush-placeholder-width: 1024px; --smush-placeholder-aspect-ratio: 1024\/1024;\" \/><\/figure>\n\n\n\n<figure class=\"wp-block-image size-large\"><img decoding=\"async\" width=\"1024\" height=\"684\" data-src=\"https:\/\/gazetaregionalna.com\/wp-content\/uploads\/2025\/10\/Rakow-Motor-0-1024x684.jpg\" alt=\"\" class=\"wp-image-141940 lazyload\" data-srcset=\"https:\/\/gazetaregionalna.com\/wp-content\/uploads\/2025\/10\/Rakow-Motor-0-1024x684.jpg 1024w, https:\/\/gazetaregionalna.com\/wp-content\/uploads\/2025\/10\/Rakow-Motor-0-300x201.jpg 300w, https:\/\/gazetaregionalna.com\/wp-content\/uploads\/2025\/10\/Rakow-Motor-0-768x513.jpg 768w, https:\/\/gazetaregionalna.com\/wp-content\/uploads\/2025\/10\/Rakow-Motor-0.jpg 1200w\" data-sizes=\"(max-width: 1024px) 100vw, 1024px\" src=\"data:image\/svg+xml;base64,PHN2ZyB3aWR0aD0iMSIgaGVpZ2h0PSIxIiB4bWxucz0iaHR0cDovL3d3dy53My5vcmcvMjAwMC9zdmciPjwvc3ZnPg==\" style=\"--smush-placeholder-width: 1024px; --smush-placeholder-aspect-ratio: 1024\/684;\" \/><\/figure>\n","protected":false},"excerpt":{"rendered":"<p>Pi\u0142karze Rakowa Cz\u0119stochowa wracaj\u0105 do rozgrywek w PKO BP Ekstraklasie i w sobotni wiecz\u00f3r zagraj\u0105 w Krakowie z Cracovi\u0105. &#8211; Przed nami trudne spotkanie<\/p>\n","protected":false},"author":15,"featured_media":142312,"comment_status":"closed","ping_status":"open","sticky":false,"template":"","format":"standard","meta":{"_monsterinsights_skip_tracking":false,"_monsterinsights_sitenote_active":false,"_monsterinsights_sitenote_note":"","_monsterinsights_sitenote_category":0,"_uf_show_specific_survey":0,"_uf_disable_surveys":false,"footnotes":""},"categories":[94,6,5],"tags":[],"class_list":["post-142311","post","type-post","status-publish","format-standard","has-post-thumbnail","hentry","category-polecane","category-pilka-nozna","category-sport"],"_links":{"self":[{"href":"https:\/\/gazetaregionalna.com\/index.php?rest_route=\/wp\/v2\/posts\/142311","targetHints":{"allow":["GET"]}}],"collection":[{"href":"https:\/\/gazetaregionalna.com\/index.php?rest_route=\/wp\/v2\/posts"}],"about":[{"href":"https:\/\/gazetaregionalna.com\/index.php?rest_route=\/wp\/v2\/types\/post"}],"author":[{"embeddable":true,"href":"https:\/\/gazetaregionalna.com\/index.php?rest_route=\/wp\/v2\/users\/15"}],"replies":[{"embeddable":true,"href":"https:\/\/gazetaregionalna.com\/index.php?rest_route=%2Fwp%2Fv2%2Fcomments&post=142311"}],"version-history":[{"count":1,"href":"https:\/\/gazetaregionalna.com\/index.php?rest_route=\/wp\/v2\/posts\/142311\/revisions"}],"predecessor-version":[{"id":142313,"href":"https:\/\/gazetaregionalna.com\/index.php?rest_route=\/wp\/v2\/posts\/142311\/revisions\/142313"}],"wp:featuredmedia":[{"embeddable":true,"href":"https:\/\/gazetaregionalna.com\/index.php?rest_route=\/wp\/v2\/media\/142312"}],"wp:attachment":[{"href":"https:\/\/gazetaregionalna.com\/index.php?rest_route=%2Fwp%2Fv2%2Fmedia&parent=142311"}],"wp:term":[{"taxonomy":"category","embeddable":true,"href":"https:\/\/gazetaregionalna.com\/index.php?rest_route=%2Fwp%2Fv2%2Fcategories&post=142311"},{"taxonomy":"post_tag","embeddable":true,"href":"https:\/\/gazetaregionalna.com\/index.php?rest_route=%2Fwp%2Fv2%2Ftags&post=142311"}],"curies":[{"name":"wp","href":"https:\/\/api.w.org\/{rel}","templated":true}]}}