{"id":142304,"date":"2025-10-16T07:26:28","date_gmt":"2025-10-16T07:26:28","guid":{"rendered":"https:\/\/gazetaregionalna.com\/?p=142304"},"modified":"2025-10-16T14:42:38","modified_gmt":"2025-10-16T14:42:38","slug":"jest-nowy-prezes-wlokniarza-czestochowa","status":"publish","type":"post","link":"https:\/\/gazetaregionalna.com\/?p=142304","title":{"rendered":"Jest nowy prezes W\u0142\u00f3kniarza Cz\u0119stochowa"},"content":{"rendered":"\n<p>Na zorganizowanej w ubieg\u0142ym tygodniu konferencji prasowej nowy w\u0142a\u015bciciel W\u0142\u00f3kniarza Cz\u0119stochowa Pan Bart\u0142omiej Januszka zapowiedzia\u0142, \u017ce do obsadzenia pozosta\u0142o stanowisko prezesa klubu. Zosta\u0142 nim znany w cz\u0119stochowskim \u015brodowisku \u017cu\u017clowym Jakub Michalski.<\/p>\n\n\n\n<p><em>To dla mnie ogromny zaszczyt, ale te\u017c wielkie wyzwanie. Z W\u0142\u00f3kniarzem jestem zwi\u0105zany od dziecka \u2013 jako kibic, p\u00f3\u017aniej by\u0142em obecny przy klubie, anga\u017cowa\u0142em si\u0119 w jego inicjatywy i dzia\u0142ania, a dzi\u015b mog\u0119 powr\u00f3ci\u0107 w zupe\u0142nie nowej roli<\/em>\u00a0<strong>\u2013 <\/strong>powiedzia\u0142 nowo wybrany prezes KRONO-PLAST W\u0142\u00f3kniarza Cz\u0119stochowa Jakub Michalski.<br><em>To bez w\u0105tpienia trudny moment w historii klubu. Przed nami wiele pracy i decyzji, kt\u00f3re b\u0119d\u0105 wymaga\u0142y konsekwencji, zaanga\u017cowania i wsp\u00f3\u0142pracy. Wierz\u0119 jednak g\u0142\u0119boko, \u017ce wsp\u00f3lnymi si\u0142ami \u2013 razem z kibicami, partnerami i wszystkimi, kt\u00f3rym dobro W\u0142\u00f3kniarza le\u017cy na sercu \u2013 b\u0119dziemy sukcesywnie odbudowywa\u0107 presti\u017c i stabiln\u0105 pozycj\u0119 klubu<\/em>.\u00a0<em>Dzi\u0119kuj\u0119 za zaufanie i mog\u0119 zapewni\u0107, \u017ce zrobimy wszystko, by W\u0142\u00f3kniarz by\u0142 powodem do dumy dla ca\u0142ej Cz\u0119stochowy &#8211;\u00a0<\/em>doda\u0142 Michalski.<br><br><em>Jakub Michalski to osoba, kt\u00f3ra \u0142\u0105czy wiele cech istotnych w obecnym momencie dla W\u0142\u00f3kniarza. Do\u015bwiadczy\u0142 \u015bwiata biznesu, doskonale zna realia sportu \u2013 z \u017cu\u017clem na czele \u2013 a przy tym ma bogate do\u015bwiadczenie w prowadzeniu i rozwijaniu organizacji. Na trudne czasy potrzebne s\u0105 odwa\u017cne decyzje, dlatego zdecydowa\u0142em si\u0119 w\u0142a\u015bnie na taki wyb\u00f3r. Wierz\u0119, \u017ce wsp\u00f3lnymi si\u0142ami damy klubowi nowy impuls do rozwoju, odbudujemy zaufanie i zapewnimy W\u0142\u00f3kniarzowi pe\u0142n\u0105 stabilizacj\u0119<\/em>\u00a0\u2013\u00a0skomentowa\u0142 decyzj\u0119 o wyborze prezesa w\u0142a\u015bciciel klubu Bart\u0142omiej Januszka.<br><\/p>\n\n\n\n<hr class=\"wp-block-separator has-alpha-channel-opacity\"\/>\n\n\n\n<p><a href=\"https:\/\/mandrillapp.com\/track\/click\/30572281\/wlokniarz.com?p=eyJzIjoiV3VPaUxZMjFxMFpsZUROYzR4bUY0SUY3MHdFIiwidiI6MiwicCI6IntcInVcIjozMDU3MjI4MSxcInZcIjoyLFwidXJsXCI6XCJodHRwOlxcXC9cXFwvd2xva25pYXJ6LmNvbVxcXC93cC1jb250ZW50XFxcL3VwbG9hZHNcXFwvMjAyNVxcXC8wOVxcXC9rb211bmlrYXQucG5nXCIsXCJpZFwiOlwiYmRiMzc0OTRkNmQ2NGUwZGJiYjZhM2U1ZDE1YWFhZjlcIixcInVybF9pZHNcIjpbXCJlOGNjN2UyZmRmYjA5OTI3YjE0ZWNhYjFjOGUzZDg1ZWY2MDRiNTliXCJdLFwibXNnX3RzXCI6MTc2MDU5ODAzMH0ifQ\" target=\"_blank\" rel=\"noreferrer noopener\"><\/a><br>Jakub Michalski\u00a0to absolwent Szko\u0142y Wy\u017cszej Psychologii Spo\u0142ecznej na kierunku dziennikarstwo i komunikacja spo\u0142eczna oraz Uniwersytetu Wroc\u0142awskiego, gdzie uko\u0144czy\u0142 komunikacj\u0119 wizerunkow\u0105. Posiada ponad 10-letnie do\u015bwiadczenie w obszarze komunikacji, dziennikarstwa, doradztwa biznesowego i zarz\u0105dzania projektami.<br><br>Pracowa\u0142 dla wiod\u0105cych marek z sektor\u00f3w motoryzacyjnego, FMCG oraz us\u0142ugowego, realizuj\u0105c projekty obejmuj\u0105ce strategi\u0119 marki, kampanie wizerunkowe i dzia\u0142ania digitalowe. Odpowiada\u0142 za tworzenie strategii komunikacyjnych dla sp\u00f3\u0142ek publicznych i prywatnych, m.in. \u0141\u00f3dzkiej Kolei Aglomeracyjnej, Kolei Dolno\u015bl\u0105skich, Urz\u0119du Marsza\u0142kowskiego Wojew\u00f3dztwa Dolno\u015bl\u0105skiego, Kompanii Piwowarskiej, LS Airport, Grupy NJOB oraz Loriini.<br><br>By\u0142 zwi\u0105zany z Wa\u0142brzysk\u0105 Specjaln\u0105 Stref\u0105 Ekonomiczn\u0105, gdzie jako dyrektor departamentu komunikacji i CSR odpowiada\u0142 m.in. za obs\u0142ug\u0119 komunikacyjn\u0105 najwi\u0119kszej inwestycji w bran\u017cy automotive w Europie \u015arodkowo-Wschodniej \u2013 Mercedes-Benz \u2013 oraz wsp\u00f3\u0142tworzy\u0142 wizerunek najskuteczniejszej strefy ekonomicznej w Polsce w latach 2022\u20132023.<br><br>W ostatnim czasie pe\u0142ni\u0142 funkcj\u0119 dyrektora zarz\u0105dzaj\u0105cego Fundacji Cancer Fighters, organizacji wspieraj\u0105cej setki os\u00f3b chorych onkologicznie i realizuj\u0105cej og\u00f3lnopolskie projekty spo\u0142eczne. Jest r\u00f3wnie\u017c wsp\u00f3\u0142tw\u00f3rc\u0105 charytatywnych gal boksu Boxing Challenge, \u0142\u0105cz\u0105cych sport, pomoc i inspiracj\u0119 do dzia\u0142ania.<\/p>\n\n\n\n<p>Materia\u0142y prasowe W\u0142\u00f3kniarz Cz\u0119stochowa<\/p>\n\n\n\n<p>Partnerami relacji sportowych s\u0105:<\/p>\n\n\n\n<p>DMK Invest materia\u0142y budowlane Konopiska <\/p>\n\n\n\n<p>Orlikowscy. Pokrycia dachowe i rynny. <\/p>\n\n\n\n<p>Kermetik System &#8211; centrum hydroizolacji <\/p>\n\n\n\n<p>Invictel &#8211; monitoringi, systemy alarmowe,. automatyka do bram, <\/p>\n\n\n\n<figure class=\"wp-block-image size-large\"><img decoding=\"async\" width=\"1024\" height=\"1024\" data-src=\"https:\/\/gazetaregionalna.com\/wp-content\/uploads\/2025\/10\/DMK-12.10.25-1-1024x1024.jpg\" alt=\"\" class=\"wp-image-142120 lazyload\" data-srcset=\"https:\/\/gazetaregionalna.com\/wp-content\/uploads\/2025\/10\/DMK-12.10.25-1-1024x1024.jpg 1024w, https:\/\/gazetaregionalna.com\/wp-content\/uploads\/2025\/10\/DMK-12.10.25-1-300x300.jpg 300w, https:\/\/gazetaregionalna.com\/wp-content\/uploads\/2025\/10\/DMK-12.10.25-1-150x150.jpg 150w, https:\/\/gazetaregionalna.com\/wp-content\/uploads\/2025\/10\/DMK-12.10.25-1-768x768.jpg 768w, https:\/\/gazetaregionalna.com\/wp-content\/uploads\/2025\/10\/DMK-12.10.25-1-215x215.jpg 215w, https:\/\/gazetaregionalna.com\/wp-content\/uploads\/2025\/10\/DMK-12.10.25-1.jpg 1200w\" data-sizes=\"(max-width: 1024px) 100vw, 1024px\" src=\"data:image\/svg+xml;base64,PHN2ZyB3aWR0aD0iMSIgaGVpZ2h0PSIxIiB4bWxucz0iaHR0cDovL3d3dy53My5vcmcvMjAwMC9zdmciPjwvc3ZnPg==\" style=\"--smush-placeholder-width: 1024px; --smush-placeholder-aspect-ratio: 1024\/1024;\" \/><\/figure>\n\n\n\n<p> <\/p>\n\n\n\n<figure class=\"wp-block-image size-large\"><img decoding=\"async\" width=\"819\" height=\"1024\" data-src=\"https:\/\/gazetaregionalna.com\/wp-content\/uploads\/2025\/10\/Mi-819x1024.jpg\" alt=\"\" class=\"wp-image-142305 lazyload\" data-srcset=\"https:\/\/gazetaregionalna.com\/wp-content\/uploads\/2025\/10\/Mi-819x1024.jpg 819w, https:\/\/gazetaregionalna.com\/wp-content\/uploads\/2025\/10\/Mi-240x300.jpg 240w, https:\/\/gazetaregionalna.com\/wp-content\/uploads\/2025\/10\/Mi-768x960.jpg 768w, https:\/\/gazetaregionalna.com\/wp-content\/uploads\/2025\/10\/Mi.jpg 1080w\" data-sizes=\"(max-width: 819px) 100vw, 819px\" src=\"data:image\/svg+xml;base64,PHN2ZyB3aWR0aD0iMSIgaGVpZ2h0PSIxIiB4bWxucz0iaHR0cDovL3d3dy53My5vcmcvMjAwMC9zdmciPjwvc3ZnPg==\" style=\"--smush-placeholder-width: 819px; --smush-placeholder-aspect-ratio: 819\/1024;\" \/><\/figure>\n\n\n\n<figure class=\"wp-block-image size-full\"><img decoding=\"async\" width=\"715\" height=\"715\" data-src=\"https:\/\/gazetaregionalna.com\/wp-content\/uploads\/2025\/10\/Invictel.jpg\" alt=\"\" class=\"wp-image-141997 lazyload\" data-srcset=\"https:\/\/gazetaregionalna.com\/wp-content\/uploads\/2025\/10\/Invictel.jpg 715w, https:\/\/gazetaregionalna.com\/wp-content\/uploads\/2025\/10\/Invictel-300x300.jpg 300w, https:\/\/gazetaregionalna.com\/wp-content\/uploads\/2025\/10\/Invictel-150x150.jpg 150w, https:\/\/gazetaregionalna.com\/wp-content\/uploads\/2025\/10\/Invictel-215x215.jpg 215w\" data-sizes=\"(max-width: 715px) 100vw, 715px\" src=\"data:image\/svg+xml;base64,PHN2ZyB3aWR0aD0iMSIgaGVpZ2h0PSIxIiB4bWxucz0iaHR0cDovL3d3dy53My5vcmcvMjAwMC9zdmciPjwvc3ZnPg==\" style=\"--smush-placeholder-width: 715px; --smush-placeholder-aspect-ratio: 715\/715;\" \/><\/figure>\n\n\n\n<figure class=\"wp-block-image size-large\"><img decoding=\"async\" width=\"1024\" height=\"1024\" data-src=\"https:\/\/gazetaregionalna.com\/wp-content\/uploads\/2025\/08\/Orlikowscy-1-1024x1024.jpg\" alt=\"\" class=\"wp-image-140849 lazyload\" data-srcset=\"https:\/\/gazetaregionalna.com\/wp-content\/uploads\/2025\/08\/Orlikowscy-1-1024x1024.jpg 1024w, https:\/\/gazetaregionalna.com\/wp-content\/uploads\/2025\/08\/Orlikowscy-1-300x300.jpg 300w, https:\/\/gazetaregionalna.com\/wp-content\/uploads\/2025\/08\/Orlikowscy-1-150x150.jpg 150w, https:\/\/gazetaregionalna.com\/wp-content\/uploads\/2025\/08\/Orlikowscy-1-768x768.jpg 768w, https:\/\/gazetaregionalna.com\/wp-content\/uploads\/2025\/08\/Orlikowscy-1-215x215.jpg 215w, https:\/\/gazetaregionalna.com\/wp-content\/uploads\/2025\/08\/Orlikowscy-1.jpg 1080w\" data-sizes=\"(max-width: 1024px) 100vw, 1024px\" src=\"data:image\/svg+xml;base64,PHN2ZyB3aWR0aD0iMSIgaGVpZ2h0PSIxIiB4bWxucz0iaHR0cDovL3d3dy53My5vcmcvMjAwMC9zdmciPjwvc3ZnPg==\" style=\"--smush-placeholder-width: 1024px; --smush-placeholder-aspect-ratio: 1024\/1024;\" \/><\/figure>\n\n\n\n<figure class=\"wp-block-image size-large\"><img decoding=\"async\" width=\"1024\" height=\"1024\" data-src=\"https:\/\/gazetaregionalna.com\/wp-content\/uploads\/2025\/10\/Hermetik-1024x1024.jpg\" alt=\"\" class=\"wp-image-141937 lazyload\" data-srcset=\"https:\/\/gazetaregionalna.com\/wp-content\/uploads\/2025\/10\/Hermetik-1024x1024.jpg 1024w, https:\/\/gazetaregionalna.com\/wp-content\/uploads\/2025\/10\/Hermetik-300x300.jpg 300w, https:\/\/gazetaregionalna.com\/wp-content\/uploads\/2025\/10\/Hermetik-150x150.jpg 150w, https:\/\/gazetaregionalna.com\/wp-content\/uploads\/2025\/10\/Hermetik-768x768.jpg 768w, https:\/\/gazetaregionalna.com\/wp-content\/uploads\/2025\/10\/Hermetik-215x215.jpg 215w, https:\/\/gazetaregionalna.com\/wp-content\/uploads\/2025\/10\/Hermetik.jpg 1080w\" data-sizes=\"(max-width: 1024px) 100vw, 1024px\" src=\"data:image\/svg+xml;base64,PHN2ZyB3aWR0aD0iMSIgaGVpZ2h0PSIxIiB4bWxucz0iaHR0cDovL3d3dy53My5vcmcvMjAwMC9zdmciPjwvc3ZnPg==\" style=\"--smush-placeholder-width: 1024px; --smush-placeholder-aspect-ratio: 1024\/1024;\" \/><\/figure>\n","protected":false},"excerpt":{"rendered":"<p>Na zorganizowanej w ubieg\u0142ym tygodniu konferencji prasowej nowy w\u0142a\u015bciciel W\u0142\u00f3kniarza Cz\u0119stochowa Pan Bart\u0142omiej Januszka zapowiedzia\u0142, \u017ce do obsadzenia pozosta\u0142o stanowisko prezesa klubu. Zosta\u0142 nim<\/p>\n","protected":false},"author":25,"featured_media":142305,"comment_status":"closed","ping_status":"open","sticky":false,"template":"","format":"standard","meta":{"_monsterinsights_skip_tracking":false,"_monsterinsights_sitenote_active":false,"_monsterinsights_sitenote_note":"","_monsterinsights_sitenote_category":0,"_uf_show_specific_survey":0,"_uf_disable_surveys":false,"footnotes":""},"categories":[94,3,5,2,7],"tags":[],"class_list":["post-142304","post","type-post","status-publish","format-standard","has-post-thumbnail","hentry","category-polecane","category-czestochowa-informacje","category-sport","category-wiadomosci","category-zuzel"],"_links":{"self":[{"href":"https:\/\/gazetaregionalna.com\/index.php?rest_route=\/wp\/v2\/posts\/142304","targetHints":{"allow":["GET"]}}],"collection":[{"href":"https:\/\/gazetaregionalna.com\/index.php?rest_route=\/wp\/v2\/posts"}],"about":[{"href":"https:\/\/gazetaregionalna.com\/index.php?rest_route=\/wp\/v2\/types\/post"}],"author":[{"embeddable":true,"href":"https:\/\/gazetaregionalna.com\/index.php?rest_route=\/wp\/v2\/users\/25"}],"replies":[{"embeddable":true,"href":"https:\/\/gazetaregionalna.com\/index.php?rest_route=%2Fwp%2Fv2%2Fcomments&post=142304"}],"version-history":[{"count":1,"href":"https:\/\/gazetaregionalna.com\/index.php?rest_route=\/wp\/v2\/posts\/142304\/revisions"}],"predecessor-version":[{"id":142306,"href":"https:\/\/gazetaregionalna.com\/index.php?rest_route=\/wp\/v2\/posts\/142304\/revisions\/142306"}],"wp:featuredmedia":[{"embeddable":true,"href":"https:\/\/gazetaregionalna.com\/index.php?rest_route=\/wp\/v2\/media\/142305"}],"wp:attachment":[{"href":"https:\/\/gazetaregionalna.com\/index.php?rest_route=%2Fwp%2Fv2%2Fmedia&parent=142304"}],"wp:term":[{"taxonomy":"category","embeddable":true,"href":"https:\/\/gazetaregionalna.com\/index.php?rest_route=%2Fwp%2Fv2%2Fcategories&post=142304"},{"taxonomy":"post_tag","embeddable":true,"href":"https:\/\/gazetaregionalna.com\/index.php?rest_route=%2Fwp%2Fv2%2Ftags&post=142304"}],"curies":[{"name":"wp","href":"https:\/\/api.w.org\/{rel}","templated":true}]}}