{"id":142234,"date":"2025-10-15T07:54:57","date_gmt":"2025-10-15T07:54:57","guid":{"rendered":"https:\/\/gazetaregionalna.com\/?p=142234"},"modified":"2025-10-15T07:54:58","modified_gmt":"2025-10-15T07:54:58","slug":"zdewastowali-we-wrzesniu-elewacje-przy-al-wojska-polskiego-teraz-zostali-rozpoznani-przez-operatorow-monitoringu-i-ujeci-przez-straznikow-miejskich","status":"publish","type":"post","link":"https:\/\/gazetaregionalna.com\/?p=142234","title":{"rendered":"Zdewastowali we wrze\u015bniu elewacj\u0119 przy al. Wojska Polskiego. Teraz zostali rozpoznani przez operator\u00f3w monitoringu i uj\u0119ci przez stra\u017cnik\u00f3w miejskich"},"content":{"rendered":"\n<p>Cz\u0119stochowscy stra\u017cnicy miejscy uj\u0119li 10 pa\u017adziernika 2025 roku dw\u00f3ch m\u0119\u017cczyzn, kt\u00f3rzy 26 wrze\u015bnia 2025 roku zdewastowali elewacj\u0119 przy al. Wojska Polskiego. W\u00f3wczas zostali nagrani przez miejski monitoring wizyjny, ale zdo\u0142ali si\u0119 oddali\u0107 si\u0119.<\/p>\n\n\n\n<p>Pracownicy Stra\u017cy Miejskiej z referatu ds. miejskiego monitoringu wizyjnego mieli jednak rysopisy sprawc\u00f3w. W pi\u0105tek ok. godz. 14:45 m\u0119\u017cczy\u017ani zostali zauwa\u017ceni przez operator\u00f3w miejskiego monitoringu w rejonie al. Niepodleg\u0142o\u015bci. Powiadomieni stra\u017cnicy miejscy uj\u0119li wskazanych m\u0119\u017cczyzn. O fakcie zostali powiadomieni funkcjonariusze z VI KP.<\/p>\n\n\n\n<p>\u0179r\u00f3d\u0142o: www.sm.czestochowa.pl <\/p>\n","protected":false},"excerpt":{"rendered":"<p>Cz\u0119stochowscy stra\u017cnicy miejscy uj\u0119li 10 pa\u017adziernika 2025 roku dw\u00f3ch m\u0119\u017cczyzn, kt\u00f3rzy 26 wrze\u015bnia 2025 roku zdewastowali elewacj\u0119 przy al. Wojska Polskiego. W\u00f3wczas zostali nagrani<\/p>\n","protected":false},"author":25,"featured_media":133561,"comment_status":"closed","ping_status":"open","sticky":false,"template":"","format":"standard","meta":{"_monsterinsights_skip_tracking":false,"_monsterinsights_sitenote_active":false,"_monsterinsights_sitenote_note":"","_monsterinsights_sitenote_category":0,"_uf_show_specific_survey":0,"_uf_disable_surveys":false,"footnotes":""},"categories":[94,3,2],"tags":[],"class_list":["post-142234","post","type-post","status-publish","format-standard","has-post-thumbnail","hentry","category-polecane","category-czestochowa-informacje","category-wiadomosci"],"_links":{"self":[{"href":"https:\/\/gazetaregionalna.com\/index.php?rest_route=\/wp\/v2\/posts\/142234","targetHints":{"allow":["GET"]}}],"collection":[{"href":"https:\/\/gazetaregionalna.com\/index.php?rest_route=\/wp\/v2\/posts"}],"about":[{"href":"https:\/\/gazetaregionalna.com\/index.php?rest_route=\/wp\/v2\/types\/post"}],"author":[{"embeddable":true,"href":"https:\/\/gazetaregionalna.com\/index.php?rest_route=\/wp\/v2\/users\/25"}],"replies":[{"embeddable":true,"href":"https:\/\/gazetaregionalna.com\/index.php?rest_route=%2Fwp%2Fv2%2Fcomments&post=142234"}],"version-history":[{"count":1,"href":"https:\/\/gazetaregionalna.com\/index.php?rest_route=\/wp\/v2\/posts\/142234\/revisions"}],"predecessor-version":[{"id":142236,"href":"https:\/\/gazetaregionalna.com\/index.php?rest_route=\/wp\/v2\/posts\/142234\/revisions\/142236"}],"wp:featuredmedia":[{"embeddable":true,"href":"https:\/\/gazetaregionalna.com\/index.php?rest_route=\/wp\/v2\/media\/133561"}],"wp:attachment":[{"href":"https:\/\/gazetaregionalna.com\/index.php?rest_route=%2Fwp%2Fv2%2Fmedia&parent=142234"}],"wp:term":[{"taxonomy":"category","embeddable":true,"href":"https:\/\/gazetaregionalna.com\/index.php?rest_route=%2Fwp%2Fv2%2Fcategories&post=142234"},{"taxonomy":"post_tag","embeddable":true,"href":"https:\/\/gazetaregionalna.com\/index.php?rest_route=%2Fwp%2Fv2%2Ftags&post=142234"}],"curies":[{"name":"wp","href":"https:\/\/api.w.org\/{rel}","templated":true}]}}