{"id":142119,"date":"2025-10-13T11:23:50","date_gmt":"2025-10-13T11:23:50","guid":{"rendered":"https:\/\/gazetaregionalna.com\/?p=142119"},"modified":"2025-10-13T11:23:51","modified_gmt":"2025-10-13T11:23:51","slug":"kongres-mediacji","status":"publish","type":"post","link":"https:\/\/gazetaregionalna.com\/?p=142119","title":{"rendered":"Cz\u0119stochowa: Wielki Kongres Mediacji ju\u017c 16 pa\u017adziernika"},"content":{"rendered":"\n<h3 class=\"wp-block-heading\"><strong>Ju\u017c w najbli\u017cszy czwartek 16 pa\u017adziernika 2025 roku, w Mi\u0119dzynarodowy Dzie\u0144 Mediacji, na Uniwersytecie Jana D\u0142ugosza w Cz\u0119stochowie odb\u0119dzie si\u0119 pierwszy w Polsce Wielki Kongres Mediacji.<\/strong><\/h3>\n\n\n\n<p>Wyj\u0105tkowe wydarzenie, kt\u00f3re po\u0142\u0105czy r\u00f3\u017cne \u015brodowiska wok\u00f3\u0142 wsp\u00f3lnej idei: upowszechniania mediacji jako sposobu rozwi\u0105zywania spor\u00f3w w duchu dialogu i porozumienia. Kongres zgromadzi s\u0119dzi\u00f3w, mediator\u00f3w, naukowc\u00f3w, przedstawicieli \u015bwiata szkolnictwa, administracji, przedsi\u0119biorc\u00f3w, pe\u0142nomocnik\u00f3w oraz uczni\u00f3w, tworz\u0105c przestrze\u0144 do rozmowy o tym, jak budowa\u0107 kultur\u0119 porozumienia w \u017cyciu spo\u0142ecznym, zawodowym i edukacyjnym.<\/p>\n\n\n\n<h4 class=\"wp-block-heading\">\u200b<strong>Najwi\u0119ksze wydarzenie mediacyjne w Polsce<\/strong><\/h4>\n\n\n\n<p>Obrady rozpoczn\u0105 si\u0119 o godz. 9.00 wsp\u00f3ln\u0105 sesj\u0105 plenarn\u0105 na Wydziale Prawa i Ekonomii UJD przy ul. Dominika Zbierskiego 2\/4. Nast\u0119pnie uczestnicy wezm\u0105 udzia\u0142 w o\u015bmiu r\u00f3wnoleg\u0142ych blokach tematycznych, po\u015bwi\u0119conych r\u00f3\u017cnym obszarom mediacji:<\/p>\n\n\n\n<ul class=\"wp-block-list\">\n<li>cywilnej,<\/li>\n\n\n\n<li>karnej,<\/li>\n\n\n\n<li>rodzinnej,<\/li>\n\n\n\n<li>r\u00f3wie\u015bniczej,<\/li>\n\n\n\n<li>administracyjnej,<\/li>\n\n\n\n<li>gospodarczej,<\/li>\n\n\n\n<li>w prawie pracy i sporach zbiorowych,<\/li>\n\n\n\n<li>oraz w specjalnym bloku \u201eAplikanci o mediacji\u201d, przygotowanym przez m\u0142odych prawnik\u00f3w.<\/li>\n<\/ul>\n\n\n\n<p>Zwie\u0144czeniem wydarzenia b\u0119dzie zamykaj\u0105ca sesja plenarna, podczas kt\u00f3rej uczestnicy wsp\u00f3lnie podsumuj\u0105 wnioski z ca\u0142odniowych obrad. Zamkni\u0119cie obrad zaplanowane jest na godz.15.00.<\/p>\n\n\n\n<figure class=\"wp-block-image size-large is-resized\"><img decoding=\"async\" width=\"1024\" height=\"683\" data-src=\"https:\/\/gazetaregionalna.com\/wp-content\/uploads\/2025\/10\/Kongres-mediacji1-1024x683.jpg\" alt=\"\" class=\"wp-image-142142 lazyload\" style=\"--smush-placeholder-width: 1024px; --smush-placeholder-aspect-ratio: 1024\/683;width:507px;height:auto\" data-srcset=\"https:\/\/gazetaregionalna.com\/wp-content\/uploads\/2025\/10\/Kongres-mediacji1-1024x683.jpg 1024w, https:\/\/gazetaregionalna.com\/wp-content\/uploads\/2025\/10\/Kongres-mediacji1-300x200.jpg 300w, https:\/\/gazetaregionalna.com\/wp-content\/uploads\/2025\/10\/Kongres-mediacji1-768x512.jpg 768w, https:\/\/gazetaregionalna.com\/wp-content\/uploads\/2025\/10\/Kongres-mediacji1.jpg 1200w\" data-sizes=\"(max-width: 1024px) 100vw, 1024px\" src=\"data:image\/svg+xml;base64,PHN2ZyB3aWR0aD0iMSIgaGVpZ2h0PSIxIiB4bWxucz0iaHR0cDovL3d3dy53My5vcmcvMjAwMC9zdmciPjwvc3ZnPg==\" \/><\/figure>\n\n\n\n<h4 class=\"wp-block-heading\">\u200b<strong>Mediacja w praktyce \u2013 symulacje, panele, inspiracje<\/strong><\/h4>\n\n\n\n<p>Podczas kongresu b\u0119dzie mo\u017cna obejrze\u0107 symulacje mediacji w r\u00f3\u017cnych kategoriach spraw, wys\u0142ucha\u0107 ekspert\u00f3w z ca\u0142ej Polski w panelach dyskusyjnych oraz pozna\u0107 projekty popularyzuj\u0105ce mediacj\u0119 realizowane przez s\u0105dy, szko\u0142y, uczelnie i organizacje spo\u0142eczne.<br>W\u015br\u00f3d temat\u00f3w znajd\u0105 si\u0119 m.in.:<\/p>\n\n\n\n<ul class=\"wp-block-list\">\n<li>rola sprawiedliwo\u015bci<strong> <\/strong>naprawczej w post\u0119powaniu karnym,<\/li>\n\n\n\n<li>mo\u017cliwo\u015bci stosowania mediacji w \u015brodowisku postpenitencjarnym,<\/li>\n\n\n\n<li>standardy mediacji szkolnych i r\u00f3wie\u015bniczych,<\/li>\n\n\n\n<li>wdra\u017canie mediacji w urz\u0119dach, firmach i instytucjach publicznych.<\/li>\n<\/ul>\n\n\n\n<p>Uczestnicy b\u0119d\u0105 mieli okazj\u0119 dowiedzie\u0107 si\u0119, jakie dzia\u0142ania w obszarze mediacji podejmuje obecnie Ministerstwo Sprawiedliwo\u015bci, a tak\u017ce jakie s\u0105 realne korzy\u015bci i spo\u0142eczne efekty mediacji jako alternatywnej metody rozwi\u0105zywania spor\u00f3w.<\/p>\n\n\n\n<h4 class=\"wp-block-heading\">\u200b<strong>Wsp\u00f3lny g\u0142os w Tygodniu Mediacji<\/strong><\/h4>\n\n\n\n<p>Wielki Kongres Mediacji to centralny punkt og\u00f3lnopolskich obchod\u00f3w Tygodnia Mediacji 2025 \u2013 najwi\u0119ksze i najbardziej interdyscyplinarne wydarzenie po\u015bwi\u0119cone mediacji w Polsce.<br>Organizatorem kongresu jest Uniwersytet Jana D\u0142ugosza w Cz\u0119stochowie, a wydarzenie obj\u0119te zosta\u0142o Patronatem Honorowym m.in.: Ministerstwa Sprawiedliwo\u015bci, Rzecznika Praw Obywatelskich, Rzecznika Praw Dziecka, Instytutu Wymiaru Sprawiedliwo\u015bci, Krajowej Izby Radc\u00f3w Prawnych, Naczelnej Rady Adwokackiej, Krajowej Izby Doradc\u00f3w Podatkowych oraz sekcji polskiej Europejskiego Stowarzyszenia S\u0119dzi\u00f3w na rzecz Mediacji GEMME.<\/p>\n\n\n\n<h4 class=\"wp-block-heading\">\u200b<strong>Zarejestruj si\u0119 i b\u0105d\u017a cz\u0119\u015bci\u0105 dialogu<\/strong><\/h4>\n\n\n\n<p>Ze wzgl\u0119du na ograniczon\u0105 liczb\u0119 miejsc, w wydarzeniu mog\u0105 uczestniczy\u0107 wy\u0142\u0105cznie zarejestrowani uczestnicy. Formularz rejestracyjny oraz szczeg\u00f3\u0142owa agenda Kongresu dost\u0119pne s\u0105 na stronie: <a href=\"https:\/\/wielkikongresmediacji.pl\/\" target=\"_blank\" rel=\"noopener\">https:\/\/wielkikongresmediacji.pl\/<\/a><\/p>\n\n\n\n<p>Wielki Kongres Mediacji to nie tylko konferencja \u2013 to manifest wsp\u00f3lnego d\u0105\u017cenia do porozumienia, miejsce spotkania praktyk\u00f3w i teoretyk\u00f3w, kt\u00f3rzy wierz\u0105, \u017ce zgoda buduje \u2013 dos\u0142ownie i symbolicznie.<\/p>\n\n\n\n<figure class=\"wp-block-image size-full is-resized\"><img decoding=\"async\" width=\"669\" height=\"216\" data-src=\"https:\/\/gazetaregionalna.com\/wp-content\/uploads\/2025\/10\/UJD-logo-WPiE-5.png\" alt=\"\" class=\"wp-image-142130 lazyload\" style=\"--smush-placeholder-width: 669px; --smush-placeholder-aspect-ratio: 669\/216;width:297px;height:auto\" data-srcset=\"https:\/\/gazetaregionalna.com\/wp-content\/uploads\/2025\/10\/UJD-logo-WPiE-5.png 669w, https:\/\/gazetaregionalna.com\/wp-content\/uploads\/2025\/10\/UJD-logo-WPiE-5-300x97.png 300w\" data-sizes=\"(max-width: 669px) 100vw, 669px\" src=\"data:image\/svg+xml;base64,PHN2ZyB3aWR0aD0iMSIgaGVpZ2h0PSIxIiB4bWxucz0iaHR0cDovL3d3dy53My5vcmcvMjAwMC9zdmciPjwvc3ZnPg==\" \/><\/figure>\n\n\n\n<figure class=\"wp-block-image size-large is-resized\"><img decoding=\"async\" width=\"1024\" height=\"820\" data-src=\"https:\/\/gazetaregionalna.com\/wp-content\/uploads\/2025\/10\/Logo_UJD-_55-lat_RGB_PRZEZROCZYSTE-TLO-3-1024x820.png\" alt=\"\" class=\"wp-image-142128 lazyload\" style=\"--smush-placeholder-width: 1024px; --smush-placeholder-aspect-ratio: 1024\/820;width:161px;height:auto\" data-srcset=\"https:\/\/gazetaregionalna.com\/wp-content\/uploads\/2025\/10\/Logo_UJD-_55-lat_RGB_PRZEZROCZYSTE-TLO-3-1024x820.png 1024w, https:\/\/gazetaregionalna.com\/wp-content\/uploads\/2025\/10\/Logo_UJD-_55-lat_RGB_PRZEZROCZYSTE-TLO-3-300x240.png 300w, https:\/\/gazetaregionalna.com\/wp-content\/uploads\/2025\/10\/Logo_UJD-_55-lat_RGB_PRZEZROCZYSTE-TLO-3-768x615.png 768w, https:\/\/gazetaregionalna.com\/wp-content\/uploads\/2025\/10\/Logo_UJD-_55-lat_RGB_PRZEZROCZYSTE-TLO-3.png 1200w\" data-sizes=\"(max-width: 1024px) 100vw, 1024px\" src=\"data:image\/svg+xml;base64,PHN2ZyB3aWR0aD0iMSIgaGVpZ2h0PSIxIiB4bWxucz0iaHR0cDovL3d3dy53My5vcmcvMjAwMC9zdmciPjwvc3ZnPg==\" \/><\/figure>\n\n\n\n<p>red. DE, fot. Kamil Dzioba<\/p>\n\n\n\n<p>Czytaj tak\u017ce: <a href=\"https:\/\/gazetaregionalna.com\/selfie-czyli-milosc-na-pstryk-konkurs\/\">Komedia \u201eSelfie, czyli mi\u0142o\u015b\u0107 na pstryk!\u201d po raz pierwszy w Cz\u0119stochowie<\/a><\/p>\n","protected":false},"excerpt":{"rendered":"<p>Ju\u017c w najbli\u017cszy czwartek 16 pa\u017adziernika 2025 roku, w Mi\u0119dzynarodowy Dzie\u0144 Mediacji, na Uniwersytecie Jana D\u0142ugosza w Cz\u0119stochowie odb\u0119dzie si\u0119 pierwszy w Polsce Wielki<\/p>\n","protected":false},"author":2,"featured_media":142141,"comment_status":"closed","ping_status":"open","sticky":false,"template":"","format":"standard","meta":{"_monsterinsights_skip_tracking":false,"_monsterinsights_sitenote_active":false,"_monsterinsights_sitenote_note":"","_monsterinsights_sitenote_category":0,"_uf_show_specific_survey":0,"_uf_disable_surveys":false,"footnotes":""},"categories":[2,3,40],"tags":[10124,7631],"class_list":["post-142119","post","type-post","status-publish","format-standard","has-post-thumbnail","hentry","category-wiadomosci","category-czestochowa-informacje","category-pod-naszym-patronatem","tag-kongres-mediacji","tag-uniwersytet-jana-dlugosza"],"_links":{"self":[{"href":"https:\/\/gazetaregionalna.com\/index.php?rest_route=\/wp\/v2\/posts\/142119","targetHints":{"allow":["GET"]}}],"collection":[{"href":"https:\/\/gazetaregionalna.com\/index.php?rest_route=\/wp\/v2\/posts"}],"about":[{"href":"https:\/\/gazetaregionalna.com\/index.php?rest_route=\/wp\/v2\/types\/post"}],"author":[{"embeddable":true,"href":"https:\/\/gazetaregionalna.com\/index.php?rest_route=\/wp\/v2\/users\/2"}],"replies":[{"embeddable":true,"href":"https:\/\/gazetaregionalna.com\/index.php?rest_route=%2Fwp%2Fv2%2Fcomments&post=142119"}],"version-history":[{"count":6,"href":"https:\/\/gazetaregionalna.com\/index.php?rest_route=\/wp\/v2\/posts\/142119\/revisions"}],"predecessor-version":[{"id":142144,"href":"https:\/\/gazetaregionalna.com\/index.php?rest_route=\/wp\/v2\/posts\/142119\/revisions\/142144"}],"wp:featuredmedia":[{"embeddable":true,"href":"https:\/\/gazetaregionalna.com\/index.php?rest_route=\/wp\/v2\/media\/142141"}],"wp:attachment":[{"href":"https:\/\/gazetaregionalna.com\/index.php?rest_route=%2Fwp%2Fv2%2Fmedia&parent=142119"}],"wp:term":[{"taxonomy":"category","embeddable":true,"href":"https:\/\/gazetaregionalna.com\/index.php?rest_route=%2Fwp%2Fv2%2Fcategories&post=142119"},{"taxonomy":"post_tag","embeddable":true,"href":"https:\/\/gazetaregionalna.com\/index.php?rest_route=%2Fwp%2Fv2%2Ftags&post=142119"}],"curies":[{"name":"wp","href":"https:\/\/api.w.org\/{rel}","templated":true}]}}