{"id":141559,"date":"2025-09-23T06:56:46","date_gmt":"2025-09-23T06:56:46","guid":{"rendered":"https:\/\/gazetaregionalna.com\/?p=141559"},"modified":"2025-09-23T06:56:47","modified_gmt":"2025-09-23T06:56:47","slug":"ukradl-telefon-zlodzieja-ujeli-czestochowscy-straznicy-miejscy","status":"publish","type":"post","link":"https:\/\/gazetaregionalna.com\/?p=141559","title":{"rendered":"Ukrad\u0142 telefon. Z\u0142odzieja uj\u0119li cz\u0119stochowscy stra\u017cnicy miejscy"},"content":{"rendered":"\n<p>Operatorzy miejskiego monitoringu wizyjnego zauwa\u017cyli, jak m\u0119\u017cczyzna wyjmuje innemu m\u0119\u017cczy\u017anie telefon. Powiadomieni stra\u017cnicy miejscy szybko zatrzymali z\u0142odzieja.<\/p>\n\n\n\n<p>Do zdarzenia dosz\u0142o w niedziel\u0119 ok. godz. 12:15 w rejonie al. Wolno\u015bci. Pracownicy cywilni Stra\u017cy Miejskiej z referatu ds. miejskiego monitoringu wizyjnego obserwowali m\u0119\u017cczyzn\u0119, kt\u00f3ry le\u017ca\u0142 na \u0142awce. Do le\u017c\u0105cego m\u0119\u017cczyzny podszed\u0142 inny m\u0119\u017cczyzna i zacz\u0105\u0142 mu przegl\u0105da\u0107 kieszenie. Sprawca ukrad\u0142 m\u0119\u017cczy\u017anie telefon kom\u00f3rkowy z kieszeni spodni i oddali\u0142 si\u0119.<\/p>\n\n\n\n<p>Powiadomieni stra\u017cnicy miejscy uj\u0119li sprawc\u0119 w rejonie Placu Rady Europy. M\u0119\u017cczyzna nie mia\u0142 przy sobie telefonu, gdy\u017c porzuci\u0142 \u201epo drodze\u201d. Stra\u017cnicy miejscy znale\u017ali porzucony telefon i oddali go w\u0142a\u015bcicielowi. Sprawca trafi\u0142 na I KP.<\/p>\n\n\n\n<p>\u0179r\u00f3d\u0142o: www.sm.czestochowa.pl <\/p>\n","protected":false},"excerpt":{"rendered":"<p>Operatorzy miejskiego monitoringu wizyjnego zauwa\u017cyli, jak m\u0119\u017cczyzna wyjmuje innemu m\u0119\u017cczy\u017anie telefon. Powiadomieni stra\u017cnicy miejscy szybko zatrzymali z\u0142odzieja. Do zdarzenia dosz\u0142o w niedziel\u0119 ok. godz.<\/p>\n","protected":false},"author":25,"featured_media":133561,"comment_status":"closed","ping_status":"open","sticky":false,"template":"","format":"standard","meta":{"_monsterinsights_skip_tracking":false,"_monsterinsights_sitenote_active":false,"_monsterinsights_sitenote_note":"","_monsterinsights_sitenote_category":0,"_uf_show_specific_survey":0,"_uf_disable_surveys":false,"footnotes":""},"categories":[2,3],"tags":[],"class_list":["post-141559","post","type-post","status-publish","format-standard","has-post-thumbnail","hentry","category-wiadomosci","category-czestochowa-informacje"],"_links":{"self":[{"href":"https:\/\/gazetaregionalna.com\/index.php?rest_route=\/wp\/v2\/posts\/141559","targetHints":{"allow":["GET"]}}],"collection":[{"href":"https:\/\/gazetaregionalna.com\/index.php?rest_route=\/wp\/v2\/posts"}],"about":[{"href":"https:\/\/gazetaregionalna.com\/index.php?rest_route=\/wp\/v2\/types\/post"}],"author":[{"embeddable":true,"href":"https:\/\/gazetaregionalna.com\/index.php?rest_route=\/wp\/v2\/users\/25"}],"replies":[{"embeddable":true,"href":"https:\/\/gazetaregionalna.com\/index.php?rest_route=%2Fwp%2Fv2%2Fcomments&post=141559"}],"version-history":[{"count":1,"href":"https:\/\/gazetaregionalna.com\/index.php?rest_route=\/wp\/v2\/posts\/141559\/revisions"}],"predecessor-version":[{"id":141561,"href":"https:\/\/gazetaregionalna.com\/index.php?rest_route=\/wp\/v2\/posts\/141559\/revisions\/141561"}],"wp:featuredmedia":[{"embeddable":true,"href":"https:\/\/gazetaregionalna.com\/index.php?rest_route=\/wp\/v2\/media\/133561"}],"wp:attachment":[{"href":"https:\/\/gazetaregionalna.com\/index.php?rest_route=%2Fwp%2Fv2%2Fmedia&parent=141559"}],"wp:term":[{"taxonomy":"category","embeddable":true,"href":"https:\/\/gazetaregionalna.com\/index.php?rest_route=%2Fwp%2Fv2%2Fcategories&post=141559"},{"taxonomy":"post_tag","embeddable":true,"href":"https:\/\/gazetaregionalna.com\/index.php?rest_route=%2Fwp%2Fv2%2Ftags&post=141559"}],"curies":[{"name":"wp","href":"https:\/\/api.w.org\/{rel}","templated":true}]}}