{"id":141500,"date":"2025-09-22T17:31:02","date_gmt":"2025-09-22T17:31:02","guid":{"rendered":"https:\/\/gazetaregionalna.com\/?p=141500"},"modified":"2025-09-22T17:31:04","modified_gmt":"2025-09-22T17:31:04","slug":"trener-legii-warszawa-edward-iordanescu-o-remisie-w-czestochowie","status":"publish","type":"post","link":"https:\/\/gazetaregionalna.com\/?p=141500","title":{"rendered":"Trener Legii Warszawa Edward Iordanescu o remisie w Cz\u0119stochowie"},"content":{"rendered":"\n<p>Pi\u0142karze Rakowa Cz\u0119stochowa zremisowali w sobotni wiecz\u00f3r z Legi\u0105 Warszawa 1:1. Oto, jak mecz skomentowa\u0142 trener Legii Edward Iordanescu.<\/p>\n\n\n\n<p>\u2013 Nie chc\u0119 zaczyna\u0107 od oceny s\u0119dziego, chc\u0119 zacz\u0105\u0107 od pi\u0142ki. Przyjechali\u015bmy tu, aby wygra\u0107 i to by\u0142o jasne od pocz\u0105tku. Nasze intencje by\u0142y skupione na zdobyciu trzech punkt\u00f3w \u2013 to mentalno\u015b\u0107, nad kt\u00f3r\u0105 pracujemy ka\u017cdego dnia. Uwa\u017cam, \u017ce dzi\u015b zas\u0142u\u017cyli\u015bmy na zwyci\u0119stwo. W pierwszej po\u0142owie na boisku by\u0142a tylko jedna dru\u017cyna. Mam ogromny szacunek do Rakowa, bo to \u015bwietny zesp\u00f3\u0142 z histori\u0105, ale to my mieli\u015bmy sytuacje, strzelili\u015bmy gola, kontrolowali\u015bmy gr\u0119 i przej\u0119li\u015bmy \u015brodek pola. Przez wi\u0119kszo\u015b\u0107 czasu utrzymywali\u015bmy si\u0119 przy pi\u0142ce i po pierwszej po\u0142owie powinni\u015bmy zamkn\u0105\u0107 ten mecz.<\/p>\n\n\n\n<p>\u2013 W mojej ocenie nie by\u0142o faulu mi\u0119dzy Stevem Kapuadim a Franem Tudorem. W takiej sytuacji nie mo\u017cna podyktowa\u0107 przewinienia. W dalszej kolejno\u015bci &#8211; Petar by\u0142 w powietrzu, nie sta\u0142 na nogach \u2013 wtedy wystarczy minimalny kontakt, by straci\u0107 r\u00f3wnowag\u0119. Ogl\u0105da\u0142em t\u0119 sytuacj\u0119 20 razy i nadal nie rozumiem tej decyzji. Nie chc\u0119 jednak wi\u0119cej rozmawia\u0107 o s\u0119dziach. Uwa\u017cam, \u017ce zas\u0142u\u017cyli\u015bmy dzi\u015b na zwyci\u0119stwo, a ten moment mia\u0142 ogromne znaczenie.<\/p>\n\n\n\n<p>\u2013 Inaczej rozpoczyna si\u0119 drug\u0105 po\u0142ow\u0119 przy wyniku 1:0, a inaczej przy 1:1, zw\u0142aszcza trac\u0105c gola w taki spos\u00f3b. W szatni widzia\u0142em frustracj\u0119, smutek i zw\u0105tpienie. Starali\u015bmy si\u0119 szybko o tym zapomnie\u0107 i pchn\u0105\u0107 gr\u0119 do przodu. W drugiej po\u0142owie trudno by\u0142o z\u0142ama\u0107 Rak\u00f3w, kt\u00f3ry dobrze porusza\u0142 si\u0119 po boisku. Nie\u0142atwo tworzy\u0107 sytuacje przeciwko tak zorganizowanemu rywalowi. Mimo to mieli\u015bmy pe\u0142n\u0105 kontrol\u0119, a przeciwnik ogranicza\u0142 si\u0119 do kilku kontratak\u00f3w. Dlatego jestem smutny \u2013 bo tym, co pokazali\u015bmy, zas\u0142u\u017cyli\u015bmy na trzy punkty. Teraz musimy wr\u00f3ci\u0107 do domu i skoncentrowa\u0107 si\u0119 na kolejnym spotkaniu.<\/p>\n\n\n\n<p>\u2013 Rak\u00f3w zmaga si\u0119 z podobnymi problemami jak my. Wa\u017cne jest, by ludzie rozumieli, \u017ce nie istnieje jeden magiczny przycisk. Pracujemy nad stworzeniem dobrej chemii mi\u0119dzy pi\u0142karzami. Ciesz\u0119 si\u0119, \u017ce do\u0142\u0105czy\u0142o do nas wielu jako\u015bciowych zawodnik\u00f3w, kt\u00f3rym w pe\u0142ni ufam \u2013 podobnie jak ca\u0142ej dru\u017cynie. Pami\u0119tajmy, \u017ce wykonali\u015bmy oko\u0142o czternastu zmian i musimy je wkomponowa\u0107 wsp\u00f3lnie. Nie wystarcz\u0105 same analizy, tablica czy treningi \u2013 kluczowe s\u0105 do\u015bwiadczenia z mecz\u00f3w i budowanie wi\u0119zi mi\u0119dzy zawodnikami. Musimy zdobywa\u0107 punkty. Wielu trener\u00f3w m\u00f3wi o budowaniu i tworzeniu, ale to ja w pe\u0142ni odpowiadam za wyniki i sukcesy, kt\u00f3re chcemy osi\u0105gn\u0105\u0107 w tym sezonie. Gratuluj\u0119 dru\u017cynie ogromnego zaanga\u017cowania. Teraz musimy si\u0119 zregenerowa\u0107 i przygotowa\u0107 do rywalizacji z Jagielloni\u0105.<\/p>\n\n\n\n<p>\u2013 Uwa\u017cam, \u017ce obie dru\u017cyny zacz\u0119\u0142y to spotkanie ostro\u017cnie. Wiadomo by\u0142o, \u017ce w spotkaniu dru\u017cyn, kt\u00f3re walcz\u0105 o tytu\u0142, nikt nie rzuci si\u0119 od razu \u201ena hurra&#8221;. Naszym planem by\u0142o stopniowe przejmowanie kontroli nad gr\u0105 i to si\u0119 uda\u0142o. Posiadanie pi\u0142ki, liczba poda\u0144, sytuacje, celno\u015b\u0107 zagra\u0144 \u2013 to wszystko by\u0142o po naszej stronie. Wi\u0119kszo\u015b\u0107 meczu rozgrywali\u015bmy w ataku pozycyjnym. Prosz\u0119 mnie poprawi\u0107, ale moim zdaniem mieli\u015bmy trzykrotnie wi\u0119cej sytuacji w trzeciej tercji boiska.<\/p>\n\n\n\n<p>\u2013 Jestem bardzo zadowolony z ka\u017cdego zawodnika, kt\u00f3ry do nas trafi\u0142. Klub wykona\u0142 ogromn\u0105 prac\u0119, aby ich sprowadzi\u0107. Ka\u017cdy jednak potrzebuje czasu, aby wsp\u00f3lnie budowa\u0107 zesp\u00f3\u0142 zdolny walczy\u0107 o mistrzostwo. Musz\u0119 by\u0107 ostro\u017cny \u2013 wi\u0119kszo\u015bci tych pi\u0142karzy nie by\u0142o z nami na obozie przygotowawczym. Trzeba doprowadzi\u0107 ich do odpowiedniego poziomu fizycznego i wprowadzi\u0107 w dru\u017cyn\u0119. Ostatnio Kamil zagra\u0142 w parze ze Stevem na \u015brodku obrony \u2013 w\u0142a\u015bnie takie do\u015bwiadczenia s\u0105 niezb\u0119dne, by si\u0119 rozwija\u0107. Jestem zadowolony, \u017ce potrafili\u015bmy przej\u0105\u0107 inicjatyw\u0119 w meczu z tak silnym rywalem, kt\u00f3ry \u2013 jestem przekonany \u2013 wkr\u00f3tce awansuje wy\u017cej w tabeli. W przesz\u0142o\u015bci nasze wyniki z Rakowem czy innymi dru\u017cynami z czo\u0142\u00f3wki nie by\u0142y najlepsze. Teraz pokonali\u015bmy Lecha i byli\u015bmy blisko zwyci\u0119stwa z Rakowem. Potrzebujemy czasu, aby w pe\u0142ni wkomponowa\u0107 nowych zawodnik\u00f3w\u200b.<\/p>\n\n\n\n<p>AK, materia\u0142y prasowe Legii Warszawa, fot: AK<\/p>\n\n\n\n<p>Partnerami relacji sportowych s\u0105:<\/p>\n\n\n\n<p>DMK Invest materia\u0142y budowlane Konopiska<\/p>\n\n\n\n<p>Orlikowscy. Pokrycia dachowe i rynny<\/p>\n\n\n\n<p>Finanse i ubezpieczenia Robert Ladorudzki<\/p>\n\n\n\n<p>Kancelarie Adwokackie. Janik &amp; Stolarska<\/p>\n\n\n\n<p>Przychodnie NZOZ ,,Nasze Zdrowie\u201d Jacek \u0141ukasik (Cz\u0119stochowa, Mykan\u00f3w, Lubojna)<\/p>\n\n\n\n<p><\/p>\n\n\n\n<figure class=\"wp-block-image size-large\"><img decoding=\"async\" width=\"1024\" height=\"681\" data-src=\"https:\/\/gazetaregionalna.com\/wp-content\/uploads\/2025\/09\/Rakow-LegiaW-75-1024x681.jpg\" alt=\"\" class=\"wp-image-141503 lazyload\" data-srcset=\"https:\/\/gazetaregionalna.com\/wp-content\/uploads\/2025\/09\/Rakow-LegiaW-75-1024x681.jpg 1024w, https:\/\/gazetaregionalna.com\/wp-content\/uploads\/2025\/09\/Rakow-LegiaW-75-300x200.jpg 300w, https:\/\/gazetaregionalna.com\/wp-content\/uploads\/2025\/09\/Rakow-LegiaW-75-768x511.jpg 768w, https:\/\/gazetaregionalna.com\/wp-content\/uploads\/2025\/09\/Rakow-LegiaW-75.jpg 1200w\" data-sizes=\"(max-width: 1024px) 100vw, 1024px\" src=\"data:image\/svg+xml;base64,PHN2ZyB3aWR0aD0iMSIgaGVpZ2h0PSIxIiB4bWxucz0iaHR0cDovL3d3dy53My5vcmcvMjAwMC9zdmciPjwvc3ZnPg==\" style=\"--smush-placeholder-width: 1024px; --smush-placeholder-aspect-ratio: 1024\/681;\" \/><\/figure>\n\n\n\n<figure class=\"wp-block-image size-large\"><img decoding=\"async\" width=\"1024\" height=\"536\" data-src=\"https:\/\/gazetaregionalna.com\/wp-content\/uploads\/2025\/08\/Janik-S-biale-1024x536.png\" alt=\"\" class=\"wp-image-140250 lazyload\" data-srcset=\"https:\/\/gazetaregionalna.com\/wp-content\/uploads\/2025\/08\/Janik-S-biale-1024x536.png 1024w, https:\/\/gazetaregionalna.com\/wp-content\/uploads\/2025\/08\/Janik-S-biale-300x157.png 300w, https:\/\/gazetaregionalna.com\/wp-content\/uploads\/2025\/08\/Janik-S-biale-768x402.png 768w, https:\/\/gazetaregionalna.com\/wp-content\/uploads\/2025\/08\/Janik-S-biale.png 1200w\" data-sizes=\"(max-width: 1024px) 100vw, 1024px\" src=\"data:image\/svg+xml;base64,PHN2ZyB3aWR0aD0iMSIgaGVpZ2h0PSIxIiB4bWxucz0iaHR0cDovL3d3dy53My5vcmcvMjAwMC9zdmciPjwvc3ZnPg==\" style=\"--smush-placeholder-width: 1024px; --smush-placeholder-aspect-ratio: 1024\/536;\" \/><\/figure>\n\n\n\n<figure class=\"wp-block-image size-large\"><img decoding=\"async\" width=\"1024\" height=\"687\" data-src=\"https:\/\/gazetaregionalna.com\/wp-content\/uploads\/2025\/09\/Rakow-LegiaW-7-1-1024x687.jpg\" alt=\"\" class=\"wp-image-141501 lazyload\" data-srcset=\"https:\/\/gazetaregionalna.com\/wp-content\/uploads\/2025\/09\/Rakow-LegiaW-7-1-1024x687.jpg 1024w, https:\/\/gazetaregionalna.com\/wp-content\/uploads\/2025\/09\/Rakow-LegiaW-7-1-300x201.jpg 300w, https:\/\/gazetaregionalna.com\/wp-content\/uploads\/2025\/09\/Rakow-LegiaW-7-1-768x515.jpg 768w, https:\/\/gazetaregionalna.com\/wp-content\/uploads\/2025\/09\/Rakow-LegiaW-7-1.jpg 1200w\" data-sizes=\"(max-width: 1024px) 100vw, 1024px\" src=\"data:image\/svg+xml;base64,PHN2ZyB3aWR0aD0iMSIgaGVpZ2h0PSIxIiB4bWxucz0iaHR0cDovL3d3dy53My5vcmcvMjAwMC9zdmciPjwvc3ZnPg==\" style=\"--smush-placeholder-width: 1024px; --smush-placeholder-aspect-ratio: 1024\/687;\" \/><\/figure>\n\n\n\n<figure class=\"wp-block-image size-large\"><img decoding=\"async\" width=\"1024\" height=\"536\" data-src=\"https:\/\/gazetaregionalna.com\/wp-content\/uploads\/2025\/08\/Przychodnie-Nasze-Zdrowie-1024x536.jpg\" alt=\"\" class=\"wp-image-140850 lazyload\" data-srcset=\"https:\/\/gazetaregionalna.com\/wp-content\/uploads\/2025\/08\/Przychodnie-Nasze-Zdrowie-1024x536.jpg 1024w, https:\/\/gazetaregionalna.com\/wp-content\/uploads\/2025\/08\/Przychodnie-Nasze-Zdrowie-300x157.jpg 300w, https:\/\/gazetaregionalna.com\/wp-content\/uploads\/2025\/08\/Przychodnie-Nasze-Zdrowie-768x402.jpg 768w, https:\/\/gazetaregionalna.com\/wp-content\/uploads\/2025\/08\/Przychodnie-Nasze-Zdrowie.jpg 1200w\" data-sizes=\"(max-width: 1024px) 100vw, 1024px\" src=\"data:image\/svg+xml;base64,PHN2ZyB3aWR0aD0iMSIgaGVpZ2h0PSIxIiB4bWxucz0iaHR0cDovL3d3dy53My5vcmcvMjAwMC9zdmciPjwvc3ZnPg==\" style=\"--smush-placeholder-width: 1024px; --smush-placeholder-aspect-ratio: 1024\/536;\" \/><\/figure>\n\n\n\n<figure class=\"wp-block-image size-large\"><img decoding=\"async\" width=\"1024\" height=\"676\" data-src=\"https:\/\/gazetaregionalna.com\/wp-content\/uploads\/2025\/09\/Rakow-LegiaW-7-1024x676.jpg\" alt=\"\" class=\"wp-image-141502 lazyload\" data-srcset=\"https:\/\/gazetaregionalna.com\/wp-content\/uploads\/2025\/09\/Rakow-LegiaW-7-1024x676.jpg 1024w, https:\/\/gazetaregionalna.com\/wp-content\/uploads\/2025\/09\/Rakow-LegiaW-7-300x198.jpg 300w, https:\/\/gazetaregionalna.com\/wp-content\/uploads\/2025\/09\/Rakow-LegiaW-7-768x507.jpg 768w, https:\/\/gazetaregionalna.com\/wp-content\/uploads\/2025\/09\/Rakow-LegiaW-7.jpg 1200w\" data-sizes=\"(max-width: 1024px) 100vw, 1024px\" src=\"data:image\/svg+xml;base64,PHN2ZyB3aWR0aD0iMSIgaGVpZ2h0PSIxIiB4bWxucz0iaHR0cDovL3d3dy53My5vcmcvMjAwMC9zdmciPjwvc3ZnPg==\" style=\"--smush-placeholder-width: 1024px; --smush-placeholder-aspect-ratio: 1024\/676;\" \/><\/figure>\n\n\n\n<figure class=\"wp-block-image size-large\"><img decoding=\"async\" width=\"1024\" height=\"1024\" data-src=\"https:\/\/gazetaregionalna.com\/wp-content\/uploads\/2025\/09\/Ladorudzki-1024x1024.jpg\" alt=\"\" class=\"wp-image-141168 lazyload\" data-srcset=\"https:\/\/gazetaregionalna.com\/wp-content\/uploads\/2025\/09\/Ladorudzki-1024x1024.jpg 1024w, https:\/\/gazetaregionalna.com\/wp-content\/uploads\/2025\/09\/Ladorudzki-300x300.jpg 300w, https:\/\/gazetaregionalna.com\/wp-content\/uploads\/2025\/09\/Ladorudzki-150x150.jpg 150w, https:\/\/gazetaregionalna.com\/wp-content\/uploads\/2025\/09\/Ladorudzki-768x768.jpg 768w, https:\/\/gazetaregionalna.com\/wp-content\/uploads\/2025\/09\/Ladorudzki-215x215.jpg 215w, https:\/\/gazetaregionalna.com\/wp-content\/uploads\/2025\/09\/Ladorudzki.jpg 1200w\" data-sizes=\"(max-width: 1024px) 100vw, 1024px\" src=\"data:image\/svg+xml;base64,PHN2ZyB3aWR0aD0iMSIgaGVpZ2h0PSIxIiB4bWxucz0iaHR0cDovL3d3dy53My5vcmcvMjAwMC9zdmciPjwvc3ZnPg==\" style=\"--smush-placeholder-width: 1024px; --smush-placeholder-aspect-ratio: 1024\/1024;\" \/><\/figure>\n\n\n\n<figure class=\"wp-block-image size-large\"><img decoding=\"async\" width=\"1024\" height=\"683\" data-src=\"https:\/\/gazetaregionalna.com\/wp-content\/uploads\/2025\/09\/Rakow-LegiaW-77-1024x683.jpg\" alt=\"\" class=\"wp-image-141504 lazyload\" data-srcset=\"https:\/\/gazetaregionalna.com\/wp-content\/uploads\/2025\/09\/Rakow-LegiaW-77-1024x683.jpg 1024w, https:\/\/gazetaregionalna.com\/wp-content\/uploads\/2025\/09\/Rakow-LegiaW-77-300x200.jpg 300w, https:\/\/gazetaregionalna.com\/wp-content\/uploads\/2025\/09\/Rakow-LegiaW-77-768x512.jpg 768w, https:\/\/gazetaregionalna.com\/wp-content\/uploads\/2025\/09\/Rakow-LegiaW-77.jpg 1200w\" data-sizes=\"(max-width: 1024px) 100vw, 1024px\" src=\"data:image\/svg+xml;base64,PHN2ZyB3aWR0aD0iMSIgaGVpZ2h0PSIxIiB4bWxucz0iaHR0cDovL3d3dy53My5vcmcvMjAwMC9zdmciPjwvc3ZnPg==\" style=\"--smush-placeholder-width: 1024px; --smush-placeholder-aspect-ratio: 1024\/683;\" \/><\/figure>\n\n\n\n<figure class=\"wp-block-image size-large\"><img decoding=\"async\" width=\"1024\" height=\"1024\" data-src=\"https:\/\/gazetaregionalna.com\/wp-content\/uploads\/2025\/06\/dmk_28_06-1024x1024.jpg\" alt=\"\" class=\"wp-image-138817 lazyload\" data-srcset=\"https:\/\/gazetaregionalna.com\/wp-content\/uploads\/2025\/06\/dmk_28_06-1024x1024.jpg 1024w, https:\/\/gazetaregionalna.com\/wp-content\/uploads\/2025\/06\/dmk_28_06-300x300.jpg 300w, https:\/\/gazetaregionalna.com\/wp-content\/uploads\/2025\/06\/dmk_28_06-150x150.jpg 150w, https:\/\/gazetaregionalna.com\/wp-content\/uploads\/2025\/06\/dmk_28_06-768x768.jpg 768w, https:\/\/gazetaregionalna.com\/wp-content\/uploads\/2025\/06\/dmk_28_06-215x215.jpg 215w, https:\/\/gazetaregionalna.com\/wp-content\/uploads\/2025\/06\/dmk_28_06.jpg 1080w\" data-sizes=\"(max-width: 1024px) 100vw, 1024px\" src=\"data:image\/svg+xml;base64,PHN2ZyB3aWR0aD0iMSIgaGVpZ2h0PSIxIiB4bWxucz0iaHR0cDovL3d3dy53My5vcmcvMjAwMC9zdmciPjwvc3ZnPg==\" style=\"--smush-placeholder-width: 1024px; --smush-placeholder-aspect-ratio: 1024\/1024;\" \/><\/figure>\n\n\n\n<figure class=\"wp-block-image size-large\"><img decoding=\"async\" width=\"1024\" height=\"1024\" data-src=\"https:\/\/gazetaregionalna.com\/wp-content\/uploads\/2025\/08\/Orlikowscy-1-1024x1024.jpg\" alt=\"\" class=\"wp-image-140849 lazyload\" data-srcset=\"https:\/\/gazetaregionalna.com\/wp-content\/uploads\/2025\/08\/Orlikowscy-1-1024x1024.jpg 1024w, https:\/\/gazetaregionalna.com\/wp-content\/uploads\/2025\/08\/Orlikowscy-1-300x300.jpg 300w, https:\/\/gazetaregionalna.com\/wp-content\/uploads\/2025\/08\/Orlikowscy-1-150x150.jpg 150w, https:\/\/gazetaregionalna.com\/wp-content\/uploads\/2025\/08\/Orlikowscy-1-768x768.jpg 768w, https:\/\/gazetaregionalna.com\/wp-content\/uploads\/2025\/08\/Orlikowscy-1-215x215.jpg 215w, https:\/\/gazetaregionalna.com\/wp-content\/uploads\/2025\/08\/Orlikowscy-1.jpg 1080w\" data-sizes=\"(max-width: 1024px) 100vw, 1024px\" src=\"data:image\/svg+xml;base64,PHN2ZyB3aWR0aD0iMSIgaGVpZ2h0PSIxIiB4bWxucz0iaHR0cDovL3d3dy53My5vcmcvMjAwMC9zdmciPjwvc3ZnPg==\" style=\"--smush-placeholder-width: 1024px; --smush-placeholder-aspect-ratio: 1024\/1024;\" \/><\/figure>\n","protected":false},"excerpt":{"rendered":"<p>Pi\u0142karze Rakowa Cz\u0119stochowa zremisowali w sobotni wiecz\u00f3r z Legi\u0105 Warszawa 1:1. Oto, jak mecz skomentowa\u0142 trener Legii Edward Iordanescu. \u2013 Nie chc\u0119 zaczyna\u0107 od<\/p>\n","protected":false},"author":15,"featured_media":141503,"comment_status":"closed","ping_status":"open","sticky":false,"template":"","format":"standard","meta":{"_monsterinsights_skip_tracking":false,"_monsterinsights_sitenote_active":false,"_monsterinsights_sitenote_note":"","_monsterinsights_sitenote_category":0,"_uf_show_specific_survey":0,"_uf_disable_surveys":false,"footnotes":""},"categories":[94,6,5],"tags":[],"class_list":["post-141500","post","type-post","status-publish","format-standard","has-post-thumbnail","hentry","category-polecane","category-pilka-nozna","category-sport"],"_links":{"self":[{"href":"https:\/\/gazetaregionalna.com\/index.php?rest_route=\/wp\/v2\/posts\/141500","targetHints":{"allow":["GET"]}}],"collection":[{"href":"https:\/\/gazetaregionalna.com\/index.php?rest_route=\/wp\/v2\/posts"}],"about":[{"href":"https:\/\/gazetaregionalna.com\/index.php?rest_route=\/wp\/v2\/types\/post"}],"author":[{"embeddable":true,"href":"https:\/\/gazetaregionalna.com\/index.php?rest_route=\/wp\/v2\/users\/15"}],"replies":[{"embeddable":true,"href":"https:\/\/gazetaregionalna.com\/index.php?rest_route=%2Fwp%2Fv2%2Fcomments&post=141500"}],"version-history":[{"count":1,"href":"https:\/\/gazetaregionalna.com\/index.php?rest_route=\/wp\/v2\/posts\/141500\/revisions"}],"predecessor-version":[{"id":141505,"href":"https:\/\/gazetaregionalna.com\/index.php?rest_route=\/wp\/v2\/posts\/141500\/revisions\/141505"}],"wp:featuredmedia":[{"embeddable":true,"href":"https:\/\/gazetaregionalna.com\/index.php?rest_route=\/wp\/v2\/media\/141503"}],"wp:attachment":[{"href":"https:\/\/gazetaregionalna.com\/index.php?rest_route=%2Fwp%2Fv2%2Fmedia&parent=141500"}],"wp:term":[{"taxonomy":"category","embeddable":true,"href":"https:\/\/gazetaregionalna.com\/index.php?rest_route=%2Fwp%2Fv2%2Fcategories&post=141500"},{"taxonomy":"post_tag","embeddable":true,"href":"https:\/\/gazetaregionalna.com\/index.php?rest_route=%2Fwp%2Fv2%2Ftags&post=141500"}],"curies":[{"name":"wp","href":"https:\/\/api.w.org\/{rel}","templated":true}]}}