{"id":141055,"date":"2025-09-10T07:55:13","date_gmt":"2025-09-10T07:55:13","guid":{"rendered":"https:\/\/gazetaregionalna.com\/?p=141055"},"modified":"2025-09-10T07:55:14","modified_gmt":"2025-09-10T07:55:14","slug":"straz-miejska-tzw-wraki-aut-stale-znikaja-z-czestochowskich-parkingow-i-zwalniaja-mieszkancom-potrzebne-miejsca-parkingowe","status":"publish","type":"post","link":"https:\/\/gazetaregionalna.com\/?p=141055","title":{"rendered":"Stra\u017c Miejska: Tzw. ,,wraki aut\u201d stale znikaj\u0105 z cz\u0119stochowskich parking\u00f3w i zwalniaj\u0105 mieszka\u0144com potrzebne miejsca parkingowe"},"content":{"rendered":"\n<p>Dzi\u0119ki pracy stra\u017cnik\u00f3w miejskich w 2024 roku z cz\u0119stochowskich ulic znikn\u0119\u0142o 107 tzw \u201ewrak\u00f3w aut\u201d czyli pojazd\u00f3w, kt\u00f3re by\u0142y d\u0142ugotrwale nieu\u017cywane przez swoich w\u0142a\u015bcicieli i blokowa\u0142y miejsca parkingowe potrzebne innym mieszka\u0144com\u2026<\/p>\n\n\n\n<p>W 2024 roku cz\u0119stochowska Stra\u017c Miejska przyczyni\u0142a si\u0119 do zwolnienia przez tzw. \u201ewraki aut\u201d 107 miejsc parkingowych. To dobra wiadomo\u015b\u0107 dla mieszkanek i mieszka\u0144c\u00f3w miasta, kt\u00f3rzy \u201ezyskali\u201d wolne przestrzenie parkingowe. Na dzia\u0142ania stra\u017cnik\u00f3w miejskich z\u0142o\u017cy\u0142o si\u0119 21 zlece\u0144 odholowania samochod\u00f3w na parking strze\u017cony, a tak\u017ce 86 rozm\u00f3w z w\u0142a\u015bcicielami aut. Rozmowy funkcjonariuszy Stra\u017cy Miejskiej z w\u0142a\u015bcicielami pojazd\u00f3w sprawi\u0142y, \u017ce 107 samochod\u00f3w, kt\u00f3re d\u0142ugotrwale blokowa\u0142y miejsca parkingowe zosta\u0142y \u201ezabrane\u201d przez swoich w\u0142a\u015bcicieli. Tym samym zwolni\u0142y miejsca parkingowe tak bardzo oczekiwane przez innych mieszka\u0144c\u00f3w.<\/p>\n\n\n\n<p>Problem z parkowaniem wyst\u0119puje szczeg\u00f3lnie w zabudowie wielokondygnacyjnej. Przypomnijmy, \u017ce w 2023 roku dzi\u0119ki dzia\u0142aniom stra\u017cnik\u00f3w miejskich z cz\u0119stochowskich ulic znikn\u0119\u0142o 125 tzw. \u201ewrak\u00f3w aut\u201d, w 2022 roku dzia\u0142ania cz\u0119stochowskich stra\u017cnik\u00f3w miejskich przyczyni\u0142y si\u0119 do zwolnienia 113 miejsc parkingowych przez tzw. \u201ewraki aut\u201d, w 2021 roku 166, a w 2020 roku usuni\u0119to 81 \u201ewrak\u00f3w aut\u201d.<\/p>\n\n\n\n<p>Przypomnijmy, \u017ce najwi\u0119ksze \u201eczyszczenie\u201d cz\u0119stochowskich parking\u00f3w z tzw. \u201ewrak\u00f3w aut\u201d w ostatnich latach odby\u0142o si\u0119 w 2018 roku. W\u00f3wczas dzi\u0119ki skutecznym interwencjom cz\u0119stochowskich stra\u017cnik\u00f3w miejskich na terenie miasta zwolni\u0142o si\u0119 a\u017c 216 miejsc parkingowych po tzw. \u201ewrakach\u201d. W 2019 roku Stra\u017c Miejska przyczyni\u0142a si\u0119 do zwolnienia przez tzw \u201ewraki\u201d 63 miejsc parkingowych.<\/p>\n\n\n\n<p>Dzia\u0142ania s\u0105 stale prowadzone. Przez pierwsze osiem miesi\u0119cy 2025 roku Stra\u017c Miejska zleci\u0142a odholowanie 18 \u201ewrak\u00f3w aut\u201d.<\/p>\n\n\n\n<p>\u0179r\u00f3d\u0142o: www.sm.czestochowa.pl <\/p>\n","protected":false},"excerpt":{"rendered":"<p>Dzi\u0119ki pracy stra\u017cnik\u00f3w miejskich w 2024 roku z cz\u0119stochowskich ulic znikn\u0119\u0142o 107 tzw \u201ewrak\u00f3w aut\u201d czyli pojazd\u00f3w, kt\u00f3re by\u0142y d\u0142ugotrwale nieu\u017cywane przez swoich w\u0142a\u015bcicieli<\/p>\n","protected":false},"author":25,"featured_media":141056,"comment_status":"closed","ping_status":"open","sticky":false,"template":"","format":"standard","meta":{"_monsterinsights_skip_tracking":false,"_monsterinsights_sitenote_active":false,"_monsterinsights_sitenote_note":"","_monsterinsights_sitenote_category":0,"_uf_show_specific_survey":0,"_uf_disable_surveys":false,"footnotes":""},"categories":[94,3,2],"tags":[],"class_list":["post-141055","post","type-post","status-publish","format-standard","has-post-thumbnail","hentry","category-polecane","category-czestochowa-informacje","category-wiadomosci"],"_links":{"self":[{"href":"https:\/\/gazetaregionalna.com\/index.php?rest_route=\/wp\/v2\/posts\/141055","targetHints":{"allow":["GET"]}}],"collection":[{"href":"https:\/\/gazetaregionalna.com\/index.php?rest_route=\/wp\/v2\/posts"}],"about":[{"href":"https:\/\/gazetaregionalna.com\/index.php?rest_route=\/wp\/v2\/types\/post"}],"author":[{"embeddable":true,"href":"https:\/\/gazetaregionalna.com\/index.php?rest_route=\/wp\/v2\/users\/25"}],"replies":[{"embeddable":true,"href":"https:\/\/gazetaregionalna.com\/index.php?rest_route=%2Fwp%2Fv2%2Fcomments&post=141055"}],"version-history":[{"count":1,"href":"https:\/\/gazetaregionalna.com\/index.php?rest_route=\/wp\/v2\/posts\/141055\/revisions"}],"predecessor-version":[{"id":141057,"href":"https:\/\/gazetaregionalna.com\/index.php?rest_route=\/wp\/v2\/posts\/141055\/revisions\/141057"}],"wp:featuredmedia":[{"embeddable":true,"href":"https:\/\/gazetaregionalna.com\/index.php?rest_route=\/wp\/v2\/media\/141056"}],"wp:attachment":[{"href":"https:\/\/gazetaregionalna.com\/index.php?rest_route=%2Fwp%2Fv2%2Fmedia&parent=141055"}],"wp:term":[{"taxonomy":"category","embeddable":true,"href":"https:\/\/gazetaregionalna.com\/index.php?rest_route=%2Fwp%2Fv2%2Fcategories&post=141055"},{"taxonomy":"post_tag","embeddable":true,"href":"https:\/\/gazetaregionalna.com\/index.php?rest_route=%2Fwp%2Fv2%2Ftags&post=141055"}],"curies":[{"name":"wp","href":"https:\/\/api.w.org\/{rel}","templated":true}]}}