{"id":141054,"date":"2025-09-10T08:06:41","date_gmt":"2025-09-10T08:06:41","guid":{"rendered":"https:\/\/gazetaregionalna.com\/?p=141054"},"modified":"2025-09-10T08:06:43","modified_gmt":"2025-09-10T08:06:43","slug":"zywnosci","status":"publish","type":"post","link":"https:\/\/gazetaregionalna.com\/?p=141054","title":{"rendered":"Ekologiczne ABC. Marnowanie \u017cywno\u015bci to problem, kt\u00f3ry dotyczy ka\u017cdego z nas"},"content":{"rendered":"\n<h3 class=\"wp-block-heading has-text-color has-link-color wp-elements-b15912364f0a93a5397954c763b4da8f\" style=\"color:#004313\"><strong>W Polsce co roku wyrzuca si\u0119 blisko 5 milion\u00f3w ton \u017cywno\u015bci, z czego a\u017c 60 proc. pochodzi z gospodarstw domowych. Przeciwdzia\u0142anie marnowaniu jedzenia jest wi\u0119c nasz\u0105 wsp\u00f3ln\u0105 odpowiedzialno\u015bci\u0105. Jak zapobiega\u0107 tak powszechnemu zjawisku?<\/strong><\/h3>\n\n\n\n<p class=\"has-text-color has-link-color wp-elements-3af6dbf7d2598e6bc60310efc3335a96\" style=\"color:#004313\">Marnowanie \u017cywno\u015bci jest jednym z najpowa\u017cniejszych globalnych problem\u00f3w. Z jednej strony niedob\u00f3r po\u017cywienia, z drugiej za\u015b jego masowe marnotrawstwo. Ka\u017cdego dnia w wielu domach wyrzucane jest jedzenie, do produkcji kt\u00f3rego trzeba by\u0142o wykorzysta\u0107 znacz\u0105ce ilo\u015bci wody, energii i innych zasob\u00f3w. Warto zastanowi\u0107 si\u0119, jakie dzia\u0142ania ka\u017cdy z nas mo\u017ce podj\u0105\u0107, by przeciwdzia\u0142a\u0107 temu niepokoj\u0105cemu zjawisku.<\/p>\n\n\n\n<p class=\"has-text-color has-link-color wp-elements-0bc32b62686f58013a60edc54233b5cf\" style=\"color:#004313\">Rokrocznie w naszym kraju marnuje si\u0119 4,8 miliona ton \u017cywno\u015bci, z czego a\u017c 60 proc. pochodzi z gospodarstw domowych. Z najnowszego raportu \u201eNie Marnuj Jedzenia 2024\u201d, przygotowanego przez Banki \u017bywno\u015bci, wynika, \u017ce 45 proc. ankietowanych przyzna\u0142a si\u0119 do wyrzucania jedzenia w swoich domach. Najcz\u0119\u015bciej marnowane s\u0105 pieczywo (a\u017c 63 proc.), w\u0119dliny (36 proc.), warzywa (34 proc.) i owoce (30 proc.).<\/p>\n\n\n\n<p><strong><mark style=\"background-color:#5dff86\" class=\"has-inline-color\">Wyrzucanie jedzenia a klimat<\/mark><\/strong><\/p>\n\n\n\n<p class=\"has-text-color has-link-color wp-elements-9e02c50917d6b2dc5afb692f1be21f49\" style=\"color:#004313\">Zmniejszenie ilo\u015bci marnowanej \u017cywno\u015bci jest kluczowe w walce ze zmianami klimatycznymi. Marnotrawstwo jedzenia odpowiada za oko\u0142o 16 proc. wszystkich gaz\u00f3w cieplarnianych emitowanych przez system \u017cywno\u015bciowy Unii Europejskiej. W obliczu rosn\u0105cego problemu niezwykle istotne jest, aby\u015bmy nie tylko starali si\u0119 ogranicza\u0107 ilo\u015b\u0107 wyrzucanych produkt\u00f3w, ale tak\u017ce zwracali uwag\u0119 na prawid\u0142ow\u0105 segregacj\u0119. Odpowiednie sortowanie resztek pozwala na efektywne przetwarzanie odpad\u00f3w, co z kolei przyczynia si\u0119 do zmniejszenia negatywnego wp\u0142ywu na \u015brodowisko.<\/p>\n\n\n\n<p class=\"has-text-color has-link-color wp-elements-295fc305606a0d76e94d85fc366b04c8\" style=\"color:#004313\">Je\u015bli ju\u017c musimy pozby\u0107 si\u0119 \u017cywno\u015bci, powinni\u015bmy pami\u0119ta\u0107, \u017ce odpowiednie sortowanie odpad\u00f3w ma ogromne znaczenie dla ochrony \u015brodowiska. Resztki owoc\u00f3w i warzyw, stary chleb oraz pozosta\u0142o\u015bci jedzenia, kt\u00f3re nie zawieraj\u0105 mi\u0119sa, ko\u015bci czy t\u0142uszcz\u00f3w zwierz\u0119cych, powinny trafia\u0107 do br\u0105zowego pojemnika na bioodpady. Z kolei plastikowe opakowania po przeterminowanych w\u0119dlinach nale\u017cy oddzieli\u0107 na tworzywa sztuczne oraz odpady zmieszane. Dzi\u0119ki takim praktykom mo\u017cemy znacznie zwi\u0119kszy\u0107 szans\u0119 na recykling i ponowne wykorzystanie materia\u0142\u00f3w, co w efekcie przyczynia si\u0119 do zmniejszenia zu\u017cycia surowc\u00f3w naturalnych oraz ograniczenia emisji gaz\u00f3w cieplarnianych.<\/p>\n\n\n\n<p><strong><mark style=\"background-color:#5dff86\" class=\"has-inline-color\">Sprawd\u017a, co robi\u0107, by nie marnowa\u0107 \u017cywno\u015bci!<\/mark><\/strong><\/p>\n\n\n\n<ul class=\"wp-block-list\">\n<li>Planuj posi\u0142ki i kupuj z g\u0142ow\u0105 \u2013 robienie zakup\u00f3w z dok\u0142adn\u0105 list\u0105 i wcze\u015bniejsze zastanowienie si\u0119, co naprawd\u0119 jest nam potrzebne, znacz\u0105co ograniczy ilo\u015b\u0107 wyrzucanej \u017cywno\u015bci, a przy okazji pozwoli na oszcz\u0119dno\u015bci.<\/li>\n\n\n\n<li>Kreatywnie wykorzystaj resztki: przygotuj z pozosta\u0142o\u015bci warzyw i mi\u0119sa zup\u0119, gulasz czy sa\u0142atk\u0119;<\/li>\n\n\n\n<li>Zadbaj o odpowiednie przechowywanie produkt\u00f3w.<\/li>\n\n\n\n<li>Zwracaj uwag\u0119 na daty wa\u017cno\u015bci lub przydatno\u015bci do spo\u017cycia.<\/li>\n\n\n\n<li>Przygotowuj mniejsze porcje. Wspieraj jad\u0142odzielnie \u2013 dzielenie si\u0119 nadmiarem jedzenia z osobami potrzebuj\u0105cymi staje si\u0119 coraz popularniejsze. To prosty spos\u00f3b na to, by jedzenie nie trafi\u0142o do kosza, ale na talerze tych, kt\u00f3rzy go potrzebuj\u0105.<\/li>\n<\/ul>\n\n\n\n<p><\/p>\n\n\n\n<figure class=\"wp-block-image size-full\"><img decoding=\"async\" width=\"767\" height=\"99\" data-src=\"https:\/\/gazetaregionalna.com\/wp-content\/uploads\/2025\/07\/WFOSiGW-Material.png\" alt=\"\" class=\"wp-image-139648 lazyload\" data-srcset=\"https:\/\/gazetaregionalna.com\/wp-content\/uploads\/2025\/07\/WFOSiGW-Material.png 767w, https:\/\/gazetaregionalna.com\/wp-content\/uploads\/2025\/07\/WFOSiGW-Material-300x39.png 300w\" data-sizes=\"(max-width: 767px) 100vw, 767px\" src=\"data:image\/svg+xml;base64,PHN2ZyB3aWR0aD0iMSIgaGVpZ2h0PSIxIiB4bWxucz0iaHR0cDovL3d3dy53My5vcmcvMjAwMC9zdmciPjwvc3ZnPg==\" style=\"--smush-placeholder-width: 767px; --smush-placeholder-aspect-ratio: 767\/99;\" \/><\/figure>\n\n\n\n<p>Za tre\u015bci zawarte w materiale dofinansowanym ze \u015brodk\u00f3w <a href=\"https:\/\/wfosigw.katowice.pl\/\" target=\"_blank\" rel=\"noreferrer noopener\">WFO\u015aiGW<\/a> w Katowicach odpowiedzialno\u015b\u0107 ponosi redakcja.<\/p>\n\n\n\n<p>Czytaj tak\u017ce: <a href=\"https:\/\/gazetaregionalna.com\/wreczyca-wielka-2\/\">Trwa termomodernizacja Szko\u0142y Podstawowej w gminie Wr\u0119czyca Wielka [wideo]<\/a><\/p>\n","protected":false},"excerpt":{"rendered":"<p>W Polsce co roku wyrzuca si\u0119 blisko 5 milion\u00f3w ton \u017cywno\u015bci, z czego a\u017c 60 proc. pochodzi z gospodarstw domowych. Przeciwdzia\u0142anie marnowaniu jedzenia jest<\/p>\n","protected":false},"author":5,"featured_media":141060,"comment_status":"closed","ping_status":"open","sticky":false,"template":"","format":"standard","meta":{"_monsterinsights_skip_tracking":false,"_monsterinsights_sitenote_active":false,"_monsterinsights_sitenote_note":"","_monsterinsights_sitenote_category":0,"_uf_show_specific_survey":0,"_uf_disable_surveys":false,"footnotes":""},"categories":[29],"tags":[10056,9499,10057],"class_list":["post-141054","post","type-post","status-publish","format-standard","has-post-thumbnail","hentry","category-ekologia","tag-marnotrawstwo-zywnosci","tag-wfosigw-w-katowicach","tag-wyrzucanie-jedzenia"],"_links":{"self":[{"href":"https:\/\/gazetaregionalna.com\/index.php?rest_route=\/wp\/v2\/posts\/141054","targetHints":{"allow":["GET"]}}],"collection":[{"href":"https:\/\/gazetaregionalna.com\/index.php?rest_route=\/wp\/v2\/posts"}],"about":[{"href":"https:\/\/gazetaregionalna.com\/index.php?rest_route=\/wp\/v2\/types\/post"}],"author":[{"embeddable":true,"href":"https:\/\/gazetaregionalna.com\/index.php?rest_route=\/wp\/v2\/users\/5"}],"replies":[{"embeddable":true,"href":"https:\/\/gazetaregionalna.com\/index.php?rest_route=%2Fwp%2Fv2%2Fcomments&post=141054"}],"version-history":[{"count":2,"href":"https:\/\/gazetaregionalna.com\/index.php?rest_route=\/wp\/v2\/posts\/141054\/revisions"}],"predecessor-version":[{"id":141059,"href":"https:\/\/gazetaregionalna.com\/index.php?rest_route=\/wp\/v2\/posts\/141054\/revisions\/141059"}],"wp:featuredmedia":[{"embeddable":true,"href":"https:\/\/gazetaregionalna.com\/index.php?rest_route=\/wp\/v2\/media\/141060"}],"wp:attachment":[{"href":"https:\/\/gazetaregionalna.com\/index.php?rest_route=%2Fwp%2Fv2%2Fmedia&parent=141054"}],"wp:term":[{"taxonomy":"category","embeddable":true,"href":"https:\/\/gazetaregionalna.com\/index.php?rest_route=%2Fwp%2Fv2%2Fcategories&post=141054"},{"taxonomy":"post_tag","embeddable":true,"href":"https:\/\/gazetaregionalna.com\/index.php?rest_route=%2Fwp%2Fv2%2Ftags&post=141054"}],"curies":[{"name":"wp","href":"https:\/\/api.w.org\/{rel}","templated":true}]}}