{"id":141051,"date":"2025-09-10T06:01:05","date_gmt":"2025-09-10T06:01:05","guid":{"rendered":"https:\/\/gazetaregionalna.com\/?p=141051"},"modified":"2025-09-10T06:01:06","modified_gmt":"2025-09-10T06:01:06","slug":"niedopalajsie","status":"publish","type":"post","link":"https:\/\/gazetaregionalna.com\/?p=141051","title":{"rendered":"#NieDopalajSi\u0119!"},"content":{"rendered":"\n<p><\/p>\n\n\n\n<p>Do cz\u0119stochowskiej Stra\u017cy Miejskiej wp\u0142yn\u0119\u0142o pismo z podzi\u0119kowaniem za udzia\u0142 w akcji #NieDopalajSi\u0119!<\/p>\n\n\n\n<p>Pomys\u0142odawczyni\u0105 akcji #NieDopalajSi\u0119! jest wiceprzewodnicz\u0105ca cz\u0119stochowskiej Rady Miasta Ma\u0142gorzata I\u017cy\u0144ska. Radna zaprosi\u0142a do udzia\u0142u w dzia\u0142aniach profilaktycznych przedstawicieli cz\u0119stochowskiej Stra\u017cy Miejskiej, a tak\u017ce psa s\u0142u\u017cbowego Prim\u0119, kt\u00f3ry wyspecjalizowany jest do wykrywania narkotyk\u00f3w.<\/p>\n\n\n\n<p>Dzia\u0142ania edukacyjne #NieDopalajSi\u0119! maj\u0105 przestrzega\u0107 przed niebezpiecze\u0144stwami zwi\u0105zanym z dopalaczami i narkotykami.<\/p>\n\n\n\n<p>Stra\u017cniczka miejska i stra\u017cnik miejski wraz z Prim\u0105 uczestniczyli ju\u017c w kilku spotkaniach edukacyjnych i profilaktycznych w Cz\u0119stochowie czy Katowicach. Przedstawiciele cz\u0119stochowskiej Stra\u017cy Miejskiej wraz z radn\u0105 miejsk\u0105 Ma\u0142gorzat\u0105 I\u017cy\u0144sk\u0105 brali te\u017c udzia\u0142 w konferencji po\u015bwi\u0119conej zdrowiu psychicznemu dzieci i m\u0142odzie\u017cy na AWF Katowice.<\/p>\n\n\n\n<p>W pi\u015bmie skierowanym do komendanta cz\u0119stochowskiej Stra\u017cy Miejskiej pani radna Ma\u0142gorzata I\u017cy\u0144ska dzi\u0119kuje za udzia\u0142 cz\u0119stochowskich \u201emundurowych\u201d w dzia\u0142aniach edukacyjnych.<\/p>\n\n\n\n<p>Cz\u0119stochowscy stra\u017cnicy miejscy prowadz\u0105 prelekcje w cz\u0119stochowskich szko\u0142ach na r\u00f3\u017cne tematy, w tym te zwi\u0105zane z narkotykami i dopalaczami. Aby um\u00f3wi\u0107 si\u0119 na szkoln\u0105 prelekcj\u0119, nale\u017cy przes\u0142a\u0107 pismo do cz\u0119stochowskiej Stra\u017cy Miejskiej z propozycj\u0105 tematu, albo zadzwoni\u0107 (tel. 34 3683192 wew. 217) i um\u00f3wi\u0107 si\u0119 na szkoln\u0105 prelekcj\u0119. Zaj\u0119cia odbywaj\u0105 si\u0119 w szko\u0142ach lub w komendzie Stra\u017cy Miejskiej przy ul. Krakowskiej.<\/p>\n\n\n\n<p>\u0179r\u00f3d\u0142o: www.sm.czestochowa.pl <\/p>\n","protected":false},"excerpt":{"rendered":"<p>Do cz\u0119stochowskiej Stra\u017cy Miejskiej wp\u0142yn\u0119\u0142o pismo z podzi\u0119kowaniem za udzia\u0142 w akcji #NieDopalajSi\u0119! Pomys\u0142odawczyni\u0105 akcji #NieDopalajSi\u0119! jest wiceprzewodnicz\u0105ca cz\u0119stochowskiej Rady Miasta Ma\u0142gorzata I\u017cy\u0144ska. Radna<\/p>\n","protected":false},"author":25,"featured_media":141052,"comment_status":"closed","ping_status":"open","sticky":false,"template":"","format":"standard","meta":{"_monsterinsights_skip_tracking":false,"_monsterinsights_sitenote_active":false,"_monsterinsights_sitenote_note":"","_monsterinsights_sitenote_category":0,"_uf_show_specific_survey":0,"_uf_disable_surveys":false,"footnotes":""},"categories":[94,3,2],"tags":[],"class_list":["post-141051","post","type-post","status-publish","format-standard","has-post-thumbnail","hentry","category-polecane","category-czestochowa-informacje","category-wiadomosci"],"_links":{"self":[{"href":"https:\/\/gazetaregionalna.com\/index.php?rest_route=\/wp\/v2\/posts\/141051","targetHints":{"allow":["GET"]}}],"collection":[{"href":"https:\/\/gazetaregionalna.com\/index.php?rest_route=\/wp\/v2\/posts"}],"about":[{"href":"https:\/\/gazetaregionalna.com\/index.php?rest_route=\/wp\/v2\/types\/post"}],"author":[{"embeddable":true,"href":"https:\/\/gazetaregionalna.com\/index.php?rest_route=\/wp\/v2\/users\/25"}],"replies":[{"embeddable":true,"href":"https:\/\/gazetaregionalna.com\/index.php?rest_route=%2Fwp%2Fv2%2Fcomments&post=141051"}],"version-history":[{"count":1,"href":"https:\/\/gazetaregionalna.com\/index.php?rest_route=\/wp\/v2\/posts\/141051\/revisions"}],"predecessor-version":[{"id":141053,"href":"https:\/\/gazetaregionalna.com\/index.php?rest_route=\/wp\/v2\/posts\/141051\/revisions\/141053"}],"wp:featuredmedia":[{"embeddable":true,"href":"https:\/\/gazetaregionalna.com\/index.php?rest_route=\/wp\/v2\/media\/141052"}],"wp:attachment":[{"href":"https:\/\/gazetaregionalna.com\/index.php?rest_route=%2Fwp%2Fv2%2Fmedia&parent=141051"}],"wp:term":[{"taxonomy":"category","embeddable":true,"href":"https:\/\/gazetaregionalna.com\/index.php?rest_route=%2Fwp%2Fv2%2Fcategories&post=141051"},{"taxonomy":"post_tag","embeddable":true,"href":"https:\/\/gazetaregionalna.com\/index.php?rest_route=%2Fwp%2Fv2%2Ftags&post=141051"}],"curies":[{"name":"wp","href":"https:\/\/api.w.org\/{rel}","templated":true}]}}