{"id":140905,"date":"2025-09-02T06:19:40","date_gmt":"2025-09-02T06:19:40","guid":{"rendered":"https:\/\/gazetaregionalna.com\/?p=140905"},"modified":"2025-09-02T06:19:41","modified_gmt":"2025-09-02T06:19:41","slug":"mial-noze-i-toporek-zlodzieja-ujeli-straznicy-miejscy","status":"publish","type":"post","link":"https:\/\/gazetaregionalna.com\/?p=140905","title":{"rendered":"Mia\u0142 no\u017ce i toporek. Z\u0142odzieja uj\u0119li stra\u017cnicy miejscy"},"content":{"rendered":"\n<p>Cz\u0119stochowscy stra\u017cnicy miejscy uj\u0119li m\u0119\u017cczyzn\u0119, kt\u00f3ry dokona\u0142 kradzie\u017cy w sklepie. Ochroniarza sklepu odstraszy\u0142 pokazuj\u0105c n\u00f3\u017c&#8230;<\/p>\n\n\n\n<p>Podczas patrolowania al. Wolno\u015bci do stra\u017cnik\u00f3w miejskich zg\u0142osi\u0142 si\u0119 pracownik jednego ze sklep\u00f3w, kt\u00f3ry poinformowa\u0142 o kradzie\u017cy. Sprawca mia\u0142 pokaza\u0107 ochroniarzowi n\u00f3\u017c. Stra\u017cnicy miejscy maj\u0105c rysopis sprawcy rozpocz\u0119li patrolowanie okolicznego terenu. Sprawca zosta\u0142 zauwa\u017cony i uj\u0119ty w rejonie Al. NMP. Funkcjonariusze Stra\u017cy Miejskiej ujawnili przy m\u0119\u017cczy\u017anie: dwa no\u017ce, toporek oraz woreczek strunowy z substancj\u0105 koloru zielonego.<\/p>\n\n\n\n<p>Stra\u017cnicy miejscy przekazali uj\u0119tego m\u0119\u017cczyzn\u0119 funkcjonariuszom z I KP. Musi liczy\u0107 si\u0119 z odpowiedzialno\u015bci\u0105 za sw\u00f3j czyn.<\/p>\n\n\n\n<p>\u0179r\u00f3d\u0142o: www.sm.czestochowa.pl <\/p>\n","protected":false},"excerpt":{"rendered":"<p>Cz\u0119stochowscy stra\u017cnicy miejscy uj\u0119li m\u0119\u017cczyzn\u0119, kt\u00f3ry dokona\u0142 kradzie\u017cy w sklepie. Ochroniarza sklepu odstraszy\u0142 pokazuj\u0105c n\u00f3\u017c&#8230; Podczas patrolowania al. Wolno\u015bci do stra\u017cnik\u00f3w miejskich zg\u0142osi\u0142 si\u0119<\/p>\n","protected":false},"author":25,"featured_media":131545,"comment_status":"closed","ping_status":"open","sticky":false,"template":"","format":"standard","meta":{"_monsterinsights_skip_tracking":false,"_monsterinsights_sitenote_active":false,"_monsterinsights_sitenote_note":"","_monsterinsights_sitenote_category":0,"_uf_show_specific_survey":0,"_uf_disable_surveys":false,"footnotes":""},"categories":[94,3,2],"tags":[],"class_list":["post-140905","post","type-post","status-publish","format-standard","has-post-thumbnail","hentry","category-polecane","category-czestochowa-informacje","category-wiadomosci"],"_links":{"self":[{"href":"https:\/\/gazetaregionalna.com\/index.php?rest_route=\/wp\/v2\/posts\/140905","targetHints":{"allow":["GET"]}}],"collection":[{"href":"https:\/\/gazetaregionalna.com\/index.php?rest_route=\/wp\/v2\/posts"}],"about":[{"href":"https:\/\/gazetaregionalna.com\/index.php?rest_route=\/wp\/v2\/types\/post"}],"author":[{"embeddable":true,"href":"https:\/\/gazetaregionalna.com\/index.php?rest_route=\/wp\/v2\/users\/25"}],"replies":[{"embeddable":true,"href":"https:\/\/gazetaregionalna.com\/index.php?rest_route=%2Fwp%2Fv2%2Fcomments&post=140905"}],"version-history":[{"count":1,"href":"https:\/\/gazetaregionalna.com\/index.php?rest_route=\/wp\/v2\/posts\/140905\/revisions"}],"predecessor-version":[{"id":140906,"href":"https:\/\/gazetaregionalna.com\/index.php?rest_route=\/wp\/v2\/posts\/140905\/revisions\/140906"}],"wp:featuredmedia":[{"embeddable":true,"href":"https:\/\/gazetaregionalna.com\/index.php?rest_route=\/wp\/v2\/media\/131545"}],"wp:attachment":[{"href":"https:\/\/gazetaregionalna.com\/index.php?rest_route=%2Fwp%2Fv2%2Fmedia&parent=140905"}],"wp:term":[{"taxonomy":"category","embeddable":true,"href":"https:\/\/gazetaregionalna.com\/index.php?rest_route=%2Fwp%2Fv2%2Fcategories&post=140905"},{"taxonomy":"post_tag","embeddable":true,"href":"https:\/\/gazetaregionalna.com\/index.php?rest_route=%2Fwp%2Fv2%2Ftags&post=140905"}],"curies":[{"name":"wp","href":"https:\/\/api.w.org\/{rel}","templated":true}]}}