{"id":140878,"date":"2025-08-31T19:33:46","date_gmt":"2025-08-31T19:33:46","guid":{"rendered":"https:\/\/gazetaregionalna.com\/?p=140878"},"modified":"2025-08-31T19:40:57","modified_gmt":"2025-08-31T19:40:57","slug":"zuzlowcy-krono-plast-wlokniarz-wygrali-w-gorzowie-i-obronili-pge-ekstralige-dla-czestochowy","status":"publish","type":"post","link":"https:\/\/gazetaregionalna.com\/?p=140878","title":{"rendered":"\u017bu\u017clowcy Krono-Plast W\u0142\u00f3kniarz wygrali w Gorzowie i obronili PGE Ekstralig\u0119 dla Cz\u0119stochowy!!!"},"content":{"rendered":"\n<p>\u017bu\u017clowcy Krono-Plast W\u0142\u00f3kniarz po meczu w Gorzowie zapewnili sobie utrzymanie w PGE Ekstralidze. Cz\u0119stochowianie wygrali rewan\u017c w Gorzowie 47:43!<\/p>\n\n\n\n<p>\u017bu\u017clowcy Krono-Plast W\u0142\u00f3kniarz \u015bcigali si\u0119 w niedziel\u0119 w Gorzowie w rewan\u017cowym meczu fazy play-down z Gezet Stal\u0105. W pierwszym spotkaniu w Cz\u0119stochowie \u201eLwy\u201d wygra\u0142y 48:42 i do Gorzowa jecha\u0142y broni\u0107 skromnej zaliczki. Stawk\u0105 meczu by\u0142o pewne utrzymanie si\u0119 w PGE Ekstralidze i zaj\u0119cie miejsca w przedziale 5.-6. Przegrany z tego dwumeczu ,,skazany\u201d jest na dalsz\u0105 walk\u0119 o utrzymanie. Cz\u0119stochowianie spisali si\u0119 bardzo dobrze, obronili PGE Ekstralig\u0119 i zaj\u0119li 6. miejsce w sezonie 2025. <\/p>\n\n\n\n<p>Pierwszy bieg zako\u0144czy\u0142 si\u0119 remisem 3:3. Ale ju\u017c w 2. wy\u015bcigu juniorzy Gezet Stali wygrali 5:1 i gospodarze obj\u0119li prowadzenie w meczu 8:4.<\/p>\n\n\n\n<p>W 3. gonitwie dnia g\u00f3r\u0105 byli go\u015bcie. Jason Doyle z Madsem Hansenem wygrali 4:2 i zmniejszyli straty do 2 punkt\u00f3w (10:8).<\/p>\n\n\n\n<p>Czwarty bieg wygra\u0142 lider gospodarzy Anders Thomsen. Drugi przyjecha\u0142 Kacper Woryna, kt\u00f3ry w dniu meczu obchodzi\u0142 swoje urodziny. Trzeci by\u0142 Oskar Paluch, a ostatni Kacper Halkiewicz. Gospodarze ponownie odskoczyli na 4 punkty, a w dwumeczu tracili ju\u017c tylko 2 \u201eoczka\u201d do cz\u0119stochowian&#8230;<\/p>\n\n\n\n<p>Gezet Stal ju\u017c po 5. wy\u015bcigu odskoczy\u0142a na 6 punkt\u00f3w przewagi czyli odrobi\u0142a straty z Cz\u0119stochowy. Cz\u0119stochowianie nie dawali jednak za wygran\u0105. W 6. wy\u015bcigu Krono-Plast W\u0142\u00f3kniarz prowadzi\u0142 5:1, ale sko\u0144czy\u0142o si\u0119 na 4:2 dla \u201eLw\u00f3w\u201d.<\/p>\n\n\n\n<p>W 7. biegu bardzo dobrze pojecha\u0142 Doyle, kt\u00f3ry pokona\u0142 lidera gospodarzy Thomsena i gro\u017anego Vaculika. Na ko\u0144cu stawki przyjecha\u0142 Ludwiczak i by\u0142 remis 3:3. Podopieczni trenera Mariusza Staszewskiego w 8. wy\u015bcigu ponownie wygrali 4:2 i Gezet Stal prowadzi\u0142a tylko 25:23.<\/p>\n\n\n\n<p>\u017bu\u017clowcy Krono-Plast W\u0142\u00f3kniarz bardzo dobrze spisali si\u0119 w 9. wy\u015bcigu. Pawlicki z Hansenem pokonali Gezet Stali: Thomsena i Vaculika 4:2 i doprowadzili do remisu w meczu!<\/p>\n\n\n\n<p>Po 10. wy\u015bcigu by\u0142 remis w meczu 30:30, a w dwumeczu W\u0142\u00f3kniarz prowadzi\u0142 6 punktami. Do ko\u0144ca spotkania pozosta\u0142o 5 wy\u015bcig\u00f3w, w kt\u00f3rych cz\u0119stochowianie musieli zdoby\u0107 co najmniej 13 punkt\u00f3w&#8230;<\/p>\n\n\n\n<p>W 11. wy\u015bcigu kibice \u201eLw\u00f3w\u201d liczyli na zwyci\u0119stwo, bo w parze jechali Pawlicki i Woryna. Niestety, ale cz\u0119stochowianie przegrali start. Pawlicki po walce wygra\u0142 wy\u015bcig, ale Woryna przyjecha\u0142 ostatni i by\u0142 kolejny remis 3:3 i w meczu 33:33.<\/p>\n\n\n\n<p>W 12. wy\u015bcigu ci\u0119\u017car walki na swoje barki wzi\u0105\u0142 Mads Hansen, kt\u00f3y jecha\u0142 w parze z Szymonem Ludwiczakiem. Hansen wygra\u0142 bardzo wa\u017cny wy\u015bcig i przywi\u00f3z\u0142 remis. Na 3 biegi przed koncem meczu by\u0142 remis 36:36&#8230;<\/p>\n\n\n\n<p>W 13. wy\u015bcigu Doyle wygra\u0142 sw\u00f3j 4 bieg w meczu! Przed biegami nominowanymi by\u0142 remis 39:39. W dw\u00f3ch ostatnich startach cz\u0119stochowianie potrzebowali tylko 4 punkt\u00f3w, aby wygra\u0107 dwumecz i obroni\u0107 PGE Ekstralig\u0119 dla W\u0142\u00f3kniarza&#8230;<\/p>\n\n\n\n<p>Cz\u0119stochowianie remisuj\u0105c 14. wy\u015bcig zapewnili sobie utrzymanie w PGE Ekstralidze. W 15. biegu przypiecz\u0119towali zwyci\u0119stwo w meczu wygrywaj\u0105c 5:1 i mecz 47:43!!!<\/p>\n\n\n\n<p>Bohaterem W\u0142\u00f3kniarza by\u0142 Jason Doyle, kt\u00f3ry wygra\u0142 wszystkie 5 wy\u015bcig\u00f3w i zdoby\u0142 komplet 15 punkt\u00f3w. Wspiera\u0142 go Piotr Pawlicki, kt\u00f3ry uzbiera\u0142 13 punkt\u00f3w. Wa\u017cne punkty do\u0142o\u017cyli Kacper Woryna i Mads Hansen. <\/p>\n\n\n\n<p>Cz\u0119stochowianie zapewnili sobie utrzymanie. Gezet Stal b\u0119dzie rywalizowa\u0107 z ROW Rybnik o unikniecie bezpo\u015bredniego spadku. Przegrany z tej pary spadnie do 1. ligi, a wygrany b\u0119dzie je\u017adzi\u0142 bara\u017c z 2. dru\u017cyn\u0105 z 1. ligi&#8230; <\/p>\n\n\n\n<p>AK, fot: AK<\/p>\n\n\n\n<p>Gezet Stal Gorz\u00f3w 43<\/p>\n\n\n\n<p>Vaculik 8 (3,1,0,1,3)<\/p>\n\n\n\n<p>Thomsen 9 (3,2,2,1,1)<\/p>\n\n\n\n<p>Krok ns (-,-,-,-,)<\/p>\n\n\n\n<p>Fajfer 4 (0,1,1,2,0)<\/p>\n\n\n\n<p>Lebiediew 8 (2,2,2,2,0)<\/p>\n\n\n\n<p>Paluch (2,1,3,d,2,<\/p>\n\n\n\n<p>Jab\u0142o\u0144ski (t,3,0,2,1<\/p>\n\n\n\n<p>Bednar<\/p>\n\n\n\n<p>Krono-Plast W\u0142\u00f3kniarz Cz\u0119stochowa 47<\/p>\n\n\n\n<p>Pawlicki 13 (2,3,3,3,2)<\/p>\n\n\n\n<p>Hansen 7 (1,1,1,3,1)<\/p>\n\n\n\n<p>Lampart 2 (1,0,1,0)<\/p>\n\n\n\n<p>Woryna 9 (2,2,3,0,2)<\/p>\n\n\n\n<p>Doyle 15 (3,3,3,3,3)<\/p>\n\n\n\n<p>Halkiewicz 1 (1,0,-)<\/p>\n\n\n\n<p>Ludwiczak 0 (0,0,0)<\/p>\n\n\n\n<p>Karczewski 0 (u)<\/p>\n\n\n\n<ol class=\"wp-block-list\">\n<li>Vaculik, Pawlicki, Lampart, Jab\u0142o\u0144ski (t), Krok (t) 3:3<\/li>\n\n\n\n<li>Jab\u0142o\u0144ski, Paluch, Halkiewicz, Ludwiczak, 5:1\/8:4<\/li>\n\n\n\n<li>Doyle, Lebiediew, Hansen, Fajfer 2:4\/10:8<\/li>\n\n\n\n<li>Thomsen, Woryna, Paluch, Halkiewicz 4:2\/14:10<\/li>\n\n\n\n<li>Paluch, Woryna, Fajfer, Lampart 4:2\/18:12<\/li>\n\n\n\n<li>Pawlicki, Lebiediew, Hansen, Jab\u0142o\u0144ski 2:4\/20:16<\/li>\n\n\n\n<li>Doyle, Thomsen, Vaculik, Ludwiczak 3:3\/23:19<\/li>\n\n\n\n<li>Woryna, Lebiediew, Lampart, Paluch (d), 2:4\/25:23<\/li>\n\n\n\n<li>Pawlicki, Thomsen, Hansen, Vaculik 2:4\/27:27<\/li>\n\n\n\n<li>Doyle, Jab\u0142o\u0144ski, Fajfer, Karczewski (w) 3:3\/30:30<\/li>\n\n\n\n<li>Pawlicki, Fajfer, Vaculik, Woryna 3:3\/33:33<\/li>\n\n\n\n<li>Hansen, Paluch, Jab\u0142o\u0144ski, Ludwiczak 3:3\/36:36<\/li>\n\n\n\n<li>Doyle, Lebiediew, Thomsen, Lampart 3:3\/39:39<\/li>\n\n\n\n<li>Vaculik, Woryna, Hansen, Fajfer 3:3\/42:42<\/li>\n\n\n\n<li>Doyle, Pawlicki, Thomsen, Lebiediew 1:5\/43:47<\/li>\n<\/ol>\n\n\n\n<p>Partnerami relacji sportowych s\u0105:<\/p>\n\n\n\n<p>DMK Invest materia\u0142y budowlane Konopiska<\/p>\n\n\n\n<p>Orlikowscy. Pokrycia dachowe i rynny<\/p>\n\n\n\n<p>Kancelaria Adwokackie. Janik &amp; Stolarska<\/p>\n\n\n\n<p>Przychodnie NZOZ \u201eNasze Zdrowie\u201d Jacek \u0141ukasik<\/p>\n\n\n\n<figure class=\"wp-block-image size-large\"><img decoding=\"async\" width=\"1024\" height=\"536\" data-src=\"https:\/\/gazetaregionalna.com\/wp-content\/uploads\/2025\/08\/Przychodnie-Nasze-Zdrowie-1024x536.jpg\" alt=\"\" class=\"wp-image-140850 lazyload\" data-srcset=\"https:\/\/gazetaregionalna.com\/wp-content\/uploads\/2025\/08\/Przychodnie-Nasze-Zdrowie-1024x536.jpg 1024w, https:\/\/gazetaregionalna.com\/wp-content\/uploads\/2025\/08\/Przychodnie-Nasze-Zdrowie-300x157.jpg 300w, https:\/\/gazetaregionalna.com\/wp-content\/uploads\/2025\/08\/Przychodnie-Nasze-Zdrowie-768x402.jpg 768w, https:\/\/gazetaregionalna.com\/wp-content\/uploads\/2025\/08\/Przychodnie-Nasze-Zdrowie.jpg 1200w\" data-sizes=\"(max-width: 1024px) 100vw, 1024px\" src=\"data:image\/svg+xml;base64,PHN2ZyB3aWR0aD0iMSIgaGVpZ2h0PSIxIiB4bWxucz0iaHR0cDovL3d3dy53My5vcmcvMjAwMC9zdmciPjwvc3ZnPg==\" style=\"--smush-placeholder-width: 1024px; --smush-placeholder-aspect-ratio: 1024\/536;\" \/><\/figure>\n\n\n\n<figure class=\"wp-block-image size-large\"><img decoding=\"async\" width=\"1024\" height=\"683\" data-src=\"https:\/\/gazetaregionalna.com\/wp-content\/uploads\/2025\/05\/Wlokniarz-Falubaz-10-1024x683.jpg\" alt=\"\" class=\"wp-image-137484 lazyload\" data-srcset=\"https:\/\/gazetaregionalna.com\/wp-content\/uploads\/2025\/05\/Wlokniarz-Falubaz-10-1024x683.jpg 1024w, https:\/\/gazetaregionalna.com\/wp-content\/uploads\/2025\/05\/Wlokniarz-Falubaz-10-300x200.jpg 300w, https:\/\/gazetaregionalna.com\/wp-content\/uploads\/2025\/05\/Wlokniarz-Falubaz-10-768x512.jpg 768w, https:\/\/gazetaregionalna.com\/wp-content\/uploads\/2025\/05\/Wlokniarz-Falubaz-10.jpg 1200w\" data-sizes=\"(max-width: 1024px) 100vw, 1024px\" src=\"data:image\/svg+xml;base64,PHN2ZyB3aWR0aD0iMSIgaGVpZ2h0PSIxIiB4bWxucz0iaHR0cDovL3d3dy53My5vcmcvMjAwMC9zdmciPjwvc3ZnPg==\" style=\"--smush-placeholder-width: 1024px; --smush-placeholder-aspect-ratio: 1024\/683;\" \/><\/figure>\n\n\n\n<figure class=\"wp-block-image size-large\"><img decoding=\"async\" width=\"1024\" height=\"536\" data-src=\"https:\/\/gazetaregionalna.com\/wp-content\/uploads\/2025\/08\/Janik-S-biale-1024x536.png\" alt=\"\" class=\"wp-image-140250 lazyload\" data-srcset=\"https:\/\/gazetaregionalna.com\/wp-content\/uploads\/2025\/08\/Janik-S-biale-1024x536.png 1024w, https:\/\/gazetaregionalna.com\/wp-content\/uploads\/2025\/08\/Janik-S-biale-300x157.png 300w, https:\/\/gazetaregionalna.com\/wp-content\/uploads\/2025\/08\/Janik-S-biale-768x402.png 768w, https:\/\/gazetaregionalna.com\/wp-content\/uploads\/2025\/08\/Janik-S-biale.png 1200w\" data-sizes=\"(max-width: 1024px) 100vw, 1024px\" src=\"data:image\/svg+xml;base64,PHN2ZyB3aWR0aD0iMSIgaGVpZ2h0PSIxIiB4bWxucz0iaHR0cDovL3d3dy53My5vcmcvMjAwMC9zdmciPjwvc3ZnPg==\" style=\"--smush-placeholder-width: 1024px; --smush-placeholder-aspect-ratio: 1024\/536;\" \/><\/figure>\n\n\n\n<figure class=\"wp-block-image size-full\"><img decoding=\"async\" width=\"1000\" height=\"667\" data-src=\"https:\/\/gazetaregionalna.com\/wp-content\/uploads\/2025\/04\/Wlokniarz-Stal-51.jpg\" alt=\"\" class=\"wp-image-136557 lazyload\" data-srcset=\"https:\/\/gazetaregionalna.com\/wp-content\/uploads\/2025\/04\/Wlokniarz-Stal-51.jpg 1000w, https:\/\/gazetaregionalna.com\/wp-content\/uploads\/2025\/04\/Wlokniarz-Stal-51-300x200.jpg 300w, https:\/\/gazetaregionalna.com\/wp-content\/uploads\/2025\/04\/Wlokniarz-Stal-51-768x512.jpg 768w\" data-sizes=\"(max-width: 1000px) 100vw, 1000px\" src=\"data:image\/svg+xml;base64,PHN2ZyB3aWR0aD0iMSIgaGVpZ2h0PSIxIiB4bWxucz0iaHR0cDovL3d3dy53My5vcmcvMjAwMC9zdmciPjwvc3ZnPg==\" style=\"--smush-placeholder-width: 1000px; --smush-placeholder-aspect-ratio: 1000\/667;\" \/><\/figure>\n\n\n\n<figure class=\"wp-block-image size-large\"><img decoding=\"async\" width=\"1024\" height=\"1024\" data-src=\"https:\/\/gazetaregionalna.com\/wp-content\/uploads\/2025\/06\/dmk_28_06-1024x1024.jpg\" alt=\"\" class=\"wp-image-138817 lazyload\" data-srcset=\"https:\/\/gazetaregionalna.com\/wp-content\/uploads\/2025\/06\/dmk_28_06-1024x1024.jpg 1024w, https:\/\/gazetaregionalna.com\/wp-content\/uploads\/2025\/06\/dmk_28_06-300x300.jpg 300w, https:\/\/gazetaregionalna.com\/wp-content\/uploads\/2025\/06\/dmk_28_06-150x150.jpg 150w, https:\/\/gazetaregionalna.com\/wp-content\/uploads\/2025\/06\/dmk_28_06-768x768.jpg 768w, https:\/\/gazetaregionalna.com\/wp-content\/uploads\/2025\/06\/dmk_28_06-215x215.jpg 215w, https:\/\/gazetaregionalna.com\/wp-content\/uploads\/2025\/06\/dmk_28_06.jpg 1080w\" data-sizes=\"(max-width: 1024px) 100vw, 1024px\" src=\"data:image\/svg+xml;base64,PHN2ZyB3aWR0aD0iMSIgaGVpZ2h0PSIxIiB4bWxucz0iaHR0cDovL3d3dy53My5vcmcvMjAwMC9zdmciPjwvc3ZnPg==\" style=\"--smush-placeholder-width: 1024px; --smush-placeholder-aspect-ratio: 1024\/1024;\" \/><\/figure>\n\n\n\n<figure class=\"wp-block-image size-large\"><img decoding=\"async\" width=\"1024\" height=\"683\" data-src=\"https:\/\/gazetaregionalna.com\/wp-content\/uploads\/2025\/08\/Wlokniarz-Stal-24-1024x683.jpg\" alt=\"\" class=\"wp-image-140879 lazyload\" data-srcset=\"https:\/\/gazetaregionalna.com\/wp-content\/uploads\/2025\/08\/Wlokniarz-Stal-24-1024x683.jpg 1024w, https:\/\/gazetaregionalna.com\/wp-content\/uploads\/2025\/08\/Wlokniarz-Stal-24-300x200.jpg 300w, https:\/\/gazetaregionalna.com\/wp-content\/uploads\/2025\/08\/Wlokniarz-Stal-24-768x512.jpg 768w, https:\/\/gazetaregionalna.com\/wp-content\/uploads\/2025\/08\/Wlokniarz-Stal-24.jpg 1200w\" data-sizes=\"(max-width: 1024px) 100vw, 1024px\" src=\"data:image\/svg+xml;base64,PHN2ZyB3aWR0aD0iMSIgaGVpZ2h0PSIxIiB4bWxucz0iaHR0cDovL3d3dy53My5vcmcvMjAwMC9zdmciPjwvc3ZnPg==\" style=\"--smush-placeholder-width: 1024px; --smush-placeholder-aspect-ratio: 1024\/683;\" \/><\/figure>\n\n\n\n<figure class=\"wp-block-image size-large\"><img decoding=\"async\" width=\"1024\" height=\"1024\" data-src=\"https:\/\/gazetaregionalna.com\/wp-content\/uploads\/2025\/08\/Orlikowscy-1-1024x1024.jpg\" alt=\"\" class=\"wp-image-140849 lazyload\" data-srcset=\"https:\/\/gazetaregionalna.com\/wp-content\/uploads\/2025\/08\/Orlikowscy-1-1024x1024.jpg 1024w, https:\/\/gazetaregionalna.com\/wp-content\/uploads\/2025\/08\/Orlikowscy-1-300x300.jpg 300w, https:\/\/gazetaregionalna.com\/wp-content\/uploads\/2025\/08\/Orlikowscy-1-150x150.jpg 150w, https:\/\/gazetaregionalna.com\/wp-content\/uploads\/2025\/08\/Orlikowscy-1-768x768.jpg 768w, https:\/\/gazetaregionalna.com\/wp-content\/uploads\/2025\/08\/Orlikowscy-1-215x215.jpg 215w, https:\/\/gazetaregionalna.com\/wp-content\/uploads\/2025\/08\/Orlikowscy-1.jpg 1080w\" data-sizes=\"(max-width: 1024px) 100vw, 1024px\" src=\"data:image\/svg+xml;base64,PHN2ZyB3aWR0aD0iMSIgaGVpZ2h0PSIxIiB4bWxucz0iaHR0cDovL3d3dy53My5vcmcvMjAwMC9zdmciPjwvc3ZnPg==\" style=\"--smush-placeholder-width: 1024px; --smush-placeholder-aspect-ratio: 1024\/1024;\" \/><\/figure>\n","protected":false},"excerpt":{"rendered":"<p>\u017bu\u017clowcy Krono-Plast W\u0142\u00f3kniarz po meczu w Gorzowie zapewnili sobie utrzymanie w PGE Ekstralidze. Cz\u0119stochowianie wygrali rewan\u017c w Gorzowie 47:43! \u017bu\u017clowcy Krono-Plast W\u0142\u00f3kniarz \u015bcigali si\u0119<\/p>\n","protected":false},"author":15,"featured_media":137484,"comment_status":"closed","ping_status":"open","sticky":false,"template":"","format":"standard","meta":{"_monsterinsights_skip_tracking":false,"_monsterinsights_sitenote_active":false,"_monsterinsights_sitenote_note":"","_monsterinsights_sitenote_category":0,"_uf_show_specific_survey":0,"_uf_disable_surveys":false,"footnotes":""},"categories":[5,94,7],"tags":[],"class_list":["post-140878","post","type-post","status-publish","format-standard","has-post-thumbnail","hentry","category-sport","category-polecane","category-zuzel"],"_links":{"self":[{"href":"https:\/\/gazetaregionalna.com\/index.php?rest_route=\/wp\/v2\/posts\/140878","targetHints":{"allow":["GET"]}}],"collection":[{"href":"https:\/\/gazetaregionalna.com\/index.php?rest_route=\/wp\/v2\/posts"}],"about":[{"href":"https:\/\/gazetaregionalna.com\/index.php?rest_route=\/wp\/v2\/types\/post"}],"author":[{"embeddable":true,"href":"https:\/\/gazetaregionalna.com\/index.php?rest_route=\/wp\/v2\/users\/15"}],"replies":[{"embeddable":true,"href":"https:\/\/gazetaregionalna.com\/index.php?rest_route=%2Fwp%2Fv2%2Fcomments&post=140878"}],"version-history":[{"count":3,"href":"https:\/\/gazetaregionalna.com\/index.php?rest_route=\/wp\/v2\/posts\/140878\/revisions"}],"predecessor-version":[{"id":140884,"href":"https:\/\/gazetaregionalna.com\/index.php?rest_route=\/wp\/v2\/posts\/140878\/revisions\/140884"}],"wp:featuredmedia":[{"embeddable":true,"href":"https:\/\/gazetaregionalna.com\/index.php?rest_route=\/wp\/v2\/media\/137484"}],"wp:attachment":[{"href":"https:\/\/gazetaregionalna.com\/index.php?rest_route=%2Fwp%2Fv2%2Fmedia&parent=140878"}],"wp:term":[{"taxonomy":"category","embeddable":true,"href":"https:\/\/gazetaregionalna.com\/index.php?rest_route=%2Fwp%2Fv2%2Fcategories&post=140878"},{"taxonomy":"post_tag","embeddable":true,"href":"https:\/\/gazetaregionalna.com\/index.php?rest_route=%2Fwp%2Fv2%2Ftags&post=140878"}],"curies":[{"name":"wp","href":"https:\/\/api.w.org\/{rel}","templated":true}]}}