{"id":140875,"date":"2025-08-31T06:39:35","date_gmt":"2025-08-31T06:39:35","guid":{"rendered":"https:\/\/gazetaregionalna.com\/?p=140875"},"modified":"2025-08-31T06:39:36","modified_gmt":"2025-08-31T06:39:36","slug":"rakow-ma-juz-terminarz-lk-uefa-pierwsza-kolejka-universitatea-ostatnia-kolejka-to-wylot-na-cypr","status":"publish","type":"post","link":"https:\/\/gazetaregionalna.com\/?p=140875","title":{"rendered":"Rak\u00f3w ma ju\u017c terminarz LK UEFA. Pierwsza kolejka: Universitatea. Ostatnia kolejka to wylot na Cypr"},"content":{"rendered":"\n<p>Pi\u0142karze Rakowa Cz\u0119stochowa poznali terminarz fazy ligowej Ligi Konferencji UEFA. W pierwszej kolejce podejmowa\u0107 b\u0119d\u0105 2 pa\u017adziernika Universitatea Craiova z Rumunii. Faz\u0119 ligow\u0105 zako\u0144cz\u0105 18 grudnia na Cyprze meczem z Omonia Nikozja.<\/p>\n\n\n\n<p>Rak\u00f3w Cz\u0119stochowa w miniony czwartek zako\u0144czy\u0142 eliminacje do fazy ligowej Ligi Konferencji UEFA. Czerwono-niebiescy w eliminacjach ,,odprawili\u201d MSK \u017bylina ze S\u0142owacji, Maccabi Hajfa z Izraela i Ard\u0119 Kyrd\u017cali z Bu\u0142garii. Dzi\u0119ki temu awansowali do fazy ligowej Ligi Konferencji UEFA.<\/p>\n\n\n\n<p>W miniony pi\u0105tek odby\u0142o si\u0119 losowanie. Cz\u0119stochowianie poznali swoich rywali. Bed\u0105 to dwie dru\u017cyny z Czech oraz po jednej z Austrii, Cypru, Rumunii oraz Bo\u015bni i Hercegowiny.<\/p>\n\n\n\n<p>Dzia\u0142acze szybko ustalili mi\u0119dzy sob\u0105 terminarz spotka\u0144. W pierwszej kolejce Rak\u00f3w podejmowa\u0107 b\u0119dzie w Sosnowcu Universitatea Craiova z Rumunii. Nast\u0119pnie rozegra dwa mecze w Czechach z Sigm\u0105 O\u0142omuniec i Spart\u0105 Praga. 4. i 5. kolejk\u0119 z Rapidem Wiede\u0144 i Zrinjski Mostar cz\u0119stochowianie zagraj\u0105 w Sosnowcu. Na koniec fazy ligowej Rak\u00f3w 18 grudnia zagra na Cyprze z Omonia Nikozja.<\/p>\n\n\n\n<p>MR-K, fot: AK<\/p>\n\n\n\n<p>Terminarz fazy ligowej Ligi Konferencji UEFA<\/p>\n\n\n\n<p>1. kolejka: Rak\u00f3w Cz\u0119stochowa &#8211; Universitatea Craiova (2 pa\u017adziernika, 21:00)<\/p>\n\n\n\n<p>2. kolejka: SK Sigma O\u0142omuniec &#8211; Rak\u00f3w Cz\u0119stochowa (23 pa\u017adziernika, 21:00)<\/p>\n\n\n\n<p>3. kolejka: Sparta Praga &#8211; Rak\u00f3w Cz\u0119stochowa (6 listopada, 18:45)<\/p>\n\n\n\n<p>4. kolejka: Rak\u00f3w Cz\u0119stochowa &#8211; SK Rapid (27 listopada, 18:45)<\/p>\n\n\n\n<p>5. kolejka: Rak\u00f3w Cz\u0119stochowa &#8211; H\u0160K Zrinjski Mostar (11 grudnia, 21:00)<\/p>\n\n\n\n<p>6. kolejka: Omonia Nikozja &#8211; Rak\u00f3w Cz\u0119stochowa (18 grudnia, 21:00)<\/p>\n\n\n\n<p>Partnerami relacji sportowych s\u0105:<\/p>\n\n\n\n<p>Kancelarie Adwokackie. Janik &amp; Stolarska<\/p>\n\n\n\n<p>Przychodnie NZOZ \u201eNasze Zdrowie\u201d Jacek \u0141ukasik<\/p>\n\n\n\n<p>DMK Invest materia\u0142y budowlane Konopiska<\/p>\n\n\n\n<p>Orlikowscy. Pokrycia dachowe i rynny<\/p>\n\n\n\n<figure class=\"wp-block-image size-large\"><img decoding=\"async\" width=\"1024\" height=\"536\" data-src=\"https:\/\/gazetaregionalna.com\/wp-content\/uploads\/2025\/08\/Przychodnie-Nasze-Zdrowie-1024x536.jpg\" alt=\"\" class=\"wp-image-140850 lazyload\" data-srcset=\"https:\/\/gazetaregionalna.com\/wp-content\/uploads\/2025\/08\/Przychodnie-Nasze-Zdrowie-1024x536.jpg 1024w, https:\/\/gazetaregionalna.com\/wp-content\/uploads\/2025\/08\/Przychodnie-Nasze-Zdrowie-300x157.jpg 300w, https:\/\/gazetaregionalna.com\/wp-content\/uploads\/2025\/08\/Przychodnie-Nasze-Zdrowie-768x402.jpg 768w, https:\/\/gazetaregionalna.com\/wp-content\/uploads\/2025\/08\/Przychodnie-Nasze-Zdrowie.jpg 1200w\" data-sizes=\"(max-width: 1024px) 100vw, 1024px\" src=\"data:image\/svg+xml;base64,PHN2ZyB3aWR0aD0iMSIgaGVpZ2h0PSIxIiB4bWxucz0iaHR0cDovL3d3dy53My5vcmcvMjAwMC9zdmciPjwvc3ZnPg==\" style=\"--smush-placeholder-width: 1024px; --smush-placeholder-aspect-ratio: 1024\/536;\" \/><\/figure>\n\n\n\n<figure class=\"wp-block-gallery has-nested-images columns-default is-cropped wp-block-gallery-1 is-layout-flex wp-block-gallery-is-layout-flex\">\n<figure class=\"wp-block-image size-large\"><img decoding=\"async\" width=\"1024\" height=\"684\" data-id=\"140847\" data-src=\"https:\/\/gazetaregionalna.com\/wp-content\/uploads\/2025\/08\/Arda-Kyrdali-Rakow-6-1024x684.jpg\" alt=\"\" class=\"wp-image-140847 lazyload\" data-srcset=\"https:\/\/gazetaregionalna.com\/wp-content\/uploads\/2025\/08\/Arda-Kyrdali-Rakow-6-1024x684.jpg 1024w, https:\/\/gazetaregionalna.com\/wp-content\/uploads\/2025\/08\/Arda-Kyrdali-Rakow-6-300x200.jpg 300w, https:\/\/gazetaregionalna.com\/wp-content\/uploads\/2025\/08\/Arda-Kyrdali-Rakow-6-768x513.jpg 768w, https:\/\/gazetaregionalna.com\/wp-content\/uploads\/2025\/08\/Arda-Kyrdali-Rakow-6.jpg 1200w\" data-sizes=\"(max-width: 1024px) 100vw, 1024px\" src=\"data:image\/svg+xml;base64,PHN2ZyB3aWR0aD0iMSIgaGVpZ2h0PSIxIiB4bWxucz0iaHR0cDovL3d3dy53My5vcmcvMjAwMC9zdmciPjwvc3ZnPg==\" style=\"--smush-placeholder-width: 1024px; --smush-placeholder-aspect-ratio: 1024\/684;\" \/><\/figure>\n\n\n\n<figure class=\"wp-block-image size-large\"><img decoding=\"async\" width=\"1024\" height=\"683\" data-id=\"140843\" data-src=\"https:\/\/gazetaregionalna.com\/wp-content\/uploads\/2025\/08\/Arda-Kyrdali-Rakow-2-1024x683.jpg\" alt=\"\" class=\"wp-image-140843 lazyload\" data-srcset=\"https:\/\/gazetaregionalna.com\/wp-content\/uploads\/2025\/08\/Arda-Kyrdali-Rakow-2-1024x683.jpg 1024w, https:\/\/gazetaregionalna.com\/wp-content\/uploads\/2025\/08\/Arda-Kyrdali-Rakow-2-300x200.jpg 300w, https:\/\/gazetaregionalna.com\/wp-content\/uploads\/2025\/08\/Arda-Kyrdali-Rakow-2-768x512.jpg 768w, https:\/\/gazetaregionalna.com\/wp-content\/uploads\/2025\/08\/Arda-Kyrdali-Rakow-2.jpg 1200w\" data-sizes=\"(max-width: 1024px) 100vw, 1024px\" src=\"data:image\/svg+xml;base64,PHN2ZyB3aWR0aD0iMSIgaGVpZ2h0PSIxIiB4bWxucz0iaHR0cDovL3d3dy53My5vcmcvMjAwMC9zdmciPjwvc3ZnPg==\" style=\"--smush-placeholder-width: 1024px; --smush-placeholder-aspect-ratio: 1024\/683;\" \/><\/figure>\n\n\n\n<figure class=\"wp-block-image size-large\"><img decoding=\"async\" width=\"1024\" height=\"686\" data-id=\"140845\" data-src=\"https:\/\/gazetaregionalna.com\/wp-content\/uploads\/2025\/08\/Arda-Kyrdali-Rakow-4-1024x686.jpg\" alt=\"\" class=\"wp-image-140845 lazyload\" data-srcset=\"https:\/\/gazetaregionalna.com\/wp-content\/uploads\/2025\/08\/Arda-Kyrdali-Rakow-4-1024x686.jpg 1024w, https:\/\/gazetaregionalna.com\/wp-content\/uploads\/2025\/08\/Arda-Kyrdali-Rakow-4-300x201.jpg 300w, https:\/\/gazetaregionalna.com\/wp-content\/uploads\/2025\/08\/Arda-Kyrdali-Rakow-4-768x515.jpg 768w, https:\/\/gazetaregionalna.com\/wp-content\/uploads\/2025\/08\/Arda-Kyrdali-Rakow-4.jpg 1200w\" data-sizes=\"(max-width: 1024px) 100vw, 1024px\" src=\"data:image\/svg+xml;base64,PHN2ZyB3aWR0aD0iMSIgaGVpZ2h0PSIxIiB4bWxucz0iaHR0cDovL3d3dy53My5vcmcvMjAwMC9zdmciPjwvc3ZnPg==\" style=\"--smush-placeholder-width: 1024px; --smush-placeholder-aspect-ratio: 1024\/686;\" \/><\/figure>\n<\/figure>\n\n\n\n<figure class=\"wp-block-image size-large\"><img decoding=\"async\" width=\"1024\" height=\"536\" data-src=\"https:\/\/gazetaregionalna.com\/wp-content\/uploads\/2025\/08\/Janik-S-biale-1024x536.png\" alt=\"\" class=\"wp-image-140250 lazyload\" data-srcset=\"https:\/\/gazetaregionalna.com\/wp-content\/uploads\/2025\/08\/Janik-S-biale-1024x536.png 1024w, https:\/\/gazetaregionalna.com\/wp-content\/uploads\/2025\/08\/Janik-S-biale-300x157.png 300w, https:\/\/gazetaregionalna.com\/wp-content\/uploads\/2025\/08\/Janik-S-biale-768x402.png 768w, https:\/\/gazetaregionalna.com\/wp-content\/uploads\/2025\/08\/Janik-S-biale.png 1200w\" data-sizes=\"(max-width: 1024px) 100vw, 1024px\" src=\"data:image\/svg+xml;base64,PHN2ZyB3aWR0aD0iMSIgaGVpZ2h0PSIxIiB4bWxucz0iaHR0cDovL3d3dy53My5vcmcvMjAwMC9zdmciPjwvc3ZnPg==\" style=\"--smush-placeholder-width: 1024px; --smush-placeholder-aspect-ratio: 1024\/536;\" \/><\/figure>\n\n\n\n<figure class=\"wp-block-gallery has-nested-images columns-default is-cropped wp-block-gallery-2 is-layout-flex wp-block-gallery-is-layout-flex\">\n<figure class=\"wp-block-image size-large\"><img decoding=\"async\" width=\"1024\" height=\"680\" data-id=\"139878\" data-src=\"https:\/\/gazetaregionalna.com\/wp-content\/uploads\/2025\/08\/Rakow-MAccabi-2-1024x680.jpg\" alt=\"\" class=\"wp-image-139878 lazyload\" data-srcset=\"https:\/\/gazetaregionalna.com\/wp-content\/uploads\/2025\/08\/Rakow-MAccabi-2-1024x680.jpg 1024w, https:\/\/gazetaregionalna.com\/wp-content\/uploads\/2025\/08\/Rakow-MAccabi-2-300x199.jpg 300w, https:\/\/gazetaregionalna.com\/wp-content\/uploads\/2025\/08\/Rakow-MAccabi-2-768x510.jpg 768w, https:\/\/gazetaregionalna.com\/wp-content\/uploads\/2025\/08\/Rakow-MAccabi-2.jpg 1200w\" data-sizes=\"(max-width: 1024px) 100vw, 1024px\" src=\"data:image\/svg+xml;base64,PHN2ZyB3aWR0aD0iMSIgaGVpZ2h0PSIxIiB4bWxucz0iaHR0cDovL3d3dy53My5vcmcvMjAwMC9zdmciPjwvc3ZnPg==\" style=\"--smush-placeholder-width: 1024px; --smush-placeholder-aspect-ratio: 1024\/680;\" \/><\/figure>\n\n\n\n<figure class=\"wp-block-image size-large\"><img decoding=\"async\" width=\"1024\" height=\"677\" data-id=\"139879\" data-src=\"https:\/\/gazetaregionalna.com\/wp-content\/uploads\/2025\/08\/Rakow-MAccabi-3-1024x677.jpg\" alt=\"\" class=\"wp-image-139879 lazyload\" data-srcset=\"https:\/\/gazetaregionalna.com\/wp-content\/uploads\/2025\/08\/Rakow-MAccabi-3-1024x677.jpg 1024w, https:\/\/gazetaregionalna.com\/wp-content\/uploads\/2025\/08\/Rakow-MAccabi-3-300x198.jpg 300w, https:\/\/gazetaregionalna.com\/wp-content\/uploads\/2025\/08\/Rakow-MAccabi-3-768x508.jpg 768w, https:\/\/gazetaregionalna.com\/wp-content\/uploads\/2025\/08\/Rakow-MAccabi-3.jpg 1200w\" data-sizes=\"(max-width: 1024px) 100vw, 1024px\" src=\"data:image\/svg+xml;base64,PHN2ZyB3aWR0aD0iMSIgaGVpZ2h0PSIxIiB4bWxucz0iaHR0cDovL3d3dy53My5vcmcvMjAwMC9zdmciPjwvc3ZnPg==\" style=\"--smush-placeholder-width: 1024px; --smush-placeholder-aspect-ratio: 1024\/677;\" \/><\/figure>\n\n\n\n<figure class=\"wp-block-image size-large\"><img decoding=\"async\" width=\"1024\" height=\"683\" data-id=\"140134\" data-src=\"https:\/\/gazetaregionalna.com\/wp-content\/uploads\/2025\/08\/Maccabi-Rakow-1-1024x683.jpg\" alt=\"\" class=\"wp-image-140134 lazyload\" data-srcset=\"https:\/\/gazetaregionalna.com\/wp-content\/uploads\/2025\/08\/Maccabi-Rakow-1-1024x683.jpg 1024w, https:\/\/gazetaregionalna.com\/wp-content\/uploads\/2025\/08\/Maccabi-Rakow-1-300x200.jpg 300w, https:\/\/gazetaregionalna.com\/wp-content\/uploads\/2025\/08\/Maccabi-Rakow-1-768x512.jpg 768w, https:\/\/gazetaregionalna.com\/wp-content\/uploads\/2025\/08\/Maccabi-Rakow-1.jpg 1200w\" data-sizes=\"(max-width: 1024px) 100vw, 1024px\" src=\"data:image\/svg+xml;base64,PHN2ZyB3aWR0aD0iMSIgaGVpZ2h0PSIxIiB4bWxucz0iaHR0cDovL3d3dy53My5vcmcvMjAwMC9zdmciPjwvc3ZnPg==\" style=\"--smush-placeholder-width: 1024px; --smush-placeholder-aspect-ratio: 1024\/683;\" \/><\/figure>\n<\/figure>\n\n\n\n<figure class=\"wp-block-image size-large\"><img decoding=\"async\" width=\"1024\" height=\"1024\" data-src=\"https:\/\/gazetaregionalna.com\/wp-content\/uploads\/2025\/08\/Orlikowscy-1-1024x1024.jpg\" alt=\"\" class=\"wp-image-140849 lazyload\" data-srcset=\"https:\/\/gazetaregionalna.com\/wp-content\/uploads\/2025\/08\/Orlikowscy-1-1024x1024.jpg 1024w, https:\/\/gazetaregionalna.com\/wp-content\/uploads\/2025\/08\/Orlikowscy-1-300x300.jpg 300w, https:\/\/gazetaregionalna.com\/wp-content\/uploads\/2025\/08\/Orlikowscy-1-150x150.jpg 150w, https:\/\/gazetaregionalna.com\/wp-content\/uploads\/2025\/08\/Orlikowscy-1-768x768.jpg 768w, https:\/\/gazetaregionalna.com\/wp-content\/uploads\/2025\/08\/Orlikowscy-1-215x215.jpg 215w, https:\/\/gazetaregionalna.com\/wp-content\/uploads\/2025\/08\/Orlikowscy-1.jpg 1080w\" data-sizes=\"(max-width: 1024px) 100vw, 1024px\" src=\"data:image\/svg+xml;base64,PHN2ZyB3aWR0aD0iMSIgaGVpZ2h0PSIxIiB4bWxucz0iaHR0cDovL3d3dy53My5vcmcvMjAwMC9zdmciPjwvc3ZnPg==\" style=\"--smush-placeholder-width: 1024px; --smush-placeholder-aspect-ratio: 1024\/1024;\" \/><\/figure>\n\n\n\n<figure class=\"wp-block-gallery has-nested-images columns-default is-cropped wp-block-gallery-3 is-layout-flex wp-block-gallery-is-layout-flex\">\n<figure class=\"wp-block-image size-large\"><img decoding=\"async\" width=\"1024\" height=\"667\" data-id=\"139739\" data-src=\"https:\/\/gazetaregionalna.com\/wp-content\/uploads\/2025\/08\/Zilina-RAkow-44-1024x667.jpg\" alt=\"\" class=\"wp-image-139739 lazyload\" data-srcset=\"https:\/\/gazetaregionalna.com\/wp-content\/uploads\/2025\/08\/Zilina-RAkow-44-1024x667.jpg 1024w, https:\/\/gazetaregionalna.com\/wp-content\/uploads\/2025\/08\/Zilina-RAkow-44-300x196.jpg 300w, https:\/\/gazetaregionalna.com\/wp-content\/uploads\/2025\/08\/Zilina-RAkow-44-768x500.jpg 768w, https:\/\/gazetaregionalna.com\/wp-content\/uploads\/2025\/08\/Zilina-RAkow-44.jpg 1200w\" data-sizes=\"(max-width: 1024px) 100vw, 1024px\" src=\"data:image\/svg+xml;base64,PHN2ZyB3aWR0aD0iMSIgaGVpZ2h0PSIxIiB4bWxucz0iaHR0cDovL3d3dy53My5vcmcvMjAwMC9zdmciPjwvc3ZnPg==\" style=\"--smush-placeholder-width: 1024px; --smush-placeholder-aspect-ratio: 1024\/667;\" \/><\/figure>\n\n\n\n<figure class=\"wp-block-image size-large\"><img decoding=\"async\" width=\"1024\" height=\"664\" data-id=\"139740\" data-src=\"https:\/\/gazetaregionalna.com\/wp-content\/uploads\/2025\/08\/Zilina-RAkow-45-1024x664.jpg\" alt=\"\" class=\"wp-image-139740 lazyload\" data-srcset=\"https:\/\/gazetaregionalna.com\/wp-content\/uploads\/2025\/08\/Zilina-RAkow-45-1024x664.jpg 1024w, https:\/\/gazetaregionalna.com\/wp-content\/uploads\/2025\/08\/Zilina-RAkow-45-300x195.jpg 300w, https:\/\/gazetaregionalna.com\/wp-content\/uploads\/2025\/08\/Zilina-RAkow-45-768x498.jpg 768w, https:\/\/gazetaregionalna.com\/wp-content\/uploads\/2025\/08\/Zilina-RAkow-45.jpg 1200w\" data-sizes=\"(max-width: 1024px) 100vw, 1024px\" src=\"data:image\/svg+xml;base64,PHN2ZyB3aWR0aD0iMSIgaGVpZ2h0PSIxIiB4bWxucz0iaHR0cDovL3d3dy53My5vcmcvMjAwMC9zdmciPjwvc3ZnPg==\" style=\"--smush-placeholder-width: 1024px; --smush-placeholder-aspect-ratio: 1024\/664;\" \/><\/figure>\n\n\n\n<figure class=\"wp-block-image size-large\"><img decoding=\"async\" width=\"1024\" height=\"683\" data-id=\"139741\" data-src=\"https:\/\/gazetaregionalna.com\/wp-content\/uploads\/2025\/08\/Zilina-RAkow-66-1024x683.jpg\" alt=\"\" class=\"wp-image-139741 lazyload\" data-srcset=\"https:\/\/gazetaregionalna.com\/wp-content\/uploads\/2025\/08\/Zilina-RAkow-66-1024x683.jpg 1024w, https:\/\/gazetaregionalna.com\/wp-content\/uploads\/2025\/08\/Zilina-RAkow-66-300x200.jpg 300w, https:\/\/gazetaregionalna.com\/wp-content\/uploads\/2025\/08\/Zilina-RAkow-66-768x512.jpg 768w, https:\/\/gazetaregionalna.com\/wp-content\/uploads\/2025\/08\/Zilina-RAkow-66.jpg 1200w\" data-sizes=\"(max-width: 1024px) 100vw, 1024px\" src=\"data:image\/svg+xml;base64,PHN2ZyB3aWR0aD0iMSIgaGVpZ2h0PSIxIiB4bWxucz0iaHR0cDovL3d3dy53My5vcmcvMjAwMC9zdmciPjwvc3ZnPg==\" style=\"--smush-placeholder-width: 1024px; --smush-placeholder-aspect-ratio: 1024\/683;\" \/><\/figure>\n<\/figure>\n\n\n\n<figure class=\"wp-block-image size-large\"><img decoding=\"async\" width=\"1024\" height=\"1024\" data-src=\"https:\/\/gazetaregionalna.com\/wp-content\/uploads\/2025\/06\/dmk_28_06-1024x1024.jpg\" alt=\"\" class=\"wp-image-138817 lazyload\" data-srcset=\"https:\/\/gazetaregionalna.com\/wp-content\/uploads\/2025\/06\/dmk_28_06-1024x1024.jpg 1024w, https:\/\/gazetaregionalna.com\/wp-content\/uploads\/2025\/06\/dmk_28_06-300x300.jpg 300w, https:\/\/gazetaregionalna.com\/wp-content\/uploads\/2025\/06\/dmk_28_06-150x150.jpg 150w, https:\/\/gazetaregionalna.com\/wp-content\/uploads\/2025\/06\/dmk_28_06-768x768.jpg 768w, https:\/\/gazetaregionalna.com\/wp-content\/uploads\/2025\/06\/dmk_28_06-215x215.jpg 215w, https:\/\/gazetaregionalna.com\/wp-content\/uploads\/2025\/06\/dmk_28_06.jpg 1080w\" data-sizes=\"(max-width: 1024px) 100vw, 1024px\" src=\"data:image\/svg+xml;base64,PHN2ZyB3aWR0aD0iMSIgaGVpZ2h0PSIxIiB4bWxucz0iaHR0cDovL3d3dy53My5vcmcvMjAwMC9zdmciPjwvc3ZnPg==\" style=\"--smush-placeholder-width: 1024px; --smush-placeholder-aspect-ratio: 1024\/1024;\" \/><\/figure>\n\n\n\n<figure class=\"wp-block-image size-large\"><img decoding=\"async\" width=\"1024\" height=\"683\" data-src=\"https:\/\/gazetaregionalna.com\/wp-content\/uploads\/2025\/08\/Arda-Kyrdali-Rakow-32-1024x683.jpg\" alt=\"\" class=\"wp-image-140876 lazyload\" data-srcset=\"https:\/\/gazetaregionalna.com\/wp-content\/uploads\/2025\/08\/Arda-Kyrdali-Rakow-32-1024x683.jpg 1024w, https:\/\/gazetaregionalna.com\/wp-content\/uploads\/2025\/08\/Arda-Kyrdali-Rakow-32-300x200.jpg 300w, https:\/\/gazetaregionalna.com\/wp-content\/uploads\/2025\/08\/Arda-Kyrdali-Rakow-32-768x512.jpg 768w, https:\/\/gazetaregionalna.com\/wp-content\/uploads\/2025\/08\/Arda-Kyrdali-Rakow-32.jpg 1200w\" data-sizes=\"(max-width: 1024px) 100vw, 1024px\" src=\"data:image\/svg+xml;base64,PHN2ZyB3aWR0aD0iMSIgaGVpZ2h0PSIxIiB4bWxucz0iaHR0cDovL3d3dy53My5vcmcvMjAwMC9zdmciPjwvc3ZnPg==\" style=\"--smush-placeholder-width: 1024px; --smush-placeholder-aspect-ratio: 1024\/683;\" \/><\/figure>\n","protected":false},"excerpt":{"rendered":"<p>Pi\u0142karze Rakowa Cz\u0119stochowa poznali terminarz fazy ligowej Ligi Konferencji UEFA. W pierwszej kolejce podejmowa\u0107 b\u0119d\u0105 2 pa\u017adziernika Universitatea Craiova z Rumunii. Faz\u0119 ligow\u0105 zako\u0144cz\u0105<\/p>\n","protected":false},"author":15,"featured_media":140846,"comment_status":"closed","ping_status":"open","sticky":false,"template":"","format":"standard","meta":{"_monsterinsights_skip_tracking":false,"_monsterinsights_sitenote_active":false,"_monsterinsights_sitenote_note":"","_monsterinsights_sitenote_category":0,"_uf_show_specific_survey":0,"_uf_disable_surveys":false,"footnotes":""},"categories":[94,6,5],"tags":[],"class_list":["post-140875","post","type-post","status-publish","format-standard","has-post-thumbnail","hentry","category-polecane","category-pilka-nozna","category-sport"],"_links":{"self":[{"href":"https:\/\/gazetaregionalna.com\/index.php?rest_route=\/wp\/v2\/posts\/140875","targetHints":{"allow":["GET"]}}],"collection":[{"href":"https:\/\/gazetaregionalna.com\/index.php?rest_route=\/wp\/v2\/posts"}],"about":[{"href":"https:\/\/gazetaregionalna.com\/index.php?rest_route=\/wp\/v2\/types\/post"}],"author":[{"embeddable":true,"href":"https:\/\/gazetaregionalna.com\/index.php?rest_route=\/wp\/v2\/users\/15"}],"replies":[{"embeddable":true,"href":"https:\/\/gazetaregionalna.com\/index.php?rest_route=%2Fwp%2Fv2%2Fcomments&post=140875"}],"version-history":[{"count":1,"href":"https:\/\/gazetaregionalna.com\/index.php?rest_route=\/wp\/v2\/posts\/140875\/revisions"}],"predecessor-version":[{"id":140877,"href":"https:\/\/gazetaregionalna.com\/index.php?rest_route=\/wp\/v2\/posts\/140875\/revisions\/140877"}],"wp:featuredmedia":[{"embeddable":true,"href":"https:\/\/gazetaregionalna.com\/index.php?rest_route=\/wp\/v2\/media\/140846"}],"wp:attachment":[{"href":"https:\/\/gazetaregionalna.com\/index.php?rest_route=%2Fwp%2Fv2%2Fmedia&parent=140875"}],"wp:term":[{"taxonomy":"category","embeddable":true,"href":"https:\/\/gazetaregionalna.com\/index.php?rest_route=%2Fwp%2Fv2%2Fcategories&post=140875"},{"taxonomy":"post_tag","embeddable":true,"href":"https:\/\/gazetaregionalna.com\/index.php?rest_route=%2Fwp%2Fv2%2Ftags&post=140875"}],"curies":[{"name":"wp","href":"https:\/\/api.w.org\/{rel}","templated":true}]}}