{"id":140869,"date":"2025-08-30T11:24:32","date_gmt":"2025-08-30T11:24:32","guid":{"rendered":"https:\/\/gazetaregionalna.com\/?p=140869"},"modified":"2025-08-30T11:24:33","modified_gmt":"2025-08-30T11:24:33","slug":"wreczyca-wielka-2","status":"publish","type":"post","link":"https:\/\/gazetaregionalna.com\/?p=140869","title":{"rendered":"Ekologiczne ABC. Trwa termomodernizacja Szko\u0142y Podstawowej w gminie Wr\u0119czyca Wielka [wideo]"},"content":{"rendered":"\n<h4 class=\"wp-block-heading has-text-color has-link-color wp-elements-03f9c00fb91527e7fe4123f152f86fe6\" style=\"color:#004313\"><strong>Szko\u0142a Podstawowa im. Adama Mickiewicza we Wr\u0119czycy Wielkiej przechodzi gruntown\u0105 termomodernizacj\u0119. Ca\u0142kowity koszt inwestycji to 4 mln 245 tys. z\u0142. Na realizacj\u0119 tego projektu gmina pozyska\u0142a z Urz\u0119du Marsza\u0142kowskiego Wojew\u00f3dztwa \u015al\u0105skiego dofinansowanie w kwocie 3 mln 600 tys. z\u0142. To niejedyne proekologiczne dzia\u0142ania na terenie gminy Wr\u0119czyca Wielka.<\/strong><\/h4>\n\n\n\n<p class=\"has-text-color has-link-color wp-elements-dea0a92e833489fc2421fc6d1f6735af\" style=\"color:#004313\">Wr\u0119czycka plac\u00f3wka o\u015bwiatowa przechodzi gruntown\u0105 termomodernizacj\u0119. Dzi\u0119ki tym dzia\u0142aniom szko\u0142a zyska nie tylko nowy wygl\u0105d, b\u0119dzie tak\u017ce ta\u0144sza w utrzymaniu i bardziej przyjazna dla uczni\u00f3w, nauczycieli oraz \u015brodowiska. O proekologicznych dzia\u0142aniach na terenie gminy opowiada Anna Syguda w\u00f3jt gminy Wr\u0119czyca Wielka.<\/p>\n\n\n\n<figure class=\"wp-block-video\"><video height=\"2160\" style=\"aspect-ratio: 3840 \/ 2160;\" width=\"3840\" autoplay controls loop src=\"https:\/\/gazetaregionalna.com\/wp-content\/uploads\/2025\/08\/Ekologiczne-inwestycje-gmina-Wreczyca-Wielka.mp4\"><\/video><\/figure>\n\n\n\n<p class=\"has-text-color has-link-color wp-elements-47c2dee0f1db14ed31a64003c4737a9f\" style=\"color:#004313\">Projekt termomodernizacji szko\u0142y obejmuje szeroki zakres prac \u2013 wymian\u0119 instalacji grzewczych na niskoemisyjne \u017ar\u00f3d\u0142o ciep\u0142a, instalacj\u0119 fotowoltaiki, ocieplenie budynku oraz wymian\u0119 okien i drzwi. \u0141\u0105czny koszt inwestycji wyniesie 4 mln 245 tys. z\u0142. W\u0142adze gminy Wr\u0119czyca Wielka pozyska\u0142y na realizacj\u0119 tego przedsi\u0119wzi\u0119cia dofinansowanie z Urz\u0119du Marsza\u0142kowskiego Wojew\u00f3dztwa \u015al\u0105skiego w kwocie 3 mln 600 tys. z\u0142.<\/p>\n\n\n\n<p class=\"has-text-color has-link-color wp-elements-bd7403fd80e5ff0772655107329cdb0c\" style=\"color:#004313\">Kolejny proekologiczny projekt to \u201eEkopracownia pod chmurk\u0105\u201d w miejscowo\u015bci W\u0119glowice. Dzi\u0119ki dotacji w wysoko\u015bci 70 tys. z\u0142 pozyskanej z WFO\u015aiGW w Katowicach na terenie plac\u00f3wki o\u015bwiatowej zostanie utworzona pracownia na \u015bwie\u017cym powietrzu, dedykowana prowadzeniu zaj\u0119\u0107 dydaktycznych z zakresu przyrody, biologii, ekologii, geografii. To ju\u017c druga ekopracownia pod chmurk\u0105, pierwsza funkcjonuje na terenie szko\u0142y we Wr\u0119czycy Wielkiej. Warto doda\u0107, \u017ce we wszystkich plac\u00f3wkach o\u015bwiatowych na terenie gminy utworzono ekopracownie z nowoczesn\u0105 przestrzeni\u0105 do przeprowadzania praktycznych bada\u0144, do\u015bwiadcze\u0144 i obserwacji. To efekt uczestnictwa w programie \u201eEkopracownia\u201d realizowanym przez Wojew\u00f3dzki Fundusz Ochrony \u015arodowiska i Gospodarki Wodnej w Katowicach.<\/p>\n\n\n\n<p class=\"has-text-color has-link-color wp-elements-88761a48a93f4930e48dcd10df2939b7\" style=\"color:#004313\">Ponadto gmina Wr\u0119czyca Wielka znalaz\u0142a si\u0119 w\u015br\u00f3d laureat\u00f3w II edycji konkursu \u201eZielona Przestrze\u0144\u201d. Na zadanie pn. \u201eZielony Zak\u0105tek Gminy Wr\u0119czyca Wielka\u201d pozyskano dofinansowanie z WFO\u015aiGW w Katowicach w wysoko\u015bci 80% koszt\u00f3w kwalifikowalnych, za\u015b koszt projektu wyniesie 318 tys. z\u0142. Projekt zak\u0142ada stworzenie nowoczesnej, ekologicznej i funkcjonalnej przestrzeni zielonej, kt\u00f3ra b\u0119dzie s\u0142u\u017cy\u0107 jako miejsce spotka\u0144 oraz integracji spo\u0142eczno\u015bci lokalnej.<\/p>\n\n\n\n<p class=\"has-text-color has-link-color wp-elements-4a1e328b96766afbd2fde9202c13f696\" style=\"color:#004313\">To nie koniec ekologicznych przedsi\u0119wzi\u0119\u0107 w gminie Wr\u0119czyca Wielka. Wkr\u00f3tce rusza realizacja III etapu inwestycji \u2013 \u201eBudowa kanalizacji sanitarnej w miejscowo\u015bci Hutka\u201d. Na ten cel pozyskano dofinansowanie z Krajowego Planu Odbudowy i Zwi\u0119kszania Odporno\u015bci (KPO) w wysoko\u015bci 5 mln z\u0142, za\u015b warto\u015b\u0107 zadania wyniesie ponad 6 mln 767 tys. z\u0142.<\/p>\n\n\n\n<p>red.<\/p>\n\n\n\n<figure class=\"wp-block-image size-full\"><img decoding=\"async\" width=\"767\" height=\"99\" data-src=\"https:\/\/gazetaregionalna.com\/wp-content\/uploads\/2025\/07\/WFOSiGW-Material.png\" alt=\"\" class=\"wp-image-139648 lazyload\" data-srcset=\"https:\/\/gazetaregionalna.com\/wp-content\/uploads\/2025\/07\/WFOSiGW-Material.png 767w, https:\/\/gazetaregionalna.com\/wp-content\/uploads\/2025\/07\/WFOSiGW-Material-300x39.png 300w\" data-sizes=\"(max-width: 767px) 100vw, 767px\" src=\"data:image\/svg+xml;base64,PHN2ZyB3aWR0aD0iMSIgaGVpZ2h0PSIxIiB4bWxucz0iaHR0cDovL3d3dy53My5vcmcvMjAwMC9zdmciPjwvc3ZnPg==\" style=\"--smush-placeholder-width: 767px; --smush-placeholder-aspect-ratio: 767\/99;\" \/><\/figure>\n\n\n\n<p>Za tre\u015bci zawarte w materiale dofinansowanym ze \u015brodk\u00f3w <a href=\"https:\/\/wfosigw.katowice.pl\/\" target=\"_blank\" rel=\"noreferrer noopener\">WFO\u015aiGW<\/a> w Katowicach odpowiedzialno\u015b\u0107 ponosi redakcja.<\/p>\n\n\n\n<p>Czytaj tak\u017ce: <a href=\"https:\/\/gazetaregionalna.com\/straz\/\">Efekty programu \u201eBezpieczny stra\u017cak\u201d wida\u0107 tak\u017ce w OSP Mst\u00f3w<\/a><\/p>\n","protected":false},"excerpt":{"rendered":"<p>Szko\u0142a Podstawowa im. Adama Mickiewicza we Wr\u0119czycy Wielkiej przechodzi gruntown\u0105 termomodernizacj\u0119. Ca\u0142kowity koszt inwestycji to 4 mln 245 tys. z\u0142. Na realizacj\u0119 tego projektu<\/p>\n","protected":false},"author":5,"featured_media":140873,"comment_status":"closed","ping_status":"open","sticky":false,"template":"","format":"standard","meta":{"_monsterinsights_skip_tracking":false,"_monsterinsights_sitenote_active":false,"_monsterinsights_sitenote_note":"","_monsterinsights_sitenote_category":0,"_uf_show_specific_survey":0,"_uf_disable_surveys":false,"footnotes":""},"categories":[29],"tags":[10032,10044,3020,1578,9499,9829],"class_list":["post-140869","post","type-post","status-publish","format-standard","has-post-thumbnail","hentry","category-ekologia","tag-ekopracownia","tag-ekopracownia-pod-chmurka","tag-gmina-wreczyca-wielka","tag-termomodernizacja","tag-wfosigw-w-katowicach","tag-zielona-przestrzen"],"_links":{"self":[{"href":"https:\/\/gazetaregionalna.com\/index.php?rest_route=\/wp\/v2\/posts\/140869","targetHints":{"allow":["GET"]}}],"collection":[{"href":"https:\/\/gazetaregionalna.com\/index.php?rest_route=\/wp\/v2\/posts"}],"about":[{"href":"https:\/\/gazetaregionalna.com\/index.php?rest_route=\/wp\/v2\/types\/post"}],"author":[{"embeddable":true,"href":"https:\/\/gazetaregionalna.com\/index.php?rest_route=\/wp\/v2\/users\/5"}],"replies":[{"embeddable":true,"href":"https:\/\/gazetaregionalna.com\/index.php?rest_route=%2Fwp%2Fv2%2Fcomments&post=140869"}],"version-history":[{"count":3,"href":"https:\/\/gazetaregionalna.com\/index.php?rest_route=\/wp\/v2\/posts\/140869\/revisions"}],"predecessor-version":[{"id":140874,"href":"https:\/\/gazetaregionalna.com\/index.php?rest_route=\/wp\/v2\/posts\/140869\/revisions\/140874"}],"wp:featuredmedia":[{"embeddable":true,"href":"https:\/\/gazetaregionalna.com\/index.php?rest_route=\/wp\/v2\/media\/140873"}],"wp:attachment":[{"href":"https:\/\/gazetaregionalna.com\/index.php?rest_route=%2Fwp%2Fv2%2Fmedia&parent=140869"}],"wp:term":[{"taxonomy":"category","embeddable":true,"href":"https:\/\/gazetaregionalna.com\/index.php?rest_route=%2Fwp%2Fv2%2Fcategories&post=140869"},{"taxonomy":"post_tag","embeddable":true,"href":"https:\/\/gazetaregionalna.com\/index.php?rest_route=%2Fwp%2Fv2%2Ftags&post=140869"}],"curies":[{"name":"wp","href":"https:\/\/api.w.org\/{rel}","templated":true}]}}