{"id":140863,"date":"2025-08-30T10:18:59","date_gmt":"2025-08-30T10:18:59","guid":{"rendered":"https:\/\/gazetaregionalna.com\/?p=140863"},"modified":"2025-08-30T10:19:59","modified_gmt":"2025-08-30T10:19:59","slug":"do-szczecina-po-wygrana-z-pogonia","status":"publish","type":"post","link":"https:\/\/gazetaregionalna.com\/?p=140863","title":{"rendered":"Rak\u00f3w polecia\u0142 z Bu\u0142garii do Szczecina po wygran\u0105 z Pogoni\u0105&#8230;"},"content":{"rendered":"\n<p>Po emocjach z europejskimi pucharami pi\u0142karze i kibice Rak\u00f3w Cz\u0119stochowa wracaj\u0105 do rozgrywek w PKO BP Ekstraklasie. W niedziel\u0119 czerwono-niebiescy zagraj\u0105 w Szczecinie z Pogoni\u0105 o 3 ligowe zwyci\u0119stwo&#8230;<\/p>\n\n\n\n<p>Pi\u0142karze Rakowa w czwartek wygrali w bu\u0142garskiej Kyrd\u017cali z Ard\u0105 2:1 i zapewnili sobie awans do fazy ligowej Ligi Konferencji UEFA. W pi\u0105tek cz\u0119stochowski klub pozna\u0142 6 rywali, z kt\u00f3rymi zagra w fazie ligowej. S\u0105 to: W Sosnowcu zagra z Rapid Wiede\u0144 (Austria), \u017brinjski Mostar (Bo\u015bnia i Hercegowina) i z Universitatea Craiova (Rumunia).<\/p>\n\n\n\n<p>Na wyje\u017adzie za\u015b rozegramy dwa spotkania w Czechach (Sparta Praga i Sigma O\u0142omuniec) oraz na Cyprze z Omonia Nikozja.<\/p>\n\n\n\n<p>Pi\u0142karze Rakowa prosto z Bu\u0142garii polecieli do Szczecina, gdzie w niedziel\u0119 wieczorem rozegraj\u0105 mecz 7. kolejki PKO BP Ekstraklasy z Pogoni\u0105 Szczecin.<\/p>\n\n\n\n<p>Rak\u00f3w jak na razie rozegra\u0142 4 mecze i ma 2 zaleg\u0142e. Czerwono-niebiescy maj\u0105 na koncie 2 zwyci\u0119stwa i 2 pora\u017cki. Z 6 punktami zajmuj\u0105 odleg\u0142e 14. miejsce i teraz musz\u0105 odrabia\u0107 straty do czo\u0142\u00f3wki i pi\u0105\u0107 si\u0119 w tabeli. Do lidera Wis\u0142y P\u0142ock, kt\u00f3ra w pi\u0105tek przegra\u0142a pierwszy mecz w lidze Rak\u00f3w traci 10 punkt\u00f3w.<\/p>\n\n\n\n<p>Pogo\u0144 Szczecin w obecnym sezonie te\u017c ma swoje problemy. W 6 meczach zdoby\u0142a tylko 7 punkt\u00f3w z czego w Szczecinie s\u0105 wszyscy niezadowoleni&#8230; Bilans Pogoni to 2 wygrane, 1 remis i 3 pora\u017cki.<\/p>\n\n\n\n<p>W niedziel\u0119 obydwie dru\u017cyny b\u0119d\u0105 chcia\u0142y wygra\u0107, bo przed dru\u017cynami teraz 2-tygodniowa przerwa na gr\u0119 w reprezentacji Polski. Rak\u00f3w kolejny mecz rozegra dopiero 15 wrze\u015bnia, gdzie podejmowa\u0107 b\u0119dzie w Cz\u0119stochowie G\u00f3rnika Zabrze. Dlatego w niedziel\u0119 trzeba zrobi\u0107 wszystko by wygra\u0107 i w dobrych nastrojach sp\u0119dzi\u0107 2-tygodniow\u0105 przerw\u0119.<\/p>\n\n\n\n<p>W ostatnich dniach ze sk\u0142adu wypad\u0142 Eric Otieno, kt\u00f3ry ma zerwane \u015bci\u0119gna Achillesa. Do Puszczy Niepo\u0142omice zosta\u0142 wypo\u017cyczony Adam Basse. Kadra Rakowa jest jednak szeroka i trzeba sobie radzi\u0107 bez tych zawodnik\u00f3w.<\/p>\n\n\n\n<p>Kibice Rakowa licz\u0105 na 3 punkty i 3 wygran\u0105 w sezonie w PKO BP Ekstraklasie.<\/p>\n\n\n\n<p>MR-K, fot: AK<\/p>\n\n\n\n<p>Partnerami relacji sportowych s\u0105:<\/p>\n\n\n\n<p>Przychodni NZOZ \u201eNasze Zdrowie\u201d Jacek \u0141ukasik<\/p>\n\n\n\n<p>DMK Invest materia\u0142y budowlane Konopiska<\/p>\n\n\n\n<p>Orlikowscy. Pokrycia dachowe i rynny<\/p>\n\n\n\n<figure class=\"wp-block-image size-large\"><img decoding=\"async\" width=\"1024\" height=\"536\" data-src=\"https:\/\/gazetaregionalna.com\/wp-content\/uploads\/2025\/08\/Przychodnie-Nasze-Zdrowie-1024x536.jpg\" alt=\"\" class=\"wp-image-140850 lazyload\" data-srcset=\"https:\/\/gazetaregionalna.com\/wp-content\/uploads\/2025\/08\/Przychodnie-Nasze-Zdrowie-1024x536.jpg 1024w, https:\/\/gazetaregionalna.com\/wp-content\/uploads\/2025\/08\/Przychodnie-Nasze-Zdrowie-300x157.jpg 300w, https:\/\/gazetaregionalna.com\/wp-content\/uploads\/2025\/08\/Przychodnie-Nasze-Zdrowie-768x402.jpg 768w, https:\/\/gazetaregionalna.com\/wp-content\/uploads\/2025\/08\/Przychodnie-Nasze-Zdrowie.jpg 1200w\" data-sizes=\"(max-width: 1024px) 100vw, 1024px\" src=\"data:image\/svg+xml;base64,PHN2ZyB3aWR0aD0iMSIgaGVpZ2h0PSIxIiB4bWxucz0iaHR0cDovL3d3dy53My5vcmcvMjAwMC9zdmciPjwvc3ZnPg==\" style=\"--smush-placeholder-width: 1024px; --smush-placeholder-aspect-ratio: 1024\/536;\" \/><\/figure>\n\n\n\n<figure class=\"wp-block-gallery has-nested-images columns-default is-cropped wp-block-gallery-1 is-layout-flex wp-block-gallery-is-layout-flex\">\n<figure class=\"wp-block-image size-large\"><img decoding=\"async\" width=\"1024\" height=\"683\" data-id=\"140843\" data-src=\"https:\/\/gazetaregionalna.com\/wp-content\/uploads\/2025\/08\/Arda-Kyrdali-Rakow-2-1024x683.jpg\" alt=\"\" class=\"wp-image-140843 lazyload\" data-srcset=\"https:\/\/gazetaregionalna.com\/wp-content\/uploads\/2025\/08\/Arda-Kyrdali-Rakow-2-1024x683.jpg 1024w, https:\/\/gazetaregionalna.com\/wp-content\/uploads\/2025\/08\/Arda-Kyrdali-Rakow-2-300x200.jpg 300w, https:\/\/gazetaregionalna.com\/wp-content\/uploads\/2025\/08\/Arda-Kyrdali-Rakow-2-768x512.jpg 768w, https:\/\/gazetaregionalna.com\/wp-content\/uploads\/2025\/08\/Arda-Kyrdali-Rakow-2.jpg 1200w\" data-sizes=\"(max-width: 1024px) 100vw, 1024px\" src=\"data:image\/svg+xml;base64,PHN2ZyB3aWR0aD0iMSIgaGVpZ2h0PSIxIiB4bWxucz0iaHR0cDovL3d3dy53My5vcmcvMjAwMC9zdmciPjwvc3ZnPg==\" style=\"--smush-placeholder-width: 1024px; --smush-placeholder-aspect-ratio: 1024\/683;\" \/><\/figure>\n\n\n\n<figure class=\"wp-block-image size-large\"><img decoding=\"async\" width=\"1024\" height=\"684\" data-id=\"140847\" data-src=\"https:\/\/gazetaregionalna.com\/wp-content\/uploads\/2025\/08\/Arda-Kyrdali-Rakow-6-1024x684.jpg\" alt=\"\" class=\"wp-image-140847 lazyload\" data-srcset=\"https:\/\/gazetaregionalna.com\/wp-content\/uploads\/2025\/08\/Arda-Kyrdali-Rakow-6-1024x684.jpg 1024w, https:\/\/gazetaregionalna.com\/wp-content\/uploads\/2025\/08\/Arda-Kyrdali-Rakow-6-300x200.jpg 300w, https:\/\/gazetaregionalna.com\/wp-content\/uploads\/2025\/08\/Arda-Kyrdali-Rakow-6-768x513.jpg 768w, https:\/\/gazetaregionalna.com\/wp-content\/uploads\/2025\/08\/Arda-Kyrdali-Rakow-6.jpg 1200w\" data-sizes=\"(max-width: 1024px) 100vw, 1024px\" src=\"data:image\/svg+xml;base64,PHN2ZyB3aWR0aD0iMSIgaGVpZ2h0PSIxIiB4bWxucz0iaHR0cDovL3d3dy53My5vcmcvMjAwMC9zdmciPjwvc3ZnPg==\" style=\"--smush-placeholder-width: 1024px; --smush-placeholder-aspect-ratio: 1024\/684;\" \/><\/figure>\n\n\n\n<figure class=\"wp-block-image size-large\"><img decoding=\"async\" width=\"1024\" height=\"682\" data-id=\"140846\" data-src=\"https:\/\/gazetaregionalna.com\/wp-content\/uploads\/2025\/08\/Arda-Kyrdali-Rakow-5-1024x682.jpg\" alt=\"\" class=\"wp-image-140846 lazyload\" data-srcset=\"https:\/\/gazetaregionalna.com\/wp-content\/uploads\/2025\/08\/Arda-Kyrdali-Rakow-5-1024x682.jpg 1024w, https:\/\/gazetaregionalna.com\/wp-content\/uploads\/2025\/08\/Arda-Kyrdali-Rakow-5-300x200.jpg 300w, https:\/\/gazetaregionalna.com\/wp-content\/uploads\/2025\/08\/Arda-Kyrdali-Rakow-5-768x511.jpg 768w, https:\/\/gazetaregionalna.com\/wp-content\/uploads\/2025\/08\/Arda-Kyrdali-Rakow-5.jpg 1200w\" data-sizes=\"(max-width: 1024px) 100vw, 1024px\" src=\"data:image\/svg+xml;base64,PHN2ZyB3aWR0aD0iMSIgaGVpZ2h0PSIxIiB4bWxucz0iaHR0cDovL3d3dy53My5vcmcvMjAwMC9zdmciPjwvc3ZnPg==\" style=\"--smush-placeholder-width: 1024px; --smush-placeholder-aspect-ratio: 1024\/682;\" \/><\/figure>\n\n\n\n<figure class=\"wp-block-image size-large\"><img decoding=\"async\" width=\"1024\" height=\"686\" data-id=\"140845\" data-src=\"https:\/\/gazetaregionalna.com\/wp-content\/uploads\/2025\/08\/Arda-Kyrdali-Rakow-4-1024x686.jpg\" alt=\"\" class=\"wp-image-140845 lazyload\" data-srcset=\"https:\/\/gazetaregionalna.com\/wp-content\/uploads\/2025\/08\/Arda-Kyrdali-Rakow-4-1024x686.jpg 1024w, https:\/\/gazetaregionalna.com\/wp-content\/uploads\/2025\/08\/Arda-Kyrdali-Rakow-4-300x201.jpg 300w, https:\/\/gazetaregionalna.com\/wp-content\/uploads\/2025\/08\/Arda-Kyrdali-Rakow-4-768x515.jpg 768w, https:\/\/gazetaregionalna.com\/wp-content\/uploads\/2025\/08\/Arda-Kyrdali-Rakow-4.jpg 1200w\" data-sizes=\"(max-width: 1024px) 100vw, 1024px\" src=\"data:image\/svg+xml;base64,PHN2ZyB3aWR0aD0iMSIgaGVpZ2h0PSIxIiB4bWxucz0iaHR0cDovL3d3dy53My5vcmcvMjAwMC9zdmciPjwvc3ZnPg==\" style=\"--smush-placeholder-width: 1024px; --smush-placeholder-aspect-ratio: 1024\/686;\" \/><\/figure>\n\n\n\n<figure class=\"wp-block-image size-large\"><img decoding=\"async\" width=\"1024\" height=\"694\" data-id=\"140864\" data-src=\"https:\/\/gazetaregionalna.com\/wp-content\/uploads\/2025\/08\/Arda-Kyrdali-Rakow-3-1024x694.jpg\" alt=\"\" class=\"wp-image-140864 lazyload\" data-srcset=\"https:\/\/gazetaregionalna.com\/wp-content\/uploads\/2025\/08\/Arda-Kyrdali-Rakow-3-1024x694.jpg 1024w, https:\/\/gazetaregionalna.com\/wp-content\/uploads\/2025\/08\/Arda-Kyrdali-Rakow-3-300x203.jpg 300w, https:\/\/gazetaregionalna.com\/wp-content\/uploads\/2025\/08\/Arda-Kyrdali-Rakow-3-768x520.jpg 768w, https:\/\/gazetaregionalna.com\/wp-content\/uploads\/2025\/08\/Arda-Kyrdali-Rakow-3.jpg 1200w\" data-sizes=\"(max-width: 1024px) 100vw, 1024px\" src=\"data:image\/svg+xml;base64,PHN2ZyB3aWR0aD0iMSIgaGVpZ2h0PSIxIiB4bWxucz0iaHR0cDovL3d3dy53My5vcmcvMjAwMC9zdmciPjwvc3ZnPg==\" style=\"--smush-placeholder-width: 1024px; --smush-placeholder-aspect-ratio: 1024\/694;\" \/><\/figure>\n<\/figure>\n\n\n\n<figure class=\"wp-block-image size-large\"><img decoding=\"async\" width=\"1024\" height=\"536\" data-src=\"https:\/\/gazetaregionalna.com\/wp-content\/uploads\/2025\/08\/Janik-S-biale-1024x536.png\" alt=\"\" class=\"wp-image-140250 lazyload\" data-srcset=\"https:\/\/gazetaregionalna.com\/wp-content\/uploads\/2025\/08\/Janik-S-biale-1024x536.png 1024w, https:\/\/gazetaregionalna.com\/wp-content\/uploads\/2025\/08\/Janik-S-biale-300x157.png 300w, https:\/\/gazetaregionalna.com\/wp-content\/uploads\/2025\/08\/Janik-S-biale-768x402.png 768w, https:\/\/gazetaregionalna.com\/wp-content\/uploads\/2025\/08\/Janik-S-biale.png 1200w\" data-sizes=\"(max-width: 1024px) 100vw, 1024px\" src=\"data:image\/svg+xml;base64,PHN2ZyB3aWR0aD0iMSIgaGVpZ2h0PSIxIiB4bWxucz0iaHR0cDovL3d3dy53My5vcmcvMjAwMC9zdmciPjwvc3ZnPg==\" style=\"--smush-placeholder-width: 1024px; --smush-placeholder-aspect-ratio: 1024\/536;\" \/><\/figure>\n\n\n\n<figure class=\"wp-block-image size-large\"><img decoding=\"async\" width=\"1024\" height=\"683\" data-src=\"https:\/\/gazetaregionalna.com\/wp-content\/uploads\/2025\/08\/Arda-Kyrdali-Rakow-2-1024x683.jpg\" alt=\"\" class=\"wp-image-140843 lazyload\" data-srcset=\"https:\/\/gazetaregionalna.com\/wp-content\/uploads\/2025\/08\/Arda-Kyrdali-Rakow-2-1024x683.jpg 1024w, https:\/\/gazetaregionalna.com\/wp-content\/uploads\/2025\/08\/Arda-Kyrdali-Rakow-2-300x200.jpg 300w, https:\/\/gazetaregionalna.com\/wp-content\/uploads\/2025\/08\/Arda-Kyrdali-Rakow-2-768x512.jpg 768w, https:\/\/gazetaregionalna.com\/wp-content\/uploads\/2025\/08\/Arda-Kyrdali-Rakow-2.jpg 1200w\" data-sizes=\"(max-width: 1024px) 100vw, 1024px\" src=\"data:image\/svg+xml;base64,PHN2ZyB3aWR0aD0iMSIgaGVpZ2h0PSIxIiB4bWxucz0iaHR0cDovL3d3dy53My5vcmcvMjAwMC9zdmciPjwvc3ZnPg==\" style=\"--smush-placeholder-width: 1024px; --smush-placeholder-aspect-ratio: 1024\/683;\" \/><\/figure>\n\n\n\n<figure class=\"wp-block-image size-large\"><img decoding=\"async\" width=\"1024\" height=\"1024\" data-src=\"https:\/\/gazetaregionalna.com\/wp-content\/uploads\/2025\/08\/Orlikowscy-1-1024x1024.jpg\" alt=\"\" class=\"wp-image-140849 lazyload\" data-srcset=\"https:\/\/gazetaregionalna.com\/wp-content\/uploads\/2025\/08\/Orlikowscy-1-1024x1024.jpg 1024w, https:\/\/gazetaregionalna.com\/wp-content\/uploads\/2025\/08\/Orlikowscy-1-300x300.jpg 300w, https:\/\/gazetaregionalna.com\/wp-content\/uploads\/2025\/08\/Orlikowscy-1-150x150.jpg 150w, https:\/\/gazetaregionalna.com\/wp-content\/uploads\/2025\/08\/Orlikowscy-1-768x768.jpg 768w, https:\/\/gazetaregionalna.com\/wp-content\/uploads\/2025\/08\/Orlikowscy-1-215x215.jpg 215w, https:\/\/gazetaregionalna.com\/wp-content\/uploads\/2025\/08\/Orlikowscy-1.jpg 1080w\" data-sizes=\"(max-width: 1024px) 100vw, 1024px\" src=\"data:image\/svg+xml;base64,PHN2ZyB3aWR0aD0iMSIgaGVpZ2h0PSIxIiB4bWxucz0iaHR0cDovL3d3dy53My5vcmcvMjAwMC9zdmciPjwvc3ZnPg==\" style=\"--smush-placeholder-width: 1024px; --smush-placeholder-aspect-ratio: 1024\/1024;\" \/><\/figure>\n\n\n\n<figure class=\"wp-block-image size-large\"><img decoding=\"async\" width=\"1024\" height=\"681\" data-src=\"https:\/\/gazetaregionalna.com\/wp-content\/uploads\/2025\/08\/Arda-Kyrdali-Rakow-17-1024x681.jpg\" alt=\"\" class=\"wp-image-140865 lazyload\" data-srcset=\"https:\/\/gazetaregionalna.com\/wp-content\/uploads\/2025\/08\/Arda-Kyrdali-Rakow-17-1024x681.jpg 1024w, https:\/\/gazetaregionalna.com\/wp-content\/uploads\/2025\/08\/Arda-Kyrdali-Rakow-17-300x200.jpg 300w, https:\/\/gazetaregionalna.com\/wp-content\/uploads\/2025\/08\/Arda-Kyrdali-Rakow-17-768x511.jpg 768w, https:\/\/gazetaregionalna.com\/wp-content\/uploads\/2025\/08\/Arda-Kyrdali-Rakow-17.jpg 1200w\" data-sizes=\"(max-width: 1024px) 100vw, 1024px\" src=\"data:image\/svg+xml;base64,PHN2ZyB3aWR0aD0iMSIgaGVpZ2h0PSIxIiB4bWxucz0iaHR0cDovL3d3dy53My5vcmcvMjAwMC9zdmciPjwvc3ZnPg==\" style=\"--smush-placeholder-width: 1024px; --smush-placeholder-aspect-ratio: 1024\/681;\" \/><\/figure>\n\n\n\n<figure class=\"wp-block-image size-large\"><img decoding=\"async\" width=\"1024\" height=\"1024\" data-src=\"https:\/\/gazetaregionalna.com\/wp-content\/uploads\/2025\/06\/dmk_28_06-1024x1024.jpg\" alt=\"\" class=\"wp-image-138817 lazyload\" data-srcset=\"https:\/\/gazetaregionalna.com\/wp-content\/uploads\/2025\/06\/dmk_28_06-1024x1024.jpg 1024w, https:\/\/gazetaregionalna.com\/wp-content\/uploads\/2025\/06\/dmk_28_06-300x300.jpg 300w, https:\/\/gazetaregionalna.com\/wp-content\/uploads\/2025\/06\/dmk_28_06-150x150.jpg 150w, https:\/\/gazetaregionalna.com\/wp-content\/uploads\/2025\/06\/dmk_28_06-768x768.jpg 768w, https:\/\/gazetaregionalna.com\/wp-content\/uploads\/2025\/06\/dmk_28_06-215x215.jpg 215w, https:\/\/gazetaregionalna.com\/wp-content\/uploads\/2025\/06\/dmk_28_06.jpg 1080w\" data-sizes=\"(max-width: 1024px) 100vw, 1024px\" src=\"data:image\/svg+xml;base64,PHN2ZyB3aWR0aD0iMSIgaGVpZ2h0PSIxIiB4bWxucz0iaHR0cDovL3d3dy53My5vcmcvMjAwMC9zdmciPjwvc3ZnPg==\" style=\"--smush-placeholder-width: 1024px; --smush-placeholder-aspect-ratio: 1024\/1024;\" \/><\/figure>\n","protected":false},"excerpt":{"rendered":"<p>Po emocjach z europejskimi pucharami pi\u0142karze i kibice Rak\u00f3w Cz\u0119stochowa wracaj\u0105 do rozgrywek w PKO BP Ekstraklasie. W niedziel\u0119 czerwono-niebiescy zagraj\u0105 w Szczecinie z<\/p>\n","protected":false},"author":15,"featured_media":140864,"comment_status":"closed","ping_status":"open","sticky":false,"template":"","format":"standard","meta":{"_monsterinsights_skip_tracking":false,"_monsterinsights_sitenote_active":false,"_monsterinsights_sitenote_note":"","_monsterinsights_sitenote_category":0,"_uf_show_specific_survey":0,"_uf_disable_surveys":false,"footnotes":""},"categories":[94,6,5],"tags":[],"class_list":["post-140863","post","type-post","status-publish","format-standard","has-post-thumbnail","hentry","category-polecane","category-pilka-nozna","category-sport"],"_links":{"self":[{"href":"https:\/\/gazetaregionalna.com\/index.php?rest_route=\/wp\/v2\/posts\/140863","targetHints":{"allow":["GET"]}}],"collection":[{"href":"https:\/\/gazetaregionalna.com\/index.php?rest_route=\/wp\/v2\/posts"}],"about":[{"href":"https:\/\/gazetaregionalna.com\/index.php?rest_route=\/wp\/v2\/types\/post"}],"author":[{"embeddable":true,"href":"https:\/\/gazetaregionalna.com\/index.php?rest_route=\/wp\/v2\/users\/15"}],"replies":[{"embeddable":true,"href":"https:\/\/gazetaregionalna.com\/index.php?rest_route=%2Fwp%2Fv2%2Fcomments&post=140863"}],"version-history":[{"count":3,"href":"https:\/\/gazetaregionalna.com\/index.php?rest_route=\/wp\/v2\/posts\/140863\/revisions"}],"predecessor-version":[{"id":140868,"href":"https:\/\/gazetaregionalna.com\/index.php?rest_route=\/wp\/v2\/posts\/140863\/revisions\/140868"}],"wp:featuredmedia":[{"embeddable":true,"href":"https:\/\/gazetaregionalna.com\/index.php?rest_route=\/wp\/v2\/media\/140864"}],"wp:attachment":[{"href":"https:\/\/gazetaregionalna.com\/index.php?rest_route=%2Fwp%2Fv2%2Fmedia&parent=140863"}],"wp:term":[{"taxonomy":"category","embeddable":true,"href":"https:\/\/gazetaregionalna.com\/index.php?rest_route=%2Fwp%2Fv2%2Fcategories&post=140863"},{"taxonomy":"post_tag","embeddable":true,"href":"https:\/\/gazetaregionalna.com\/index.php?rest_route=%2Fwp%2Fv2%2Ftags&post=140863"}],"curies":[{"name":"wp","href":"https:\/\/api.w.org\/{rel}","templated":true}]}}