{"id":140861,"date":"2025-08-30T09:45:27","date_gmt":"2025-08-30T09:45:27","guid":{"rendered":"https:\/\/gazetaregionalna.com\/?p=140861"},"modified":"2025-08-30T09:45:28","modified_gmt":"2025-08-30T09:45:28","slug":"zuzlowcy-krono-plast-wlokniarz-jada-do-gorzowa-na-rewanz-bronic-pge-ekstraligi","status":"publish","type":"post","link":"https:\/\/gazetaregionalna.com\/?p=140861","title":{"rendered":"\u017bu\u017clowcy Krono-Plast W\u0142\u00f3kniarz jad\u0105 do Gorzowa na rewan\u017c broni\u0107 PGE Ekstraligi"},"content":{"rendered":"\n<p>W niedziel\u0119 \u017cu\u017clowcy Krono-Plast W\u0142\u00f3kniarz Cz\u0119stochowa rozegraj\u0105 rewan\u017cowe spotkanie fazy play-down z Gezet Stal Gorz\u00f3w. W pierwszym meczu \u201eLwy\u201d wygra\u0142y 48:42 i maj\u0105 ma\u0142\u0105 zaliczk\u0119 przed rewan\u017cem&#8230;<\/p>\n\n\n\n<p>Przed \u017cu\u017clowcami w PGE Ekstralidze rozpocz\u0119\u0142y si\u0119 najwa\u017cniejsze mecze sezonu, kt\u00f3re zadecyduj\u0105 o medalach i o spadku. Cz\u0119stochowski klub znalaz\u0142 si\u0119 w dolnej cz\u0119\u015bci tabeli i walczy o utrzymanie. W pierwszym meczu z Gezet Stal\u0105 Gorz\u00f3w W\u0142\u00f3kniarz wygra\u0142 48:42 i ma tylko 6 punkt\u00f3w przewagi przed rewan\u017cem. Czy to wystarczy?<\/p>\n\n\n\n<p>Zwyci\u0119zca z tego dwumeczu zapewni sobie miejsce 5.-6. i pewne utrzymanie w PGE Ekstralidze. W drugiej parze fazy play-down ROW Rybnik wygra\u0142 pierwszy mecz z Falubaz Zielona G\u00f3ra 46:44. W rewan\u017cu zdecydowanym faworytem b\u0119dzie zesp\u00f3\u0142 z Zielonej G\u00f3ry.<\/p>\n\n\n\n<p>Wszystko wskazuje na to, \u017ce przegrany z pary: Gezet Stal \u2013 Krono-Plast W\u0142\u00f3kniarz b\u0119dzie walczy\u0142 o unikni\u0119cie bezpo\u015bredniego spadku z dru\u017cyn\u0105 z Rybnika&#8230;<\/p>\n\n\n\n<p>Je\u015bli cz\u0119stochowianie b\u0119d\u0105 gorsi od gorzowian to w kolejnym meczu zmierz\u0105 si\u0119 z dru\u017cynami z Rybnika lub Zielonej G\u00f3ry. Przegrany od razu spadnie z PGE Ekstraligi, a wygrany b\u0119dzie je\u017adzi\u0107 jeszcze bara\u017c z 2. zespo\u0142em z 1. ligi.<\/p>\n\n\n\n<p>Kibice W\u0142\u00f3kniarza trzymaj\u0105 kciuki za cz\u0119stochowian i licz\u0105, \u017ce \u201eLwy\u201d zmobilizuj\u0105 si\u0119 na niedzielny mecz i wygraj\u0105 w Gorzowie lub przegraj\u0105 mniejsz\u0105 liczb\u0105 punkt\u00f3w ni\u017c 6&#8230;<\/p>\n\n\n\n<p>Ostatnio jednak wok\u00f3\u0142 klubu z Cz\u0119stochowy nie ma dobrych informacji. Czo\u0142owi zawodnicy domagaj\u0105 si\u0119 odzyskania zaleg\u0142o\u015bci. S\u0105 te\u017c po rozmowach ze swoimi nowymi klubami.<\/p>\n\n\n\n<p>Teraz jednak najwa\u017cniejszy jest mecz w Gorzowie. Korzystny wynik zapewni spok\u00f3j, a z\u0142e wie\u015bci z Gorzowa b\u0119d\u0105 zwiastowa\u0107 emocje w kolejnych spotkaniach&#8230;<\/p>\n\n\n\n<p>AK, fot: AK<\/p>\n\n\n\n<p>Partnerami relacji sportowych s\u0105:<\/p>\n\n\n\n<p>Przychodni NZOZ \u201eNasze Zdrowie\u201d Jacek \u0141ukasik<\/p>\n\n\n\n<p>DMK Invest materia\u0142y budowlane Konopiska<\/p>\n\n\n\n<p>Orlikowscy. Pokrycia dachowe i rynny<\/p>\n\n\n\n<figure class=\"wp-block-image size-large\"><img decoding=\"async\" width=\"1024\" height=\"678\" data-src=\"https:\/\/gazetaregionalna.com\/wp-content\/uploads\/2025\/08\/CKM-Gezet-3-1024x678.jpg\" alt=\"\" class=\"wp-image-140375 lazyload\" data-srcset=\"https:\/\/gazetaregionalna.com\/wp-content\/uploads\/2025\/08\/CKM-Gezet-3-1024x678.jpg 1024w, https:\/\/gazetaregionalna.com\/wp-content\/uploads\/2025\/08\/CKM-Gezet-3-300x199.jpg 300w, https:\/\/gazetaregionalna.com\/wp-content\/uploads\/2025\/08\/CKM-Gezet-3-768x508.jpg 768w, https:\/\/gazetaregionalna.com\/wp-content\/uploads\/2025\/08\/CKM-Gezet-3.jpg 1200w\" data-sizes=\"(max-width: 1024px) 100vw, 1024px\" src=\"data:image\/svg+xml;base64,PHN2ZyB3aWR0aD0iMSIgaGVpZ2h0PSIxIiB4bWxucz0iaHR0cDovL3d3dy53My5vcmcvMjAwMC9zdmciPjwvc3ZnPg==\" style=\"--smush-placeholder-width: 1024px; --smush-placeholder-aspect-ratio: 1024\/678;\" \/><\/figure>\n\n\n\n<figure class=\"wp-block-image size-large\"><img decoding=\"async\" width=\"1024\" height=\"536\" data-src=\"https:\/\/gazetaregionalna.com\/wp-content\/uploads\/2025\/08\/Przychodnie-Nasze-Zdrowie-1024x536.jpg\" alt=\"\" class=\"wp-image-140850 lazyload\" data-srcset=\"https:\/\/gazetaregionalna.com\/wp-content\/uploads\/2025\/08\/Przychodnie-Nasze-Zdrowie-1024x536.jpg 1024w, https:\/\/gazetaregionalna.com\/wp-content\/uploads\/2025\/08\/Przychodnie-Nasze-Zdrowie-300x157.jpg 300w, https:\/\/gazetaregionalna.com\/wp-content\/uploads\/2025\/08\/Przychodnie-Nasze-Zdrowie-768x402.jpg 768w, https:\/\/gazetaregionalna.com\/wp-content\/uploads\/2025\/08\/Przychodnie-Nasze-Zdrowie.jpg 1200w\" data-sizes=\"(max-width: 1024px) 100vw, 1024px\" src=\"data:image\/svg+xml;base64,PHN2ZyB3aWR0aD0iMSIgaGVpZ2h0PSIxIiB4bWxucz0iaHR0cDovL3d3dy53My5vcmcvMjAwMC9zdmciPjwvc3ZnPg==\" style=\"--smush-placeholder-width: 1024px; --smush-placeholder-aspect-ratio: 1024\/536;\" \/><\/figure>\n\n\n\n<figure class=\"wp-block-image size-large\"><img decoding=\"async\" width=\"1024\" height=\"646\" data-src=\"https:\/\/gazetaregionalna.com\/wp-content\/uploads\/2025\/08\/CKM-Gezet-0-1024x646.jpg\" alt=\"\" class=\"wp-image-140372 lazyload\" data-srcset=\"https:\/\/gazetaregionalna.com\/wp-content\/uploads\/2025\/08\/CKM-Gezet-0-1024x646.jpg 1024w, https:\/\/gazetaregionalna.com\/wp-content\/uploads\/2025\/08\/CKM-Gezet-0-300x189.jpg 300w, https:\/\/gazetaregionalna.com\/wp-content\/uploads\/2025\/08\/CKM-Gezet-0-768x484.jpg 768w, https:\/\/gazetaregionalna.com\/wp-content\/uploads\/2025\/08\/CKM-Gezet-0-115x73.jpg 115w, https:\/\/gazetaregionalna.com\/wp-content\/uploads\/2025\/08\/CKM-Gezet-0.jpg 1200w\" data-sizes=\"(max-width: 1024px) 100vw, 1024px\" src=\"data:image\/svg+xml;base64,PHN2ZyB3aWR0aD0iMSIgaGVpZ2h0PSIxIiB4bWxucz0iaHR0cDovL3d3dy53My5vcmcvMjAwMC9zdmciPjwvc3ZnPg==\" style=\"--smush-placeholder-width: 1024px; --smush-placeholder-aspect-ratio: 1024\/646;\" \/><\/figure>\n\n\n\n<figure class=\"wp-block-image size-large is-resized\"><img decoding=\"async\" width=\"1024\" height=\"536\" data-src=\"https:\/\/gazetaregionalna.com\/wp-content\/uploads\/2025\/08\/Janik-S-biale-1024x536.png\" alt=\"\" class=\"wp-image-140250 lazyload\" style=\"--smush-placeholder-width: 1024px; --smush-placeholder-aspect-ratio: 1024\/536;width:839px;height:auto\" data-srcset=\"https:\/\/gazetaregionalna.com\/wp-content\/uploads\/2025\/08\/Janik-S-biale-1024x536.png 1024w, https:\/\/gazetaregionalna.com\/wp-content\/uploads\/2025\/08\/Janik-S-biale-300x157.png 300w, https:\/\/gazetaregionalna.com\/wp-content\/uploads\/2025\/08\/Janik-S-biale-768x402.png 768w, https:\/\/gazetaregionalna.com\/wp-content\/uploads\/2025\/08\/Janik-S-biale.png 1200w\" data-sizes=\"(max-width: 1024px) 100vw, 1024px\" src=\"data:image\/svg+xml;base64,PHN2ZyB3aWR0aD0iMSIgaGVpZ2h0PSIxIiB4bWxucz0iaHR0cDovL3d3dy53My5vcmcvMjAwMC9zdmciPjwvc3ZnPg==\" \/><\/figure>\n\n\n\n<figure class=\"wp-block-image size-large\"><img decoding=\"async\" width=\"1024\" height=\"638\" data-src=\"https:\/\/gazetaregionalna.com\/wp-content\/uploads\/2025\/08\/CKM-Gezet-8-1024x638.jpg\" alt=\"\" class=\"wp-image-140379 lazyload\" data-srcset=\"https:\/\/gazetaregionalna.com\/wp-content\/uploads\/2025\/08\/CKM-Gezet-8-1024x638.jpg 1024w, https:\/\/gazetaregionalna.com\/wp-content\/uploads\/2025\/08\/CKM-Gezet-8-300x187.jpg 300w, https:\/\/gazetaregionalna.com\/wp-content\/uploads\/2025\/08\/CKM-Gezet-8-768x479.jpg 768w, https:\/\/gazetaregionalna.com\/wp-content\/uploads\/2025\/08\/CKM-Gezet-8-115x73.jpg 115w, https:\/\/gazetaregionalna.com\/wp-content\/uploads\/2025\/08\/CKM-Gezet-8.jpg 1200w\" data-sizes=\"(max-width: 1024px) 100vw, 1024px\" src=\"data:image\/svg+xml;base64,PHN2ZyB3aWR0aD0iMSIgaGVpZ2h0PSIxIiB4bWxucz0iaHR0cDovL3d3dy53My5vcmcvMjAwMC9zdmciPjwvc3ZnPg==\" style=\"--smush-placeholder-width: 1024px; --smush-placeholder-aspect-ratio: 1024\/638;\" \/><\/figure>\n\n\n\n<figure class=\"wp-block-image size-large\"><img decoding=\"async\" width=\"1024\" height=\"1024\" data-src=\"https:\/\/gazetaregionalna.com\/wp-content\/uploads\/2025\/06\/dmk_28_06-1024x1024.jpg\" alt=\"\" class=\"wp-image-138817 lazyload\" data-srcset=\"https:\/\/gazetaregionalna.com\/wp-content\/uploads\/2025\/06\/dmk_28_06-1024x1024.jpg 1024w, https:\/\/gazetaregionalna.com\/wp-content\/uploads\/2025\/06\/dmk_28_06-300x300.jpg 300w, https:\/\/gazetaregionalna.com\/wp-content\/uploads\/2025\/06\/dmk_28_06-150x150.jpg 150w, https:\/\/gazetaregionalna.com\/wp-content\/uploads\/2025\/06\/dmk_28_06-768x768.jpg 768w, https:\/\/gazetaregionalna.com\/wp-content\/uploads\/2025\/06\/dmk_28_06-215x215.jpg 215w, https:\/\/gazetaregionalna.com\/wp-content\/uploads\/2025\/06\/dmk_28_06.jpg 1080w\" data-sizes=\"(max-width: 1024px) 100vw, 1024px\" src=\"data:image\/svg+xml;base64,PHN2ZyB3aWR0aD0iMSIgaGVpZ2h0PSIxIiB4bWxucz0iaHR0cDovL3d3dy53My5vcmcvMjAwMC9zdmciPjwvc3ZnPg==\" style=\"--smush-placeholder-width: 1024px; --smush-placeholder-aspect-ratio: 1024\/1024;\" \/><\/figure>\n\n\n\n<figure class=\"wp-block-image size-large\"><img decoding=\"async\" width=\"1024\" height=\"657\" data-src=\"https:\/\/gazetaregionalna.com\/wp-content\/uploads\/2025\/08\/CKM-Gezet-1-1-1024x657.jpg\" alt=\"\" class=\"wp-image-140374 lazyload\" data-srcset=\"https:\/\/gazetaregionalna.com\/wp-content\/uploads\/2025\/08\/CKM-Gezet-1-1-1024x657.jpg 1024w, https:\/\/gazetaregionalna.com\/wp-content\/uploads\/2025\/08\/CKM-Gezet-1-1-300x193.jpg 300w, https:\/\/gazetaregionalna.com\/wp-content\/uploads\/2025\/08\/CKM-Gezet-1-1-768x493.jpg 768w, https:\/\/gazetaregionalna.com\/wp-content\/uploads\/2025\/08\/CKM-Gezet-1-1-115x73.jpg 115w, https:\/\/gazetaregionalna.com\/wp-content\/uploads\/2025\/08\/CKM-Gezet-1-1.jpg 1200w\" data-sizes=\"(max-width: 1024px) 100vw, 1024px\" src=\"data:image\/svg+xml;base64,PHN2ZyB3aWR0aD0iMSIgaGVpZ2h0PSIxIiB4bWxucz0iaHR0cDovL3d3dy53My5vcmcvMjAwMC9zdmciPjwvc3ZnPg==\" style=\"--smush-placeholder-width: 1024px; --smush-placeholder-aspect-ratio: 1024\/657;\" \/><\/figure>\n\n\n\n<figure class=\"wp-block-image size-large\"><img decoding=\"async\" width=\"1024\" height=\"1024\" data-src=\"https:\/\/gazetaregionalna.com\/wp-content\/uploads\/2025\/08\/Orlikowscy-1-1024x1024.jpg\" alt=\"\" class=\"wp-image-140849 lazyload\" data-srcset=\"https:\/\/gazetaregionalna.com\/wp-content\/uploads\/2025\/08\/Orlikowscy-1-1024x1024.jpg 1024w, https:\/\/gazetaregionalna.com\/wp-content\/uploads\/2025\/08\/Orlikowscy-1-300x300.jpg 300w, https:\/\/gazetaregionalna.com\/wp-content\/uploads\/2025\/08\/Orlikowscy-1-150x150.jpg 150w, https:\/\/gazetaregionalna.com\/wp-content\/uploads\/2025\/08\/Orlikowscy-1-768x768.jpg 768w, https:\/\/gazetaregionalna.com\/wp-content\/uploads\/2025\/08\/Orlikowscy-1-215x215.jpg 215w, https:\/\/gazetaregionalna.com\/wp-content\/uploads\/2025\/08\/Orlikowscy-1.jpg 1080w\" data-sizes=\"(max-width: 1024px) 100vw, 1024px\" src=\"data:image\/svg+xml;base64,PHN2ZyB3aWR0aD0iMSIgaGVpZ2h0PSIxIiB4bWxucz0iaHR0cDovL3d3dy53My5vcmcvMjAwMC9zdmciPjwvc3ZnPg==\" style=\"--smush-placeholder-width: 1024px; --smush-placeholder-aspect-ratio: 1024\/1024;\" \/><\/figure>\n","protected":false},"excerpt":{"rendered":"<p>W niedziel\u0119 \u017cu\u017clowcy Krono-Plast W\u0142\u00f3kniarz Cz\u0119stochowa rozegraj\u0105 rewan\u017cowe spotkanie fazy play-down z Gezet Stal Gorz\u00f3w. W pierwszym meczu \u201eLwy\u201d wygra\u0142y 48:42 i maj\u0105 ma\u0142\u0105<\/p>\n","protected":false},"author":15,"featured_media":140373,"comment_status":"closed","ping_status":"open","sticky":false,"template":"","format":"standard","meta":{"_monsterinsights_skip_tracking":false,"_monsterinsights_sitenote_active":false,"_monsterinsights_sitenote_note":"","_monsterinsights_sitenote_category":0,"_uf_show_specific_survey":0,"_uf_disable_surveys":false,"footnotes":""},"categories":[94,5,7],"tags":[],"class_list":["post-140861","post","type-post","status-publish","format-standard","has-post-thumbnail","hentry","category-polecane","category-sport","category-zuzel"],"_links":{"self":[{"href":"https:\/\/gazetaregionalna.com\/index.php?rest_route=\/wp\/v2\/posts\/140861","targetHints":{"allow":["GET"]}}],"collection":[{"href":"https:\/\/gazetaregionalna.com\/index.php?rest_route=\/wp\/v2\/posts"}],"about":[{"href":"https:\/\/gazetaregionalna.com\/index.php?rest_route=\/wp\/v2\/types\/post"}],"author":[{"embeddable":true,"href":"https:\/\/gazetaregionalna.com\/index.php?rest_route=\/wp\/v2\/users\/15"}],"replies":[{"embeddable":true,"href":"https:\/\/gazetaregionalna.com\/index.php?rest_route=%2Fwp%2Fv2%2Fcomments&post=140861"}],"version-history":[{"count":1,"href":"https:\/\/gazetaregionalna.com\/index.php?rest_route=\/wp\/v2\/posts\/140861\/revisions"}],"predecessor-version":[{"id":140862,"href":"https:\/\/gazetaregionalna.com\/index.php?rest_route=\/wp\/v2\/posts\/140861\/revisions\/140862"}],"wp:featuredmedia":[{"embeddable":true,"href":"https:\/\/gazetaregionalna.com\/index.php?rest_route=\/wp\/v2\/media\/140373"}],"wp:attachment":[{"href":"https:\/\/gazetaregionalna.com\/index.php?rest_route=%2Fwp%2Fv2%2Fmedia&parent=140861"}],"wp:term":[{"taxonomy":"category","embeddable":true,"href":"https:\/\/gazetaregionalna.com\/index.php?rest_route=%2Fwp%2Fv2%2Fcategories&post=140861"},{"taxonomy":"post_tag","embeddable":true,"href":"https:\/\/gazetaregionalna.com\/index.php?rest_route=%2Fwp%2Fv2%2Ftags&post=140861"}],"curies":[{"name":"wp","href":"https:\/\/api.w.org\/{rel}","templated":true}]}}