{"id":140856,"date":"2025-08-30T08:21:19","date_gmt":"2025-08-30T08:21:19","guid":{"rendered":"https:\/\/gazetaregionalna.com\/?p=140856"},"modified":"2025-08-30T08:21:21","modified_gmt":"2025-08-30T08:21:21","slug":"12-czestochowski-dzien-fantastyki","status":"publish","type":"post","link":"https:\/\/gazetaregionalna.com\/?p=140856","title":{"rendered":"12. Cz\u0119stochowski Dzie\u0144 Fantastyki. W\u015br\u00f3d atrakcji spotkania autorskie, konkursy i strefa gier"},"content":{"rendered":"\n<h2 class=\"wp-block-heading\">W sobot\u0119, 30 sierpnia na fina\u0142 wakacji odb\u0119dzie si\u0119 12. edycja Cz\u0119stochowskiego Dnia Fantastyki. Miejscem imprezy po raz kolejny b\u0119dzie Lucky Saloon na Biznes Centrum.<\/h2>\n\n\n\n<p>Za organizacj\u0119 tego wydarzenia odpowiada Cz\u0119stochowski Klub Mi\u0142o\u015bnik\u00f3w Fantastyki i Gier Fabularnych. Poprzednie ods\u0142ony imprezy po\u015bwi\u0119cono m.in. Wied\u017aminowi i Star Wars. Ods\u0142ona, kt\u00f3ra ko\u0144czy tegoroczne wakacje b\u0119dzie 12. z kolei. <\/p>\n\n\n\n<p>Go\u015b\u0107mi Cz\u0119stochowskiego Dnia Fantastyki b\u0119d\u0105: Grzegorz Kopiec, \u0141ukasz Kucharczyk, Andrzej Mieszczak (z premier\u0105 swojej nowej ksi\u0105\u017cki &#8222;Bajki pilot\u00f3w&#8221;) oraz Pawe\u0142 Majka i Cezary Zbierzchowski. B\u0119d\u0105 prelekcje (\u201eSumeryjska &#8222;Kraina bez powrotu&#8221; &#8211; najstarsze kr\u00f3lestwo umar\u0142ych\u201d, \u201eCo to jest fantastyka, po co si\u0119 ni\u0105, biernie i czynnie zajmowa\u0107 i po co o niej rozmawia\u0107\u201d, \u201eTop 10 bzdur i mit\u00f3w o broni bia\u0142ej\u201d), panel dyskusyjny (\u201ePisarze vs Sztuczna Inteligencja &#8211; wyzwania, korzy\u015bci i niebezpiecze\u0144stwa\u201d) i konkursy (m.in. Konkurs \u201eMini Cosplay Show\u201d).<\/p>\n\n\n\n<p>Przewidziano te\u017c stref\u0119 gier: bitewnych, elektronicznych, fabularnych, bitewnych.  Organizatorzy zapewni\u0105 tak\u017ce stref\u0119 wystawc\u00f3w i t\u0119 gastronomiczn\u0105. Na fina\u0142 za\u015b zdradz\u0105 termin i temat trzynastej edycji. Ca\u0142o\u015b\u0107 zwie\u0144czy after party.<\/p>\n\n\n\n<p>Wst\u0119p na imprez\u0119 kosztuje 40 z\u0142. Dzieci do lat 7. wchodz\u0105 za darmo. <\/p>\n\n\n\n<p>Szczeg\u00f3\u0142y: <a href=\"https:\/\/www.facebook.com\/CDFkonwent\" target=\"_blank\" rel=\"noopener\">www.facebook.com\/CDFkonwent<\/a><\/p>\n\n\n\n<figure class=\"wp-block-image size-large\"><img decoding=\"async\" width=\"724\" height=\"1024\" data-src=\"https:\/\/gazetaregionalna.com\/wp-content\/uploads\/2025\/08\/540439173_755513214011175_3245970823463081747_n-724x1024.jpg\" alt=\"\" class=\"wp-image-140859 lazyload\" data-srcset=\"https:\/\/gazetaregionalna.com\/wp-content\/uploads\/2025\/08\/540439173_755513214011175_3245970823463081747_n-724x1024.jpg 724w, https:\/\/gazetaregionalna.com\/wp-content\/uploads\/2025\/08\/540439173_755513214011175_3245970823463081747_n-212x300.jpg 212w, https:\/\/gazetaregionalna.com\/wp-content\/uploads\/2025\/08\/540439173_755513214011175_3245970823463081747_n-768x1087.jpg 768w, https:\/\/gazetaregionalna.com\/wp-content\/uploads\/2025\/08\/540439173_755513214011175_3245970823463081747_n-1086x1536.jpg 1086w, https:\/\/gazetaregionalna.com\/wp-content\/uploads\/2025\/08\/540439173_755513214011175_3245970823463081747_n-scaled.jpg 1131w\" data-sizes=\"(max-width: 724px) 100vw, 724px\" src=\"data:image\/svg+xml;base64,PHN2ZyB3aWR0aD0iMSIgaGVpZ2h0PSIxIiB4bWxucz0iaHR0cDovL3d3dy53My5vcmcvMjAwMC9zdmciPjwvc3ZnPg==\" style=\"--smush-placeholder-width: 724px; --smush-placeholder-aspect-ratio: 724\/1024;\" \/><\/figure>\n\n\n\n<p><strong>Program godzinowy:<\/strong><br>11:00 \u2013 otwarcie<br>1:00 \u2013 11:50 \u2013 spotkanie autorskie \u2013 Grzegorz Kopiec, prowadzenie: Mariusz Srebny<br>12:00 \u2013 12:50 \u2013 Prelekcja \u2013 \u201eSumeryjska &#8222;Kraina bez powrotu&#8221; &#8211; najstarsze kr\u00f3lestwo umar\u0142ych\u201d, prowadzenie: Przemys\u0142aw Gorza\u0142ka<br>13:00 \u2013 13:50 \u2013 spotkanie autorskie &#8211; \u0141ukasz Kucharczyk, prowadzenie:: Krzysztof \u201eKorsarz\u201d Bili\u0144ski<br>14:00 \u2013 14:50 \u2013 Prelekcja \u2013 \u201eCo to jest fantastyka, po co si\u0119 ni\u0105, biernie i czynnie zajmowa\u0107 i po co o niej rozmawia\u0107\u201d, prowadzenie: CzaPa Kulturalna, Pawe\u0142 Majka &amp; Cezary Zbierzchowski<br>15:00 \u2013 15:50 \u2013 spotkanie autorskie \u2013 Andrzej Miszczak, premiera ksi\u0105\u017cki &#8222;Bajki pilot\u00f3w&#8221;, prowadzenie: Krzysztof \u201eKorsarz\u201d Bili\u0144ski<br>16:00 \u2013 16:30 \u2013 Blok Cosplay \u2013 Konkurs \u201eMini Cosplay Show\u201d, prowadzenie: Aleksander Stefa\u0144ski<br>16:30 \u2013 17:00 \u2013 PRZERWA<br>17:00 \u2013 17:50 \u2013 Panel Dyskusyjny Czytaj! \u201ePisarze vs Sztuczna Inteligencja &#8211; wyzwania, korzy\u015bci i niebezpiecze\u0144stwa\u201d &#8211; Pawe\u0142 Majka, Cezary Zbierzchowski, \u0141ukasz Kucharczyk, Andrzej Miszczak, Grzegorz Kopiec, prowadzenie: Kamil Kacperak<br>18:00 \u2013 18:50 \u2013 Prelekcja \u2013 \u201eTop 10 bzdur i mit\u00f3w o broni bia\u0142ej\u201d, prowadzenie: \u0141ukasz \u201eSas\u201d Sasu\u0142a<br>19:00 \u2013 19:50 \u2013 Zakl\u0119ty konkurs wiedzy o Harrym Potterze, prowadzenie: Miki_wicio<br>20:00 \u2013 20:50 \u2013 Mi\u0119dzy galaktykami \u2013 kosmos w popkulturze, prowadzenie: Hoboczak Huba<br>21:00 \u2013 Zako\u0144czenie programu, og\u0142oszenie XIII edycji CDF, prowadzenie: Alex \u201eHunter\u201d Czichos<br><br><strong>Program Nocny:<br><\/strong>21:00 \u2013 00:00 \u2013 After Party<\/p>\n\n\n\n<p><strong>Program ci\u0105g\u0142y:<\/strong><br>11:00 \u2013 21:00 \u2013 Strefa Gier Planszowych \u2013 Nocne Granie Cz\u0119stochowa<br>I. Stanowisko Pok\u00e9mon TCG<br>&#8211; Nauka gry \u2013 szybki kurs dla nowych graczy<br>&#8211; Darmowe demo-decki* do testowania<br>Turniej: 13:00<br>II. Turniej: 15:00 \u2013 P\u0119dz\u0105ce \u017b\u00f3\u0142wie XXL<\/p>\n\n\n\n<p>11:00 \u2013 17:00 &#8211; Strefa Gier Bitewnych<br>I. Warhammer 40 000<br>II. Warhammer 40 000: Kill Team<br>III. Tranch Crusade<br><br>11:00 \u2013 20:00 &#8211; Strefa Gier Elektronicznych \u2013 Nocne Granie Cz\u0119stochowa<br>I. Strefa Wolnego Grania<br>II. Strefa Retro Grania<br>III. Turnieje<br>Turniej I: 13:00 \u2013 Tekken 7<br>Turniej II :17:00 \u2013 Injustice 2<br><br>12:00 \u2013 21:00 &#8211; Strefa Gier Fabularnych<br>Sesja I: 16:00 \u2013 \u201eDragonbane\u201d<br>Sesja II: 12:00 \u2013 \u201eFabula Ultima\u201d<br><br>11:00 \u2013 21:00 &#8211; Strefa Wystawc\u00f3w<br><br>10:30 \u2013 6:00 \u2013 Strefa Gastronomiczna<br><br><strong>Autografy<\/strong><br>11:50 \u2013 Grzegorz Kopiec<br>13:50 \u2013 \u0141ukasz Kucharczyk<br>14:50 \u2013 Pawe\u0142 Majka &amp; Cezary Zbierzchowski<br>15:50 \u2013 Andrzej Miszczak<\/p>\n","protected":false},"excerpt":{"rendered":"<p>W sobot\u0119, 30 sierpnia na fina\u0142 wakacji odb\u0119dzie si\u0119 12. edycja Cz\u0119stochowskiego Dnia Fantastyki. Miejscem imprezy po raz kolejny b\u0119dzie Lucky Saloon na Biznes<\/p>\n","protected":false},"author":11,"featured_media":140858,"comment_status":"closed","ping_status":"open","sticky":false,"template":"","format":"standard","meta":{"_monsterinsights_skip_tracking":false,"_monsterinsights_sitenote_active":false,"_monsterinsights_sitenote_note":"","_monsterinsights_sitenote_category":0,"_uf_show_specific_survey":0,"_uf_disable_surveys":false,"footnotes":""},"categories":[12,3,2],"tags":[144,7494],"class_list":["post-140856","post","type-post","status-publish","format-standard","has-post-thumbnail","hentry","category-kultura-i-rozrywka","category-czestochowa-informacje","category-wiadomosci","tag-czestochowa","tag-czestochowski-dzien-fantastyki"],"_links":{"self":[{"href":"https:\/\/gazetaregionalna.com\/index.php?rest_route=\/wp\/v2\/posts\/140856","targetHints":{"allow":["GET"]}}],"collection":[{"href":"https:\/\/gazetaregionalna.com\/index.php?rest_route=\/wp\/v2\/posts"}],"about":[{"href":"https:\/\/gazetaregionalna.com\/index.php?rest_route=\/wp\/v2\/types\/post"}],"author":[{"embeddable":true,"href":"https:\/\/gazetaregionalna.com\/index.php?rest_route=\/wp\/v2\/users\/11"}],"replies":[{"embeddable":true,"href":"https:\/\/gazetaregionalna.com\/index.php?rest_route=%2Fwp%2Fv2%2Fcomments&post=140856"}],"version-history":[{"count":2,"href":"https:\/\/gazetaregionalna.com\/index.php?rest_route=\/wp\/v2\/posts\/140856\/revisions"}],"predecessor-version":[{"id":140860,"href":"https:\/\/gazetaregionalna.com\/index.php?rest_route=\/wp\/v2\/posts\/140856\/revisions\/140860"}],"wp:featuredmedia":[{"embeddable":true,"href":"https:\/\/gazetaregionalna.com\/index.php?rest_route=\/wp\/v2\/media\/140858"}],"wp:attachment":[{"href":"https:\/\/gazetaregionalna.com\/index.php?rest_route=%2Fwp%2Fv2%2Fmedia&parent=140856"}],"wp:term":[{"taxonomy":"category","embeddable":true,"href":"https:\/\/gazetaregionalna.com\/index.php?rest_route=%2Fwp%2Fv2%2Fcategories&post=140856"},{"taxonomy":"post_tag","embeddable":true,"href":"https:\/\/gazetaregionalna.com\/index.php?rest_route=%2Fwp%2Fv2%2Ftags&post=140856"}],"curies":[{"name":"wp","href":"https:\/\/api.w.org\/{rel}","templated":true}]}}