{"id":140853,"date":"2025-08-29T09:00:14","date_gmt":"2025-08-29T09:00:14","guid":{"rendered":"https:\/\/gazetaregionalna.com\/?p=140853"},"modified":"2025-08-29T09:00:16","modified_gmt":"2025-08-29T09:00:16","slug":"straznicy-miejscy-ujeli-wandali-znowu-pomogl-miejski-monitoring","status":"publish","type":"post","link":"https:\/\/gazetaregionalna.com\/?p=140853","title":{"rendered":"Stra\u017cnicy miejscy uj\u0119li wandali. Znowu pom\u00f3g\u0142 miejski monitoring"},"content":{"rendered":"\n<p>Cz\u0119stochowscy stra\u017cnicy miejscy uj\u0119li dw\u00f3ch m\u0119\u017cczyzn, kt\u00f3rzy sprejem zdewastowali ogrodzenie jednej z nieruchomo\u015bci w Al. NMP. To kolejna taka sytuacja w ci\u0105gu ostatnich dni.<\/p>\n\n\n\n<p>Do zdarzenia dosz\u0142o w czwartek oko\u0142o godz. 17:40. Pracownik cywilny Stra\u017cy Miejskiej z referatu ds. miejskiego monitoringu wizyjnego zauwa\u017cy\u0142, jak dw\u00f3ch m\u0119\u017cczyzn maluje farb\u0105 w spreju po jednym z ogrodze\u0144 w Al. NMP. Operator powiadomi\u0142 dy\u017curnego Stra\u017cy Miejskiej, a ten przekaza\u0142 informacj\u0119 do stra\u017cnik\u00f3w miejskich.<\/p>\n\n\n\n<p>Funkcjonariusze Stra\u017cy Miejskiej uj\u0119li wandali. Okaza\u0142o si\u0119, \u017ce maj\u0105 po 16 lat. Sprawcy zostali przekazani powiadomionym rodzicom, a informacja ze zdarzenia trafi\u0142a na I Komisariat Policji.<\/p>\n\n\n\n<p>To kolejne zdarzenie w ostatnich dniach, gdzie miejski monitoring wizyjny pomaga przy uj\u0119ciu wandali. W minion\u0105 niedziel\u0119 oko\u0142o godz. 19:55 pracownik Stra\u017cy Miejskiej z referatu ds. miejskiego monitoringu wizyjnego zauwa\u017cy\u0142, jak m\u0142ody m\u0119\u017cczyzna dewastowa\u0142 markerem kosze na \u015bmieci w pobli\u017cu placu zabaw przy ul. Perepeczki. O fakcie zostali powiadomieni stra\u017cnicy miejscy. Funkcjonariusze szybko zlokalizowali 14-letniego ch\u0142opca. Przekazali nieletniego ojcu, a o sprawie zosta\u0142 powiadomiony I Komisariat Policji.<\/p>\n\n\n\n<p>\u0179r\u00f3d\u0142o: www.sm.czestochowa.pl <\/p>\n","protected":false},"excerpt":{"rendered":"<p>Cz\u0119stochowscy stra\u017cnicy miejscy uj\u0119li dw\u00f3ch m\u0119\u017cczyzn, kt\u00f3rzy sprejem zdewastowali ogrodzenie jednej z nieruchomo\u015bci w Al. NMP. To kolejna taka sytuacja w ci\u0105gu ostatnich dni.<\/p>\n","protected":false},"author":25,"featured_media":133561,"comment_status":"closed","ping_status":"open","sticky":false,"template":"","format":"standard","meta":{"_monsterinsights_skip_tracking":false,"_monsterinsights_sitenote_active":false,"_monsterinsights_sitenote_note":"","_monsterinsights_sitenote_category":0,"_uf_show_specific_survey":0,"_uf_disable_surveys":false,"footnotes":""},"categories":[94,3,2],"tags":[],"class_list":["post-140853","post","type-post","status-publish","format-standard","has-post-thumbnail","hentry","category-polecane","category-czestochowa-informacje","category-wiadomosci"],"_links":{"self":[{"href":"https:\/\/gazetaregionalna.com\/index.php?rest_route=\/wp\/v2\/posts\/140853","targetHints":{"allow":["GET"]}}],"collection":[{"href":"https:\/\/gazetaregionalna.com\/index.php?rest_route=\/wp\/v2\/posts"}],"about":[{"href":"https:\/\/gazetaregionalna.com\/index.php?rest_route=\/wp\/v2\/types\/post"}],"author":[{"embeddable":true,"href":"https:\/\/gazetaregionalna.com\/index.php?rest_route=\/wp\/v2\/users\/25"}],"replies":[{"embeddable":true,"href":"https:\/\/gazetaregionalna.com\/index.php?rest_route=%2Fwp%2Fv2%2Fcomments&post=140853"}],"version-history":[{"count":1,"href":"https:\/\/gazetaregionalna.com\/index.php?rest_route=\/wp\/v2\/posts\/140853\/revisions"}],"predecessor-version":[{"id":140854,"href":"https:\/\/gazetaregionalna.com\/index.php?rest_route=\/wp\/v2\/posts\/140853\/revisions\/140854"}],"wp:featuredmedia":[{"embeddable":true,"href":"https:\/\/gazetaregionalna.com\/index.php?rest_route=\/wp\/v2\/media\/133561"}],"wp:attachment":[{"href":"https:\/\/gazetaregionalna.com\/index.php?rest_route=%2Fwp%2Fv2%2Fmedia&parent=140853"}],"wp:term":[{"taxonomy":"category","embeddable":true,"href":"https:\/\/gazetaregionalna.com\/index.php?rest_route=%2Fwp%2Fv2%2Fcategories&post=140853"},{"taxonomy":"post_tag","embeddable":true,"href":"https:\/\/gazetaregionalna.com\/index.php?rest_route=%2Fwp%2Fv2%2Ftags&post=140853"}],"curies":[{"name":"wp","href":"https:\/\/api.w.org\/{rel}","templated":true}]}}