{"id":140842,"date":"2025-08-29T06:18:20","date_gmt":"2025-08-29T06:18:20","guid":{"rendered":"https:\/\/gazetaregionalna.com\/?p=140842"},"modified":"2025-08-29T06:18:22","modified_gmt":"2025-08-29T06:18:22","slug":"rakow-wygral-drugi-raz-z-arda-i-zagra-w-fazie-ligowej-lk-uefa","status":"publish","type":"post","link":"https:\/\/gazetaregionalna.com\/?p=140842","title":{"rendered":"Rak\u00f3w wygra\u0142 drugi raz z Ard\u0105! I zagra w fazie ligowej LK UEFA!"},"content":{"rendered":"\n<p>Pi\u0142karze Rakowa Cz\u0119stochowa pomy\u015blnie przeszli eliminacje do Ligi Konferencji UEFA. W czwartek wieczorem wygrali w bu\u0142garskiej Kyrd\u017cali z Ard\u0105 2:1 i awansowali do fazy ligowej Ligi Konferencji UEFA. W pi\u0105tek poznaj\u0105 swoich rywali, a w niedziel\u0119 powalcz\u0105 w Szczecinie z Pogoni\u0105 o ligowe punkty w PKO BP Ekstraklasie.<\/p>\n\n\n\n<p>W pierwszym meczu Rak\u00f3w pokona\u0142 Ard\u0119 1:0. Nie wypracowa\u0142 sobie wi\u0119kszej przewagi, dlatego przed spotkaniem rewan\u017cowym mo\u017cna by\u0142o mie\u0107 pewne obawy&#8230; Nic z\u0142ego si\u0119 jednak nie sta\u0142o. Podopieczni trenera Marka Papszuna pokonali po raz drugi Ard\u0119 i mogli cieszy\u0107 si\u0119 z awansu do fazy ligowej. Przed nimi 6 kolejnych mecz\u00f3w z europejskimi rywalami&#8230; Do fazy ligowej awansowa\u0142y te\u017c 3 pozosta\u0142e polskie zespo\u0142y: Lech Pozna\u0144, Jagiellonia Bia\u0142ystok i Legia Warszawa.<\/p>\n\n\n\n<p>Spotkanie zacz\u0119\u0142o si\u0119 idealnie dla Rakowa. Cz\u0119stochowianie ju\u017c w 2. minucie i przy pierwszym swoim strzale na bramk\u0119 Ardy obj\u0119li prowadzenie. Gola zdoby\u0142 Peter Barath.<\/p>\n\n\n\n<p>Rak\u00f3w mia\u0142 swoje okazje, ale pierwsza po\u0142owa zako\u0144czy\u0142a si\u0119 wynikiem 1:0 dla go\u015bci. Po zmianie stron gospodarze wyr\u00f3wnali z rzutu karnego. Rak\u00f3w pr\u00f3bowa\u0142 zdobyc drugiego gola, ale czerwono-niebiescy byli bardzo nieskuteczni&#8230; A\u017c wreszcie w 90. minucie w polu karnym gospodarzy faulowany by\u0142 Jesus Diaz. Rzut karny wykonywa\u0142 Ivi Lopez. Jego strza\u0142 obroni\u0142 bramkarz gospodarzy, ale przy dobitce by\u0142 ju\u017c bez szans&#8230; Za chwil\u0119 pi\u0142karze Rakowa mogli cieszy\u0107 si\u0119 z awansu do fazy ligowej Ligi Konferencji UEFA!<\/p>\n\n\n\n<p>Co warte podkre\u015blenia. Arda ko\u0144czy\u0142a mecz w 9 zawodnik\u00f3w&#8230;<\/p>\n\n\n\n<p>Losowanie odb\u0119dzie si\u0119 w pi\u0105tek. Rak\u00f3w pozna swoich europejskich przeciwnik\u00f3w.<\/p>\n\n\n\n<p>Pi\u0142karze Rakowa z bu\u0142garskiego P\u0142owdiw wylec\u0105 w pi\u0105tek prosto do Szczecina, gdzie w niedziel\u0119 Rak\u00f3w b\u0119dzie walczy\u0142 o ligowe punkty w PKO BP Ekstraklasie.<\/p>\n\n\n\n<p>MR-K, fot: AK<\/p>\n\n\n\n<p>Arda Kyrd\u017cali &#8211; Rak\u00f3w Cz\u0119stochowa 1:2 (0:1)<\/p>\n\n\n\n<p>Bramki: 0:1 Bar\u00e1th (2.), 1:1 Vutov (59.), Ivi Lopez (90.)<\/p>\n\n\n\n<p>Rak\u00f3w: Trelowski &#8211; Racovi\u021ban, Arseni\u0107, Svarnas, Tudor, Jean Carlos (79. Amorim), Repka, Bar\u00e1th (74. Bulat), Ameyaw (60. Ivi Lopez), Pie\u0144ko (60. D\u00edaz), Brunes (79. Rocha).<\/p>\n\n\n\n<p>Partnerami relacji sportowych s\u0105:<\/p>\n\n\n\n<p>DMK Invest materia\u0142y budowlane Konopiska<\/p>\n\n\n\n<p>Kancelarie Adwokackie. Janik &amp; Stolarska<\/p>\n\n\n\n<p>DMK Invest materia\u0142y budowlane Konopiska<\/p>\n\n\n\n<p>Orlikowscy. Pokrycia dachowe i rynny<\/p>\n\n\n\n<figure class=\"wp-block-image size-large\"><img decoding=\"async\" width=\"1024\" height=\"536\" data-src=\"https:\/\/gazetaregionalna.com\/wp-content\/uploads\/2025\/08\/Janik-S-biale-1024x536.png\" alt=\"\" class=\"wp-image-140250 lazyload\" data-srcset=\"https:\/\/gazetaregionalna.com\/wp-content\/uploads\/2025\/08\/Janik-S-biale-1024x536.png 1024w, https:\/\/gazetaregionalna.com\/wp-content\/uploads\/2025\/08\/Janik-S-biale-300x157.png 300w, https:\/\/gazetaregionalna.com\/wp-content\/uploads\/2025\/08\/Janik-S-biale-768x402.png 768w, https:\/\/gazetaregionalna.com\/wp-content\/uploads\/2025\/08\/Janik-S-biale.png 1200w\" data-sizes=\"(max-width: 1024px) 100vw, 1024px\" src=\"data:image\/svg+xml;base64,PHN2ZyB3aWR0aD0iMSIgaGVpZ2h0PSIxIiB4bWxucz0iaHR0cDovL3d3dy53My5vcmcvMjAwMC9zdmciPjwvc3ZnPg==\" style=\"--smush-placeholder-width: 1024px; --smush-placeholder-aspect-ratio: 1024\/536;\" \/><\/figure>\n\n\n\n<figure class=\"wp-block-image size-large\"><img decoding=\"async\" width=\"1024\" height=\"646\" data-src=\"https:\/\/gazetaregionalna.com\/wp-content\/uploads\/2025\/08\/akow-Radosc-1-1024x646.jpg\" alt=\"\" class=\"wp-image-140848 lazyload\" data-srcset=\"https:\/\/gazetaregionalna.com\/wp-content\/uploads\/2025\/08\/akow-Radosc-1-1024x646.jpg 1024w, https:\/\/gazetaregionalna.com\/wp-content\/uploads\/2025\/08\/akow-Radosc-1-300x189.jpg 300w, https:\/\/gazetaregionalna.com\/wp-content\/uploads\/2025\/08\/akow-Radosc-1-768x484.jpg 768w, https:\/\/gazetaregionalna.com\/wp-content\/uploads\/2025\/08\/akow-Radosc-1-115x73.jpg 115w, https:\/\/gazetaregionalna.com\/wp-content\/uploads\/2025\/08\/akow-Radosc-1.jpg 1200w\" data-sizes=\"(max-width: 1024px) 100vw, 1024px\" src=\"data:image\/svg+xml;base64,PHN2ZyB3aWR0aD0iMSIgaGVpZ2h0PSIxIiB4bWxucz0iaHR0cDovL3d3dy53My5vcmcvMjAwMC9zdmciPjwvc3ZnPg==\" style=\"--smush-placeholder-width: 1024px; --smush-placeholder-aspect-ratio: 1024\/646;\" \/><\/figure>\n\n\n\n<figure class=\"wp-block-image size-large\"><img decoding=\"async\" width=\"1024\" height=\"536\" data-src=\"https:\/\/gazetaregionalna.com\/wp-content\/uploads\/2025\/08\/Przychodnie-Nasze-Zdrowie-1024x536.jpg\" alt=\"\" class=\"wp-image-140850 lazyload\" data-srcset=\"https:\/\/gazetaregionalna.com\/wp-content\/uploads\/2025\/08\/Przychodnie-Nasze-Zdrowie-1024x536.jpg 1024w, https:\/\/gazetaregionalna.com\/wp-content\/uploads\/2025\/08\/Przychodnie-Nasze-Zdrowie-300x157.jpg 300w, https:\/\/gazetaregionalna.com\/wp-content\/uploads\/2025\/08\/Przychodnie-Nasze-Zdrowie-768x402.jpg 768w, https:\/\/gazetaregionalna.com\/wp-content\/uploads\/2025\/08\/Przychodnie-Nasze-Zdrowie.jpg 1200w\" data-sizes=\"(max-width: 1024px) 100vw, 1024px\" src=\"data:image\/svg+xml;base64,PHN2ZyB3aWR0aD0iMSIgaGVpZ2h0PSIxIiB4bWxucz0iaHR0cDovL3d3dy53My5vcmcvMjAwMC9zdmciPjwvc3ZnPg==\" style=\"--smush-placeholder-width: 1024px; --smush-placeholder-aspect-ratio: 1024\/536;\" \/><\/figure>\n\n\n\n<figure class=\"wp-block-image size-large\"><img decoding=\"async\" width=\"1024\" height=\"682\" data-src=\"https:\/\/gazetaregionalna.com\/wp-content\/uploads\/2025\/08\/Arda-Kyrdali-Rakow-5-1024x682.jpg\" alt=\"\" class=\"wp-image-140846 lazyload\" data-srcset=\"https:\/\/gazetaregionalna.com\/wp-content\/uploads\/2025\/08\/Arda-Kyrdali-Rakow-5-1024x682.jpg 1024w, https:\/\/gazetaregionalna.com\/wp-content\/uploads\/2025\/08\/Arda-Kyrdali-Rakow-5-300x200.jpg 300w, https:\/\/gazetaregionalna.com\/wp-content\/uploads\/2025\/08\/Arda-Kyrdali-Rakow-5-768x511.jpg 768w, https:\/\/gazetaregionalna.com\/wp-content\/uploads\/2025\/08\/Arda-Kyrdali-Rakow-5.jpg 1200w\" data-sizes=\"(max-width: 1024px) 100vw, 1024px\" src=\"data:image\/svg+xml;base64,PHN2ZyB3aWR0aD0iMSIgaGVpZ2h0PSIxIiB4bWxucz0iaHR0cDovL3d3dy53My5vcmcvMjAwMC9zdmciPjwvc3ZnPg==\" style=\"--smush-placeholder-width: 1024px; --smush-placeholder-aspect-ratio: 1024\/682;\" \/><\/figure>\n\n\n\n<figure class=\"wp-block-image size-large\"><img decoding=\"async\" width=\"1024\" height=\"1024\" data-src=\"https:\/\/gazetaregionalna.com\/wp-content\/uploads\/2025\/06\/dmk_28_06-1024x1024.jpg\" alt=\"\" class=\"wp-image-138817 lazyload\" data-srcset=\"https:\/\/gazetaregionalna.com\/wp-content\/uploads\/2025\/06\/dmk_28_06-1024x1024.jpg 1024w, https:\/\/gazetaregionalna.com\/wp-content\/uploads\/2025\/06\/dmk_28_06-300x300.jpg 300w, https:\/\/gazetaregionalna.com\/wp-content\/uploads\/2025\/06\/dmk_28_06-150x150.jpg 150w, https:\/\/gazetaregionalna.com\/wp-content\/uploads\/2025\/06\/dmk_28_06-768x768.jpg 768w, https:\/\/gazetaregionalna.com\/wp-content\/uploads\/2025\/06\/dmk_28_06-215x215.jpg 215w, https:\/\/gazetaregionalna.com\/wp-content\/uploads\/2025\/06\/dmk_28_06.jpg 1080w\" data-sizes=\"(max-width: 1024px) 100vw, 1024px\" src=\"data:image\/svg+xml;base64,PHN2ZyB3aWR0aD0iMSIgaGVpZ2h0PSIxIiB4bWxucz0iaHR0cDovL3d3dy53My5vcmcvMjAwMC9zdmciPjwvc3ZnPg==\" style=\"--smush-placeholder-width: 1024px; --smush-placeholder-aspect-ratio: 1024\/1024;\" \/><\/figure>\n\n\n\n<figure class=\"wp-block-image size-large\"><img decoding=\"async\" width=\"1024\" height=\"683\" data-src=\"https:\/\/gazetaregionalna.com\/wp-content\/uploads\/2025\/08\/Arda-Kyrdali-Rakow-1-1024x683.jpg\" alt=\"\" class=\"wp-image-140844 lazyload\" data-srcset=\"https:\/\/gazetaregionalna.com\/wp-content\/uploads\/2025\/08\/Arda-Kyrdali-Rakow-1-1024x683.jpg 1024w, https:\/\/gazetaregionalna.com\/wp-content\/uploads\/2025\/08\/Arda-Kyrdali-Rakow-1-300x200.jpg 300w, https:\/\/gazetaregionalna.com\/wp-content\/uploads\/2025\/08\/Arda-Kyrdali-Rakow-1-768x512.jpg 768w, https:\/\/gazetaregionalna.com\/wp-content\/uploads\/2025\/08\/Arda-Kyrdali-Rakow-1.jpg 1200w\" data-sizes=\"(max-width: 1024px) 100vw, 1024px\" src=\"data:image\/svg+xml;base64,PHN2ZyB3aWR0aD0iMSIgaGVpZ2h0PSIxIiB4bWxucz0iaHR0cDovL3d3dy53My5vcmcvMjAwMC9zdmciPjwvc3ZnPg==\" style=\"--smush-placeholder-width: 1024px; --smush-placeholder-aspect-ratio: 1024\/683;\" \/><\/figure>\n\n\n\n<figure class=\"wp-block-image size-large\"><img decoding=\"async\" width=\"1024\" height=\"1024\" data-src=\"https:\/\/gazetaregionalna.com\/wp-content\/uploads\/2025\/08\/Orlikowscy-1-1024x1024.jpg\" alt=\"\" class=\"wp-image-140849 lazyload\" data-srcset=\"https:\/\/gazetaregionalna.com\/wp-content\/uploads\/2025\/08\/Orlikowscy-1-1024x1024.jpg 1024w, https:\/\/gazetaregionalna.com\/wp-content\/uploads\/2025\/08\/Orlikowscy-1-300x300.jpg 300w, https:\/\/gazetaregionalna.com\/wp-content\/uploads\/2025\/08\/Orlikowscy-1-150x150.jpg 150w, https:\/\/gazetaregionalna.com\/wp-content\/uploads\/2025\/08\/Orlikowscy-1-768x768.jpg 768w, https:\/\/gazetaregionalna.com\/wp-content\/uploads\/2025\/08\/Orlikowscy-1-215x215.jpg 215w, https:\/\/gazetaregionalna.com\/wp-content\/uploads\/2025\/08\/Orlikowscy-1.jpg 1080w\" data-sizes=\"(max-width: 1024px) 100vw, 1024px\" src=\"data:image\/svg+xml;base64,PHN2ZyB3aWR0aD0iMSIgaGVpZ2h0PSIxIiB4bWxucz0iaHR0cDovL3d3dy53My5vcmcvMjAwMC9zdmciPjwvc3ZnPg==\" style=\"--smush-placeholder-width: 1024px; --smush-placeholder-aspect-ratio: 1024\/1024;\" \/><\/figure>\n\n\n\n<figure class=\"wp-block-image size-large\"><img decoding=\"async\" width=\"1024\" height=\"686\" data-src=\"https:\/\/gazetaregionalna.com\/wp-content\/uploads\/2025\/08\/Arda-Kyrdali-Rakow-4-1024x686.jpg\" alt=\"\" class=\"wp-image-140845 lazyload\" data-srcset=\"https:\/\/gazetaregionalna.com\/wp-content\/uploads\/2025\/08\/Arda-Kyrdali-Rakow-4-1024x686.jpg 1024w, https:\/\/gazetaregionalna.com\/wp-content\/uploads\/2025\/08\/Arda-Kyrdali-Rakow-4-300x201.jpg 300w, https:\/\/gazetaregionalna.com\/wp-content\/uploads\/2025\/08\/Arda-Kyrdali-Rakow-4-768x515.jpg 768w, https:\/\/gazetaregionalna.com\/wp-content\/uploads\/2025\/08\/Arda-Kyrdali-Rakow-4.jpg 1200w\" data-sizes=\"(max-width: 1024px) 100vw, 1024px\" src=\"data:image\/svg+xml;base64,PHN2ZyB3aWR0aD0iMSIgaGVpZ2h0PSIxIiB4bWxucz0iaHR0cDovL3d3dy53My5vcmcvMjAwMC9zdmciPjwvc3ZnPg==\" style=\"--smush-placeholder-width: 1024px; --smush-placeholder-aspect-ratio: 1024\/686;\" \/><\/figure>\n","protected":false},"excerpt":{"rendered":"<p>Pi\u0142karze Rakowa Cz\u0119stochowa pomy\u015blnie przeszli eliminacje do Ligi Konferencji UEFA. W czwartek wieczorem wygrali w bu\u0142garskiej Kyrd\u017cali z Ard\u0105 2:1 i awansowali do fazy<\/p>\n","protected":false},"author":15,"featured_media":140843,"comment_status":"closed","ping_status":"open","sticky":false,"template":"","format":"standard","meta":{"_monsterinsights_skip_tracking":false,"_monsterinsights_sitenote_active":false,"_monsterinsights_sitenote_note":"","_monsterinsights_sitenote_category":0,"_uf_show_specific_survey":0,"_uf_disable_surveys":false,"footnotes":""},"categories":[94,6,5],"tags":[],"class_list":["post-140842","post","type-post","status-publish","format-standard","has-post-thumbnail","hentry","category-polecane","category-pilka-nozna","category-sport"],"_links":{"self":[{"href":"https:\/\/gazetaregionalna.com\/index.php?rest_route=\/wp\/v2\/posts\/140842","targetHints":{"allow":["GET"]}}],"collection":[{"href":"https:\/\/gazetaregionalna.com\/index.php?rest_route=\/wp\/v2\/posts"}],"about":[{"href":"https:\/\/gazetaregionalna.com\/index.php?rest_route=\/wp\/v2\/types\/post"}],"author":[{"embeddable":true,"href":"https:\/\/gazetaregionalna.com\/index.php?rest_route=\/wp\/v2\/users\/15"}],"replies":[{"embeddable":true,"href":"https:\/\/gazetaregionalna.com\/index.php?rest_route=%2Fwp%2Fv2%2Fcomments&post=140842"}],"version-history":[{"count":1,"href":"https:\/\/gazetaregionalna.com\/index.php?rest_route=\/wp\/v2\/posts\/140842\/revisions"}],"predecessor-version":[{"id":140851,"href":"https:\/\/gazetaregionalna.com\/index.php?rest_route=\/wp\/v2\/posts\/140842\/revisions\/140851"}],"wp:featuredmedia":[{"embeddable":true,"href":"https:\/\/gazetaregionalna.com\/index.php?rest_route=\/wp\/v2\/media\/140843"}],"wp:attachment":[{"href":"https:\/\/gazetaregionalna.com\/index.php?rest_route=%2Fwp%2Fv2%2Fmedia&parent=140842"}],"wp:term":[{"taxonomy":"category","embeddable":true,"href":"https:\/\/gazetaregionalna.com\/index.php?rest_route=%2Fwp%2Fv2%2Fcategories&post=140842"},{"taxonomy":"post_tag","embeddable":true,"href":"https:\/\/gazetaregionalna.com\/index.php?rest_route=%2Fwp%2Fv2%2Ftags&post=140842"}],"curies":[{"name":"wp","href":"https:\/\/api.w.org\/{rel}","templated":true}]}}