{"id":140837,"date":"2025-08-28T18:39:18","date_gmt":"2025-08-28T18:39:18","guid":{"rendered":"https:\/\/gazetaregionalna.com\/?p=140837"},"modified":"2025-08-28T18:39:19","modified_gmt":"2025-08-28T18:39:19","slug":"spotkanie-podroznicze-z-kuba-bociaga","status":"publish","type":"post","link":"https:\/\/gazetaregionalna.com\/?p=140837","title":{"rendered":"Spotkanie podr\u00f3\u017cnicze z Kub\u0105 Boci\u0105g\u0105. O Alasce i Syberii opowie w cz\u0119stochowskim Ratuszu"},"content":{"rendered":"\n<h2 class=\"wp-block-heading\">To wydarzenie towarzysz\u0105ce wystawie &#8222;Tropem renifera. Opowie\u015b\u0107 o kulturach P\u00f3\u0142nocy&#8221;. Spotkanie z Kub\u0105 Boci\u0105g\u0105 odb\u0119dzie si\u0119 w pi\u0105tek, 29 sierpnia w Ratuszu.<\/h2>\n\n\n\n<p>Kuby Boci\u0105gi nie trzeba Czytelnikom &#8222;Gazety Regionalnej&#8221; szczeg\u00f3lnie przedstawia\u0107. Od kilkunastu lat jest wokalist\u0105 popularnego zespo\u0142u AmperA (w minion\u0105 sobot\u0119 koncertowali na Festiwalu Kultury Alternatywnej eFKA). Pasj\u0119 muzyczn\u0105 \u0142\u0105czy z t\u0105 podr\u00f3\u017cnicz\u0105. Jego wizyt\u00f3wk\u0105 jest projekt <a href=\"https:\/\/www.facebook.com\/travelboyy\" target=\"_blank\" rel=\"noopener\">&#8222;100 kraj\u00f3w przed czterdziestk\u0105&#8221;.<\/a> Na blisko 200 kraj\u00f3w odwiedzi\u0142 ju\u017c jednak ponad setk\u0119. Przygody swoje odpisa\u0142  dw\u00f3ch tomach ksi\u0105\u017cki, a nasza redakcja by\u0142a jednym z patron\u00f3w medialnych tych wydawnictw. Fragmenty ksi\u0105\u017cek wielokrotnie <a href=\"https:\/\/gazetaregionalna.com\/kuba-bociaga-i-107-krajow-na-liczniku\/\">publikowali\u015bmy<\/a> na \u0142amach Magazynu &#8222;Czas na Cz\u0119stochow\u0119&#8221;.<\/p>\n\n\n\n<figure class=\"wp-block-image size-large\"><img decoding=\"async\" width=\"1024\" height=\"772\" data-src=\"https:\/\/gazetaregionalna.com\/wp-content\/uploads\/2023\/12\/408838554_1390781511717513_2463460492055755982_n-1024x772.jpg\" alt=\"\" class=\"wp-image-119487 lazyload\" data-srcset=\"https:\/\/gazetaregionalna.com\/wp-content\/uploads\/2023\/12\/408838554_1390781511717513_2463460492055755982_n-1024x772.jpg 1024w, https:\/\/gazetaregionalna.com\/wp-content\/uploads\/2023\/12\/408838554_1390781511717513_2463460492055755982_n-300x226.jpg 300w, https:\/\/gazetaregionalna.com\/wp-content\/uploads\/2023\/12\/408838554_1390781511717513_2463460492055755982_n-768x579.jpg 768w, https:\/\/gazetaregionalna.com\/wp-content\/uploads\/2023\/12\/408838554_1390781511717513_2463460492055755982_n-1536x1158.jpg 1536w, https:\/\/gazetaregionalna.com\/wp-content\/uploads\/2023\/12\/408838554_1390781511717513_2463460492055755982_n-696x525.jpg 696w, https:\/\/gazetaregionalna.com\/wp-content\/uploads\/2023\/12\/408838554_1390781511717513_2463460492055755982_n-1068x805.jpg 1068w, https:\/\/gazetaregionalna.com\/wp-content\/uploads\/2023\/12\/408838554_1390781511717513_2463460492055755982_n-1920x1448.jpg 1920w, https:\/\/gazetaregionalna.com\/wp-content\/uploads\/2023\/12\/408838554_1390781511717513_2463460492055755982_n-557x420.jpg 557w, https:\/\/gazetaregionalna.com\/wp-content\/uploads\/2023\/12\/408838554_1390781511717513_2463460492055755982_n-80x60.jpg 80w, https:\/\/gazetaregionalna.com\/wp-content\/uploads\/2023\/12\/408838554_1390781511717513_2463460492055755982_n-scaled.jpg 1600w\" data-sizes=\"(max-width: 1024px) 100vw, 1024px\" src=\"data:image\/svg+xml;base64,PHN2ZyB3aWR0aD0iMSIgaGVpZ2h0PSIxIiB4bWxucz0iaHR0cDovL3d3dy53My5vcmcvMjAwMC9zdmciPjwvc3ZnPg==\" style=\"--smush-placeholder-width: 1024px; --smush-placeholder-aspect-ratio: 1024\/772;\" \/><figcaption class=\"wp-element-caption\">Premiera drugiego tomu ksi\u0105\u017cki Kuby Boci\u0105gi (fot. A. Kucharski)<\/figcaption><\/figure>\n\n\n\n<p>Podczas spotkania w Ratuszu podr\u00f3\u017cnik opowie o wyprawach na Syberi\u0119 (to by\u0142a jego pierwsza daleka podr\u00f3\u017c) i Alask\u0119 (sp\u0119dzi\u0142 tam cztery miesi\u0105ce). Wydarzenie towarzyszy jednej z najnowszych wystaw Muzeum Cz\u0119stochowskiego &#8211; &#8222;Tropem renifera. Opowie\u015b\u0107 o kulturach P\u00f3\u0142nocy. Wystawa ze zbior\u00f3w Muzeum Etnograficznego w Krakowie&#8221;. <\/p>\n\n\n\n<figure class=\"wp-block-image size-large\"><img decoding=\"async\" width=\"768\" height=\"1024\" data-src=\"https:\/\/gazetaregionalna.com\/wp-content\/uploads\/2024\/12\/IMG_3934-768x1024.jpeg\" alt=\"\" class=\"wp-image-131955 lazyload\" data-srcset=\"https:\/\/gazetaregionalna.com\/wp-content\/uploads\/2024\/12\/IMG_3934-768x1024.jpeg 768w, https:\/\/gazetaregionalna.com\/wp-content\/uploads\/2024\/12\/IMG_3934-225x300.jpeg 225w, https:\/\/gazetaregionalna.com\/wp-content\/uploads\/2024\/12\/IMG_3934-1152x1536.jpeg 1152w, https:\/\/gazetaregionalna.com\/wp-content\/uploads\/2024\/12\/IMG_3934.jpeg 1200w\" data-sizes=\"(max-width: 768px) 100vw, 768px\" src=\"data:image\/svg+xml;base64,PHN2ZyB3aWR0aD0iMSIgaGVpZ2h0PSIxIiB4bWxucz0iaHR0cDovL3d3dy53My5vcmcvMjAwMC9zdmciPjwvc3ZnPg==\" style=\"--smush-placeholder-width: 768px; --smush-placeholder-aspect-ratio: 768\/1024;\" \/><figcaption class=\"wp-element-caption\">archiwum Kuby Boci\u0105gi<\/figcaption><\/figure>\n\n\n\n<p>Ekspozycja przenosi zwiedzaj\u0105cych w \u015bwiat tundry p\u00f3\u0142nocnych kra\u0144c\u00f3w Europy, Azji i Ameryki. Unikatowe obiekty oddaj\u0105 g\u0142os Saamom, Nie\u0144com, Ewenom, Czukczom i Aleutom. Motywem przewodnim s\u0105 renifer i zwierz\u0119ta morskie \u2013 foki, morsy, wieloryby. Dzi\u0119ki nim ukazane jest sze\u015b\u0107 grup etnicznych. Na poz\u00f3r dzieli je wszystko: geograficzny dystans, j\u0119zyk, kultura. W istocie zbli\u017ca styl \u017cycia.<\/p>\n\n\n\n<p>Wydarzenie zaplanowano na pi\u0105tek, 29 sierpnia na godz. 17.00. Udzia\u0142 w nim kosztuj tylko z\u0142ot\u00f3wk\u0119.<\/p>\n\n\n\n<p><strong>red.<\/strong><\/p>\n","protected":false},"excerpt":{"rendered":"<p>To wydarzenie towarzysz\u0105ce wystawie &#8222;Tropem renifera. Opowie\u015b\u0107 o kulturach P\u00f3\u0142nocy&#8221;. Spotkanie z Kub\u0105 Boci\u0105g\u0105 odb\u0119dzie si\u0119 w pi\u0105tek, 29 sierpnia w Ratuszu. Kuby Boci\u0105gi<\/p>\n","protected":false},"author":11,"featured_media":119490,"comment_status":"closed","ping_status":"open","sticky":false,"template":"","format":"standard","meta":{"_monsterinsights_skip_tracking":false,"_monsterinsights_sitenote_active":false,"_monsterinsights_sitenote_note":"","_monsterinsights_sitenote_category":0,"_uf_show_specific_survey":0,"_uf_disable_surveys":false,"footnotes":""},"categories":[12,3,31,2],"tags":[144,969,136,432,713,187],"class_list":["post-140837","post","type-post","status-publish","format-standard","has-post-thumbnail","hentry","category-kultura-i-rozrywka","category-czestochowa-informacje","category-podroze","category-wiadomosci","tag-czestochowa","tag-kuba-bociaga","tag-muzeum-czestochowskie","tag-podroze","tag-spotkanie","tag-wystawa"],"_links":{"self":[{"href":"https:\/\/gazetaregionalna.com\/index.php?rest_route=\/wp\/v2\/posts\/140837","targetHints":{"allow":["GET"]}}],"collection":[{"href":"https:\/\/gazetaregionalna.com\/index.php?rest_route=\/wp\/v2\/posts"}],"about":[{"href":"https:\/\/gazetaregionalna.com\/index.php?rest_route=\/wp\/v2\/types\/post"}],"author":[{"embeddable":true,"href":"https:\/\/gazetaregionalna.com\/index.php?rest_route=\/wp\/v2\/users\/11"}],"replies":[{"embeddable":true,"href":"https:\/\/gazetaregionalna.com\/index.php?rest_route=%2Fwp%2Fv2%2Fcomments&post=140837"}],"version-history":[{"count":3,"href":"https:\/\/gazetaregionalna.com\/index.php?rest_route=\/wp\/v2\/posts\/140837\/revisions"}],"predecessor-version":[{"id":140840,"href":"https:\/\/gazetaregionalna.com\/index.php?rest_route=\/wp\/v2\/posts\/140837\/revisions\/140840"}],"wp:featuredmedia":[{"embeddable":true,"href":"https:\/\/gazetaregionalna.com\/index.php?rest_route=\/wp\/v2\/media\/119490"}],"wp:attachment":[{"href":"https:\/\/gazetaregionalna.com\/index.php?rest_route=%2Fwp%2Fv2%2Fmedia&parent=140837"}],"wp:term":[{"taxonomy":"category","embeddable":true,"href":"https:\/\/gazetaregionalna.com\/index.php?rest_route=%2Fwp%2Fv2%2Fcategories&post=140837"},{"taxonomy":"post_tag","embeddable":true,"href":"https:\/\/gazetaregionalna.com\/index.php?rest_route=%2Fwp%2Fv2%2Ftags&post=140837"}],"curies":[{"name":"wp","href":"https:\/\/api.w.org\/{rel}","templated":true}]}}