{"id":140831,"date":"2025-08-28T08:09:35","date_gmt":"2025-08-28T08:09:35","guid":{"rendered":"https:\/\/gazetaregionalna.com\/?p=140831"},"modified":"2025-08-28T08:09:36","modified_gmt":"2025-08-28T08:09:36","slug":"straz","status":"publish","type":"post","link":"https:\/\/gazetaregionalna.com\/?p=140831","title":{"rendered":"Ekologiczne ABC. Efekty programu \u201eBezpieczny stra\u017cak\u201d wida\u0107 tak\u017ce w OSP Mst\u00f3w"},"content":{"rendered":"\n<h4 class=\"wp-block-heading has-text-color has-link-color wp-elements-f3de3e4c88df789045df870cde48c547\" style=\"color:#004313\"><strong>Na co dzie\u0144 ratuj\u0105 \u017cycie i mienie, ruszaj\u0105 te\u017c do dzia\u0142ania, gdy p\u0142on\u0105 lasy, trawy i nieu\u017cytki. Stra\u017cacy-ochotnicy z jednostki OSP Mst\u00f3w. W tej pracy nie wystarczy odwaga i pasja, niezb\u0119dny jest r\u00f3wnie\u017c specjalistyczny sprz\u0119t. Ten uda\u0142o si\u0119 ostatnio druhom zakupi\u0107 m.in. dzi\u0119ki programowi \u201eBezpieczny stra\u017cak\u201d, dofinansowanemu przez WFO\u015aiGW w Katowicach.<\/strong><\/h4>\n\n\n\n<p class=\"has-text-color has-link-color wp-elements-83cfa4093254b042bfc928ced8909832\" style=\"color:#004313\">Program \u201eBezpieczny Stra\u017cak\u201d to realne wsparcie dla stra\u017cak\u00f3w ochotnik\u00f3w, kt\u00f3rzy ka\u017cdego dnia stoj\u0105 na stra\u017cy naszego bezpiecze\u0144stwa \u2013 nie tylko podczas po\u017car\u00f3w, ale r\u00f3wnie\u017c w sytuacjach zagro\u017ce\u0144 \u015brodowiskowych i kl\u0119sk \u017cywio\u0142owych. Zakupiony \u2013 dzi\u0119ki wsparciu Wojew\u00f3dzkiego Funduszu Ochrony \u015arodowiska i Gospodarki Wodnej w Katowicach sprz\u0119t pomo\u017ce jeszcze skuteczniej nie\u015b\u0107 pomoc i chroni\u0107 ludzi oraz przyrod\u0119.<\/p>\n\n\n\n<p class=\"has-text-color has-link-color wp-elements-1cab1f7ec3930e8bb852a51d2df091aa\" style=\"color:#004313\">I w\u0142a\u015bnie taka pomoc, a konkretnie 30 tys. z\u0142 dofinansowania, trafi\u0142o do OSP Mst\u00f3w. \u2013 Warto\u015b\u0107 ca\u0142ej inwestycji wynios\u0142a 36 tys. z\u0142. Dzi\u0119ki temu uda\u0142o si\u0119 zakupi\u0107 agregat pr\u0105dotw\u00f3rczy oraz maszt o\u015bwietleniowy \u2013 zaznacza Marcin Czapski, naczelnik jednostki, podkre\u015blaj\u0105c, \u017ce niezb\u0119dn\u0105 pomoc staraj\u0105 si\u0119 pozyskiwa\u0107 z rozmaitych \u017ar\u00f3de\u0142, zar\u00f3wno od sponsor\u00f3w, jak i pa\u0144stwowych instytucji.<\/p>\n\n\n\n<p class=\"has-text-color has-link-color wp-elements-8ec3abc6bcc948642dfe45b07dd5219f\" style=\"color:#004313\">Tak\u0105 w\u0142a\u015bnie dotacj\u0119 (po raz kolejny) ochotnicy otrzymali r\u00f3wnie\u017c z Nadle\u015bnictwa Z\u0142oty Potok. \u2013 Te pieni\u0105dze przeznaczone zostan\u0105 na zakup sprz\u0119tu utraconego w trakcie gaszenia po\u017caru lasu. To sprz\u0119t wykorzystywany nie tylko podczas po\u017car\u00f3w las\u00f3w i nieu\u017cytk\u00f3w, ale te\u017c podczas innych akcji \u2013 wyja\u015bnia Marcin Czapski.<\/p>\n\n\n\n<p class=\"has-text-color has-link-color wp-elements-fa1b0f80449bea6fe137e0ab129e7770\" style=\"color:#004313\">Gdy zn\u00f3w zabrzmi alarm, mstowscy stra\u017cacy rusz\u0105 na pomoc. Bezpieczni i odpowiednio wyposa\u017ceni. To jak wygl\u0105da ich codzienno\u015b\u0107, jak przebiega akcja ga\u015bnicza, doskonale oddaje poni\u017cszy materia\u0142 filmowy przygotowany przez nasz\u0105 redakcj\u0119. Pokazuje on r\u00f3wnie\u017c to, jak sprz\u0119t zakupiony dzi\u0119ki dotacjom, wykorzystywany jest w praktyce. <\/p>\n\n\n\n<figure class=\"wp-block-video\"><video height=\"1080\" style=\"aspect-ratio: 1920 \/ 1080;\" width=\"1920\" autoplay controls loop src=\"https:\/\/gazetaregionalna.com\/wp-content\/uploads\/2025\/08\/OSP_Mstow_Bezpieczny_Strazak.mp4\"><\/video><\/figure>\n\n\n\n<p>red.<\/p>\n\n\n\n<figure class=\"wp-block-image size-full\"><img decoding=\"async\" width=\"767\" height=\"99\" data-src=\"https:\/\/gazetaregionalna.com\/wp-content\/uploads\/2025\/07\/WFOSiGW-Material.png\" alt=\"\" class=\"wp-image-139648 lazyload\" data-srcset=\"https:\/\/gazetaregionalna.com\/wp-content\/uploads\/2025\/07\/WFOSiGW-Material.png 767w, https:\/\/gazetaregionalna.com\/wp-content\/uploads\/2025\/07\/WFOSiGW-Material-300x39.png 300w\" data-sizes=\"(max-width: 767px) 100vw, 767px\" src=\"data:image\/svg+xml;base64,PHN2ZyB3aWR0aD0iMSIgaGVpZ2h0PSIxIiB4bWxucz0iaHR0cDovL3d3dy53My5vcmcvMjAwMC9zdmciPjwvc3ZnPg==\" style=\"--smush-placeholder-width: 767px; --smush-placeholder-aspect-ratio: 767\/99;\" \/><\/figure>\n\n\n\n<p>Za tre\u015bci zawarte w materiale dofinansowanym ze \u015brodk\u00f3w <a href=\"https:\/\/wfosigw.katowice.pl\/\" target=\"_blank\" rel=\"noreferrer noopener\">WFO\u015aiGW<\/a> w Katowicach odpowiedzialno\u015b\u0107 ponosi redakcja.<\/p>\n\n\n\n<p>Czytaj tak\u017ce: <a href=\"https:\/\/gazetaregionalna.com\/zielona-przestrzen\/\">WFO\u015aiGW w Katowicach rozpocz\u0105\u0142 nab\u00f3r wniosk\u00f3w w ramach konkursu \u201eZielona Przestrze\u0144 2025\u201d<\/a><\/p>\n","protected":false},"excerpt":{"rendered":"<p>Na co dzie\u0144 ratuj\u0105 \u017cycie i mienie, ruszaj\u0105 te\u017c do dzia\u0142ania, gdy p\u0142on\u0105 lasy, trawy i nieu\u017cytki. Stra\u017cacy-ochotnicy z jednostki OSP Mst\u00f3w. W tej<\/p>\n","protected":false},"author":5,"featured_media":140836,"comment_status":"closed","ping_status":"open","sticky":false,"template":"","format":"standard","meta":{"_monsterinsights_skip_tracking":false,"_monsterinsights_sitenote_active":false,"_monsterinsights_sitenote_note":"","_monsterinsights_sitenote_category":0,"_uf_show_specific_survey":0,"_uf_disable_surveys":false,"footnotes":""},"categories":[29],"tags":[110,10043,1425,9499],"class_list":["post-140831","post","type-post","status-publish","format-standard","has-post-thumbnail","hentry","category-ekologia","tag-bezpieczenstwo","tag-bezpieczny-strazak","tag-osp-mstow","tag-wfosigw-w-katowicach"],"_links":{"self":[{"href":"https:\/\/gazetaregionalna.com\/index.php?rest_route=\/wp\/v2\/posts\/140831","targetHints":{"allow":["GET"]}}],"collection":[{"href":"https:\/\/gazetaregionalna.com\/index.php?rest_route=\/wp\/v2\/posts"}],"about":[{"href":"https:\/\/gazetaregionalna.com\/index.php?rest_route=\/wp\/v2\/types\/post"}],"author":[{"embeddable":true,"href":"https:\/\/gazetaregionalna.com\/index.php?rest_route=\/wp\/v2\/users\/5"}],"replies":[{"embeddable":true,"href":"https:\/\/gazetaregionalna.com\/index.php?rest_route=%2Fwp%2Fv2%2Fcomments&post=140831"}],"version-history":[{"count":2,"href":"https:\/\/gazetaregionalna.com\/index.php?rest_route=\/wp\/v2\/posts\/140831\/revisions"}],"predecessor-version":[{"id":140834,"href":"https:\/\/gazetaregionalna.com\/index.php?rest_route=\/wp\/v2\/posts\/140831\/revisions\/140834"}],"wp:featuredmedia":[{"embeddable":true,"href":"https:\/\/gazetaregionalna.com\/index.php?rest_route=\/wp\/v2\/media\/140836"}],"wp:attachment":[{"href":"https:\/\/gazetaregionalna.com\/index.php?rest_route=%2Fwp%2Fv2%2Fmedia&parent=140831"}],"wp:term":[{"taxonomy":"category","embeddable":true,"href":"https:\/\/gazetaregionalna.com\/index.php?rest_route=%2Fwp%2Fv2%2Fcategories&post=140831"},{"taxonomy":"post_tag","embeddable":true,"href":"https:\/\/gazetaregionalna.com\/index.php?rest_route=%2Fwp%2Fv2%2Ftags&post=140831"}],"curies":[{"name":"wp","href":"https:\/\/api.w.org\/{rel}","templated":true}]}}