{"id":140821,"date":"2025-08-28T05:19:30","date_gmt":"2025-08-28T05:19:30","guid":{"rendered":"https:\/\/gazetaregionalna.com\/?p=140821"},"modified":"2025-08-28T05:19:32","modified_gmt":"2025-08-28T05:19:32","slug":"przystanek-warta-10ty-piknik-nad-warta","status":"publish","type":"post","link":"https:\/\/gazetaregionalna.com\/?p=140821","title":{"rendered":"&#8222;Przystanek Warta&#8221; &#8211; 10ty piknik nad Wart\u0105"},"content":{"rendered":"\n<p>Stare Miasto zaprasza ca\u0142\u0105 Cz\u0119stochow\u0119 na piknik<\/p>\n\n\n\n<p>To b\u0119dzie ju\u017c 10. Piknik S\u0105siedzki \u201ePrzystanek Warta\u201d. Jak zawsze dot\u0105d, organizatorzy zapraszaj\u0105 ca\u0142e rodziny \u2013 ju\u017c 29 sierpnia, na ul. Targow\u0105 29, obok Galerii Jurajskiej. Pocz\u0105tek o godz. 15.45. Wst\u0119p wolny i wszystkie atrakcje za darmo, a jest ich mn\u00f3stwo.<\/p>\n\n\n\n<figure class=\"wp-block-image size-large\"><img decoding=\"async\" width=\"1024\" height=\"683\" data-src=\"https:\/\/gazetaregionalna.com\/wp-content\/uploads\/2025\/08\/Przystanek_Warta_03_fot_Materialy_Fundacji_Adullam-1024x683.jpg\" alt=\"\" class=\"wp-image-140822 lazyload\" data-srcset=\"https:\/\/gazetaregionalna.com\/wp-content\/uploads\/2025\/08\/Przystanek_Warta_03_fot_Materialy_Fundacji_Adullam-1024x683.jpg 1024w, https:\/\/gazetaregionalna.com\/wp-content\/uploads\/2025\/08\/Przystanek_Warta_03_fot_Materialy_Fundacji_Adullam-300x200.jpg 300w, https:\/\/gazetaregionalna.com\/wp-content\/uploads\/2025\/08\/Przystanek_Warta_03_fot_Materialy_Fundacji_Adullam-768x512.jpg 768w, https:\/\/gazetaregionalna.com\/wp-content\/uploads\/2025\/08\/Przystanek_Warta_03_fot_Materialy_Fundacji_Adullam.jpg 1200w\" data-sizes=\"(max-width: 1024px) 100vw, 1024px\" src=\"data:image\/svg+xml;base64,PHN2ZyB3aWR0aD0iMSIgaGVpZ2h0PSIxIiB4bWxucz0iaHR0cDovL3d3dy53My5vcmcvMjAwMC9zdmciPjwvc3ZnPg==\" style=\"--smush-placeholder-width: 1024px; --smush-placeholder-aspect-ratio: 1024\/683;\" \/><\/figure>\n\n\n\n<p>Program pikniku s\u0105siedzkiego \u201ePrzystanek Warta\u201d<\/p>\n\n\n\n<p>29 sierpnia 2025 r.<\/p>\n\n\n\n<p>Teren zielony przy Zespole Szk\u00f3\u0142 Mechaniczno-Elektrycznych im. Kazimierza Pu\u0142askiego<\/p>\n\n\n\n<p>ul. Targowa 29 w Cz\u0119stochowie. Wst\u0119p wolny, wszystkie piknikowe atrakcje s\u0105 bezp\u0142atne.<\/p>\n\n\n\n<p>Scena<\/p>\n\n\n\n<p><strong>15.45-16.00<\/strong> \u2013 Recital pianistyczny Ludmi\u0142y Kosteretskiej<\/p>\n\n\n\n<p><strong>16.00-16.05<\/strong> \u2013 Powitanie i przem\u00f3wienia go\u015bci<\/p>\n\n\n\n<p><strong>16.<\/strong><strong>05<\/strong><strong>-16.<\/strong><strong>2<\/strong><strong>0<\/strong> \u2013 Prezentacja stoisk<\/p>\n\n\n\n<p><strong>16.<\/strong><strong>2<\/strong><strong>0<\/strong><strong>-1<\/strong><strong>7.00<\/strong> &#8211; Wyst\u0119p artystyczny dzieci ze \u015awietlicy \u201e\u017bycie poza szko\u0142\u0105\u201d oraz senior\u00f3w z Dziennego Domu Pomocy \u201ePomocna d\u0142o\u0144\u201d (w programie piosenki oraz popisy taneczne i akrobatyczne dzieci)<\/p>\n\n\n\n<p><strong>1<\/strong><strong>7.0<\/strong><strong>0<\/strong><strong>-18.00<\/strong> \u2013 Koncert Anny J\u0119drzejczyk (w programie muzyka szlagierowa)<\/p>\n\n\n\n<p><strong>18.00-18.05<\/strong> \u2013 Wyjazd urodzinowej Masy Krytycznej (21. urodziny Cz\u0119stochowskiej Masy Krytycznej)<\/p>\n\n\n\n<p><strong>18.05-<\/strong><strong>19.00<\/strong> \u2013 wyst\u0119p Studia Piosenki \u201eMetro\u201d (w programie utwory musicalowe)<\/p>\n\n\n\n<p>19.00 \u2013 Zako\u0144czenie pikniku<\/p>\n\n\n\n<figure class=\"wp-block-image size-large\"><img decoding=\"async\" width=\"1024\" height=\"576\" data-src=\"https:\/\/gazetaregionalna.com\/wp-content\/uploads\/2025\/08\/535026695_1179954044159040_3108372179433839562_n-1024x576.jpg\" alt=\"\" class=\"wp-image-140828 lazyload\" data-srcset=\"https:\/\/gazetaregionalna.com\/wp-content\/uploads\/2025\/08\/535026695_1179954044159040_3108372179433839562_n-1024x576.jpg 1024w, https:\/\/gazetaregionalna.com\/wp-content\/uploads\/2025\/08\/535026695_1179954044159040_3108372179433839562_n-300x169.jpg 300w, https:\/\/gazetaregionalna.com\/wp-content\/uploads\/2025\/08\/535026695_1179954044159040_3108372179433839562_n-768x432.jpg 768w, https:\/\/gazetaregionalna.com\/wp-content\/uploads\/2025\/08\/535026695_1179954044159040_3108372179433839562_n.jpg 1200w\" data-sizes=\"(max-width: 1024px) 100vw, 1024px\" src=\"data:image\/svg+xml;base64,PHN2ZyB3aWR0aD0iMSIgaGVpZ2h0PSIxIiB4bWxucz0iaHR0cDovL3d3dy53My5vcmcvMjAwMC9zdmciPjwvc3ZnPg==\" style=\"--smush-placeholder-width: 1024px; --smush-placeholder-aspect-ratio: 1024\/576;\" \/><\/figure>\n\n\n\n<p>Muzyczn\u0105 gwiazd\u0105 imprezy jest Anna J\u0119drzejczyk. Przyjedzie do Cz\u0119stochowy z Pomorza. Wyst\u0119puje w ca\u0142ej Polsce, a szczeg\u00f3lnie popularna jest na \u015al\u0105sku &#8211; od kiedy za\u015bpiewa\u0142a w duecie z Jackiem Silskim z Bytomia, nazywanym polskim Julio Iglesiasem.<\/p>\n\n\n\n<p>Wok\u00f3\u0142 sceny stan\u0105 namioty, w kt\u00f3rych prezentowa\u0107 si\u0119 b\u0119dzie ponad 20 firm, instytucji i organizacji ze Starego Miasta. Prawie ka\u017cda z nich szykuje jakie\u015b atrakcje dla najm\u0142odszych &#8211; malowanie buzi, tatua\u017ce i zaplatanie warkoczyk\u00f3w, rysowanie d\u0142ugopisami 3D, robienie bi\u017cuterii, majsterkowanie i modelowanie balon\u00f3w, zabawy i konkursy j\u0119zykowe, puszczanie ogromnych baniek mydlanych. W przeno\u015bnym studiu telewizyjnym ka\u017cdy odwa\u017cny stanie przed kamer\u0105, by zabawi\u0107 si\u0119 w prezentera (nagranie dostanie na pami\u0105tk\u0119). \u017bywe maskotki klub\u00f3w sportowych, Lew W\u0142\u00f3kniarza i Rycerzyk Medalik Rakowa maj\u0105 pozowa\u0107 do zdj\u0119\u0107. \u017bu\u017clowcy zaprezentuj\u0105 sportowy motocykl z czujnikiem refleksu, a KS Victoria ustawi magiczn\u0105 bramk\u0119, do kt\u00f3rej b\u0119dzie mo\u017cna strzela\u0107 gole. Cz\u0119stochowski WORD przywiezie symulator dachowania. Cz\u0119stochowska Masa Krytyczna \u2013 riksz\u0119 (b\u0119dzie kurs nauki jazdy tym urz\u0105dzeniem), a ponadto b\u0119dzie dawa\u0142a lekcje wymiany d\u0119tek rowerowych. Specjalny ul umo\u017cliwi bezpieczne poogl\u0105danie \u017cycia prawdziwych pszcz\u00f3\u0142. Oczywi\u015bcie nie zapomniano o obowi\u0105zkowych punktach programu: konkurs z nagrodami, dmuchaniec, lody, wata cukrowa i popcorn \u2013 do oporu i za darmo.<\/p>\n\n\n\n<figure class=\"wp-block-image size-large\"><img decoding=\"async\" width=\"683\" height=\"1024\" data-src=\"https:\/\/gazetaregionalna.com\/wp-content\/uploads\/2025\/08\/Przystanek_Warta_04_fot_Materialy_Fundacji_Adullam-683x1024.jpg\" alt=\"\" class=\"wp-image-140823 lazyload\" data-srcset=\"https:\/\/gazetaregionalna.com\/wp-content\/uploads\/2025\/08\/Przystanek_Warta_04_fot_Materialy_Fundacji_Adullam-683x1024.jpg 683w, https:\/\/gazetaregionalna.com\/wp-content\/uploads\/2025\/08\/Przystanek_Warta_04_fot_Materialy_Fundacji_Adullam-200x300.jpg 200w, https:\/\/gazetaregionalna.com\/wp-content\/uploads\/2025\/08\/Przystanek_Warta_04_fot_Materialy_Fundacji_Adullam-768x1152.jpg 768w, https:\/\/gazetaregionalna.com\/wp-content\/uploads\/2025\/08\/Przystanek_Warta_04_fot_Materialy_Fundacji_Adullam-1024x1536.jpg 1024w, https:\/\/gazetaregionalna.com\/wp-content\/uploads\/2025\/08\/Przystanek_Warta_04_fot_Materialy_Fundacji_Adullam-scaled.jpg 1067w\" data-sizes=\"(max-width: 683px) 100vw, 683px\" src=\"data:image\/svg+xml;base64,PHN2ZyB3aWR0aD0iMSIgaGVpZ2h0PSIxIiB4bWxucz0iaHR0cDovL3d3dy53My5vcmcvMjAwMC9zdmciPjwvc3ZnPg==\" style=\"--smush-placeholder-width: 683px; --smush-placeholder-aspect-ratio: 683\/1024;\" \/><\/figure>\n\n\n\n<p>Organizatorami imprezy s\u0105 Partnerstwo na rzecz Aktywno\u015bci Lokalnej \u201eStare Miasto \u2013 Nowe \u017bycie\u201d i b\u0119d\u0105ca jego cz\u0142onkiem Fundacja Chrze\u015bcija\u0144ska \u201eAdullam\u201d. Od lat organizuj\u0105 piknik, by integrowa\u0107 mieszka\u0144c\u00f3w Starego Miasta wewn\u0119trznie \u2013 mi\u0119dzy sob\u0105 \u2013 i zewn\u0119trznie, z cz\u0119stochowianami, kt\u00f3rzy przyje\u017cd\u017caj\u0105 z innych dzielnic. Serdecznie zapraszaj\u0105 wszystkich 29 sierpnia na plac przy Zespole Szk\u00f3\u0142 Mechaniczno-Elektrycznych (ul. Targowa 29, obok Galerii Jurajskiej). Zabawa zaczyna si\u0119 od godz. 15.45.<\/p>\n\n\n\n<figure class=\"wp-block-image size-large\"><img decoding=\"async\" width=\"1024\" height=\"683\" data-src=\"https:\/\/gazetaregionalna.com\/wp-content\/uploads\/2025\/08\/Prystanek_Warta_01_fot_Materialy_Fundacji_Adullam-1024x683.jpg\" alt=\"\" class=\"wp-image-140824 lazyload\" data-srcset=\"https:\/\/gazetaregionalna.com\/wp-content\/uploads\/2025\/08\/Prystanek_Warta_01_fot_Materialy_Fundacji_Adullam-1024x683.jpg 1024w, https:\/\/gazetaregionalna.com\/wp-content\/uploads\/2025\/08\/Prystanek_Warta_01_fot_Materialy_Fundacji_Adullam-300x200.jpg 300w, https:\/\/gazetaregionalna.com\/wp-content\/uploads\/2025\/08\/Prystanek_Warta_01_fot_Materialy_Fundacji_Adullam-768x512.jpg 768w, https:\/\/gazetaregionalna.com\/wp-content\/uploads\/2025\/08\/Prystanek_Warta_01_fot_Materialy_Fundacji_Adullam.jpg 1200w\" data-sizes=\"(max-width: 1024px) 100vw, 1024px\" src=\"data:image\/svg+xml;base64,PHN2ZyB3aWR0aD0iMSIgaGVpZ2h0PSIxIiB4bWxucz0iaHR0cDovL3d3dy53My5vcmcvMjAwMC9zdmciPjwvc3ZnPg==\" style=\"--smush-placeholder-width: 1024px; --smush-placeholder-aspect-ratio: 1024\/683;\" \/><\/figure>\n\n\n\n<p>red. Joanna Skiba <\/p>\n\n\n\n<p>fot. fundacja Adullam<\/p>\n","protected":false},"excerpt":{"rendered":"<p>Stare Miasto zaprasza ca\u0142\u0105 Cz\u0119stochow\u0119 na piknik To b\u0119dzie ju\u017c 10. Piknik S\u0105siedzki \u201ePrzystanek Warta\u201d. Jak zawsze dot\u0105d, organizatorzy zapraszaj\u0105 ca\u0142e rodziny \u2013 ju\u017c<\/p>\n","protected":false},"author":2,"featured_media":140825,"comment_status":"closed","ping_status":"open","sticky":false,"template":"","format":"standard","meta":{"_monsterinsights_skip_tracking":false,"_monsterinsights_sitenote_active":false,"_monsterinsights_sitenote_note":"","_monsterinsights_sitenote_category":0,"_uf_show_specific_survey":0,"_uf_disable_surveys":false,"footnotes":""},"categories":[2,3],"tags":[9629,10042],"class_list":["post-140821","post","type-post","status-publish","format-standard","has-post-thumbnail","hentry","category-wiadomosci","category-czestochowa-informacje","tag-adullam","tag-przystanek-warta"],"_links":{"self":[{"href":"https:\/\/gazetaregionalna.com\/index.php?rest_route=\/wp\/v2\/posts\/140821","targetHints":{"allow":["GET"]}}],"collection":[{"href":"https:\/\/gazetaregionalna.com\/index.php?rest_route=\/wp\/v2\/posts"}],"about":[{"href":"https:\/\/gazetaregionalna.com\/index.php?rest_route=\/wp\/v2\/types\/post"}],"author":[{"embeddable":true,"href":"https:\/\/gazetaregionalna.com\/index.php?rest_route=\/wp\/v2\/users\/2"}],"replies":[{"embeddable":true,"href":"https:\/\/gazetaregionalna.com\/index.php?rest_route=%2Fwp%2Fv2%2Fcomments&post=140821"}],"version-history":[{"count":4,"href":"https:\/\/gazetaregionalna.com\/index.php?rest_route=\/wp\/v2\/posts\/140821\/revisions"}],"predecessor-version":[{"id":140830,"href":"https:\/\/gazetaregionalna.com\/index.php?rest_route=\/wp\/v2\/posts\/140821\/revisions\/140830"}],"wp:featuredmedia":[{"embeddable":true,"href":"https:\/\/gazetaregionalna.com\/index.php?rest_route=\/wp\/v2\/media\/140825"}],"wp:attachment":[{"href":"https:\/\/gazetaregionalna.com\/index.php?rest_route=%2Fwp%2Fv2%2Fmedia&parent=140821"}],"wp:term":[{"taxonomy":"category","embeddable":true,"href":"https:\/\/gazetaregionalna.com\/index.php?rest_route=%2Fwp%2Fv2%2Fcategories&post=140821"},{"taxonomy":"post_tag","embeddable":true,"href":"https:\/\/gazetaregionalna.com\/index.php?rest_route=%2Fwp%2Fv2%2Ftags&post=140821"}],"curies":[{"name":"wp","href":"https:\/\/api.w.org\/{rel}","templated":true}]}}