{"id":140817,"date":"2025-08-27T20:46:05","date_gmt":"2025-08-27T20:46:05","guid":{"rendered":"https:\/\/gazetaregionalna.com\/?p=140817"},"modified":"2025-08-27T20:46:06","modified_gmt":"2025-08-27T20:46:06","slug":"od-1-wrzesnia-mpk-zmiany","status":"publish","type":"post","link":"https:\/\/gazetaregionalna.com\/?p=140817","title":{"rendered":"Cz\u0119stochowa. Od 1 wrze\u015bnia na kilku liniach MPK nast\u0105pi\u0105 zmiany"},"content":{"rendered":"\n<h2 class=\"wp-block-heading\">Od poniedzia\u0142ku, 1 wrze\u015bnia zostan\u0105 wprowadzone modyfikacje na kilku liniach cz\u0119stochowskiej komunikacji miejskiej.<\/h2>\n\n\n\n<p>W przypadku linii nr 14, 17 i 19 autobusy powr\u00f3c\u0105 na swoje podstawowe trasy przez ulic\u0119 1 Maja, Rondo Mickiewicza oraz al. Wolno\u015bci. Tym samym objazd przez Osiedle Trzech Wieszcz\u00f3w przestanie obowi\u0105zywa\u0107.<\/p>\n\n\n\n<p>Z kolei przystanek <strong>RONDO MICKIEWICZA<\/strong> w kierunku Stradomia b\u0119dzie obs\u0142ugiwany w tymczasowej lokalizacji, na al. Wolno\u015bci, oko\u0142o 100 m przed rondem, wraz z nocn\u0105 lini\u0105 nr 80.<\/p>\n\n\n\n<p>Je\u015bli chodzi natomiast o przystanki linii nr 31, 33 i 37 zostan\u0105 wprowadzone korekty rozk\u0142ad\u00f3w jazdy, w szczeg\u00f3lno\u015bci dla kurs\u00f3w do Centrum Handlowego \u201eAuchan\u201d w Nowej Wsi. Na linii nr 33 zostanie przesuni\u0119ty jeden z porannych kurs\u00f3w, a na linii nr 37 nast\u0105pi modyfikacja rozk\u0142adu jazdy w godzinach wieczornych, celem u\u0142atwienia powrot\u00f3w z ul. Drogowc\u00f3w.<\/p>\n\n\n\n<p>Szczeg\u00f3\u0142y na:<a href=\"https:\/\/www.mpk.czest.pl\/\" target=\"_blank\" rel=\"noopener\"> www.mpk.czest.pl<\/a><\/p>\n\n\n\n<p><strong>red., mat. UM Cz\u0119stochowy<\/strong><\/p>\n","protected":false},"excerpt":{"rendered":"<p>Od poniedzia\u0142ku, 1 wrze\u015bnia zostan\u0105 wprowadzone modyfikacje na kilku liniach cz\u0119stochowskiej komunikacji miejskiej. W przypadku linii nr 14, 17 i 19 autobusy powr\u00f3c\u0105 na<\/p>\n","protected":false},"author":11,"featured_media":140818,"comment_status":"closed","ping_status":"open","sticky":false,"template":"","format":"standard","meta":{"_monsterinsights_skip_tracking":false,"_monsterinsights_sitenote_active":false,"_monsterinsights_sitenote_note":"","_monsterinsights_sitenote_category":0,"_uf_show_specific_survey":0,"_uf_disable_surveys":false,"footnotes":""},"categories":[3,8526,2],"tags":[144,90],"class_list":["post-140817","post","type-post","status-publish","format-standard","has-post-thumbnail","hentry","category-czestochowa-informacje","category-komunikacja","category-wiadomosci","tag-czestochowa","tag-mpk"],"_links":{"self":[{"href":"https:\/\/gazetaregionalna.com\/index.php?rest_route=\/wp\/v2\/posts\/140817","targetHints":{"allow":["GET"]}}],"collection":[{"href":"https:\/\/gazetaregionalna.com\/index.php?rest_route=\/wp\/v2\/posts"}],"about":[{"href":"https:\/\/gazetaregionalna.com\/index.php?rest_route=\/wp\/v2\/types\/post"}],"author":[{"embeddable":true,"href":"https:\/\/gazetaregionalna.com\/index.php?rest_route=\/wp\/v2\/users\/11"}],"replies":[{"embeddable":true,"href":"https:\/\/gazetaregionalna.com\/index.php?rest_route=%2Fwp%2Fv2%2Fcomments&post=140817"}],"version-history":[{"count":1,"href":"https:\/\/gazetaregionalna.com\/index.php?rest_route=\/wp\/v2\/posts\/140817\/revisions"}],"predecessor-version":[{"id":140819,"href":"https:\/\/gazetaregionalna.com\/index.php?rest_route=\/wp\/v2\/posts\/140817\/revisions\/140819"}],"wp:featuredmedia":[{"embeddable":true,"href":"https:\/\/gazetaregionalna.com\/index.php?rest_route=\/wp\/v2\/media\/140818"}],"wp:attachment":[{"href":"https:\/\/gazetaregionalna.com\/index.php?rest_route=%2Fwp%2Fv2%2Fmedia&parent=140817"}],"wp:term":[{"taxonomy":"category","embeddable":true,"href":"https:\/\/gazetaregionalna.com\/index.php?rest_route=%2Fwp%2Fv2%2Fcategories&post=140817"},{"taxonomy":"post_tag","embeddable":true,"href":"https:\/\/gazetaregionalna.com\/index.php?rest_route=%2Fwp%2Fv2%2Ftags&post=140817"}],"curies":[{"name":"wp","href":"https:\/\/api.w.org\/{rel}","templated":true}]}}