{"id":14043,"date":"2020-06-14T21:10:59","date_gmt":"2020-06-14T21:10:59","guid":{"rendered":"https:\/\/gazetaregionalna.com\/?p=14043"},"modified":"2020-06-15T06:23:15","modified_gmt":"2020-06-15T06:23:15","slug":"zatrzymac-smog","status":"publish","type":"post","link":"https:\/\/gazetaregionalna.com\/?p=14043","title":{"rendered":"\u201eMog\u0119! Zatrzyma\u0107 SMOG \u2013 Przedszkolaku z\u0142ap oddech&#8221;."},"content":{"rendered":"\n<p>Startuje druga edycja kampanii informacyjno-edukacyjnej pn. \u201eMog\u0119! Zatrzyma\u0107 SMOG \u2013 Przedszkolaku z\u0142ap oddech\u201d. Zarz\u0105d Wojew\u00f3dztwa \u015al\u0105skiego og\u0142osi\u0142 nab\u00f3r dla plac\u00f3wek przedszkolnych do drugiej edycji kampanii. Mo\u017cliwo\u015b\u0107 sk\u0142adania wniosk\u00f3w potrwa od 15 do&nbsp;30 czerwca 2020 roku.<br>Przedszkola w wojew\u00f3dztwie \u015bl\u0105skim mog\u0105 spodziewa\u0107 si\u0119 nawet tysi\u0105c oczyszczaczy powietrza.&nbsp; <\/p>\n\n\n\n<p> &#8211;<em>Ta inicjatywa jest przejawem troski o zdrowie najm\u0142odszych mieszka\u0144c\u00f3w, ale tak\u017ce kontynuacj\u0105 d\u0142ugoterminowych dzia\u0142a\u0144 prowadzonych przez samorz\u0105d wojew\u00f3dztwa \u015bl\u0105skiego w celu kszta\u0142towania w\u0142a\u015bciwych postaw wobec \u015brodowiska, w kt\u00f3rym \u017cyjemy. Chcemy edukowa\u0107 najm\u0142odszych, ich rodzic\u00f3w i opiekun\u00f3w i wsp\u00f3lnie zadba\u0107 o jako\u015b\u0107 powietrza w regionie, bo od niej zale\u017cy jako\u015b\u0107 naszego zdrowia i \u017cycia<\/em> \u2013 podkre\u015bla Izabela\u00a0Domoga\u0142a, cz\u0142onek Zarz\u0105du Wojew\u00f3dztwa\u00a0\u015al\u0105skiego. <\/p>\n\n\n\n<p> Kto mo\u017ce wzi\u0105\u0107 udzia\u0142 w kampanii? Wszystkie przedszkola publiczne, kt\u00f3re nie uczestniczy\u0142y w pierwszej edycji i znajduj\u0105 si\u0119 na terenie \u015al\u0105ska, mog\u0105 stara\u0107 si\u0119 o maksymalnie 2 oczyszczacze powietrza na plac\u00f3wk\u0119. Projekt zak\u0142ada, \u017ce w kampanii we\u017amie udzia\u0142 oko\u0142o 500 przedszkoli. <\/p>\n\n\n\n<p> Koszt przeprowadzenia tej edycji kampanii oszacowano na kwot\u0119 prawie 1,5 mln z\u0142, przy wsp\u00f3\u0142udziale \u015brodk\u00f3w z Wojew\u00f3dzkiego Funduszu Ochrony \u015arodowiska i Gospodarki Wodnej w Katowicach. Kampania stanowi kontynuacj\u0119 dzia\u0142a\u0144 podj\u0119tych w ramach pierwszej edycji realizowanej w przedszkolach w roku szkolnym 2019\/2020. <\/p>\n\n\n\n<p> Koszt przeprowadzenia tej edycji kampanii oszacowano na kwot\u0119 prawie 1,5 mln z\u0142, przy wsp\u00f3\u0142udziale \u015brodk\u00f3w z Wojew\u00f3dzkiego Funduszu Ochrony \u015arodowiska i Gospodarki Wodnej w Katowicach. Kampania stanowi kontynuacj\u0119 dzia\u0142a\u0144 podj\u0119tych w ramach pierwszej edycji realizowanej w przedszkolach w roku szkolnym 2019\/2020, kt\u00f3ra cieszy\u0142a si\u0119 ogromnym zainteresowaniem. <\/p>\n\n\n\n<p> Wszelkie informacje o kampanii oraz jej regulamin dost\u0119pne s\u0105 na stronie powietrze.slaskie.pl. <\/p>\n\n\n\n<figure class=\"wp-block-image size-large\"><img decoding=\"async\" width=\"920\" height=\"245\" data-src=\"https:\/\/gazetaregionalna.com\/wp-content\/uploads\/2020\/06\/1461.jpg\" alt=\"\" class=\"wp-image-14081 lazyload\" data-srcset=\"https:\/\/gazetaregionalna.com\/wp-content\/uploads\/2020\/06\/1461.jpg 920w, https:\/\/gazetaregionalna.com\/wp-content\/uploads\/2020\/06\/1461-300x80.jpg 300w, https:\/\/gazetaregionalna.com\/wp-content\/uploads\/2020\/06\/1461-768x205.jpg 768w, https:\/\/gazetaregionalna.com\/wp-content\/uploads\/2020\/06\/1461-696x185.jpg 696w\" data-sizes=\"(max-width: 920px) 100vw, 920px\" src=\"data:image\/svg+xml;base64,PHN2ZyB3aWR0aD0iMSIgaGVpZ2h0PSIxIiB4bWxucz0iaHR0cDovL3d3dy53My5vcmcvMjAwMC9zdmciPjwvc3ZnPg==\" style=\"--smush-placeholder-width: 920px; --smush-placeholder-aspect-ratio: 920\/245;\" \/><figcaption>(Fot: powietrze.slaskie.pl)<\/figcaption><\/figure>\n\n\n\n<p>(\u0179r\u00f3d\u0142o: powietrze.slaskie.pl)<\/p>\n","protected":false},"excerpt":{"rendered":"<p>Startuje druga edycja kampanii informacyjno-edukacyjnej pn. \u201eMog\u0119! Zatrzyma\u0107 SMOG \u2013 Przedszkolaku z\u0142ap oddech\u201d. Zarz\u0105d Wojew\u00f3dztwa \u015al\u0105skiego og\u0142osi\u0142 nab\u00f3r dla plac\u00f3wek przedszkolnych do drugiej edycji<\/p>\n","protected":false},"author":12,"featured_media":14083,"comment_status":"open","ping_status":"open","sticky":false,"template":"","format":"standard","meta":{"_monsterinsights_skip_tracking":false,"_monsterinsights_sitenote_active":false,"_monsterinsights_sitenote_note":"","_monsterinsights_sitenote_category":0,"_uf_show_specific_survey":0,"_uf_disable_surveys":false,"footnotes":""},"categories":[41,3,27,25,26,94,4,2],"tags":[],"class_list":["post-14043","post","type-post","status-publish","format-standard","has-post-thumbnail","hentry","category-edukacja","category-czestochowa-informacje","category-klobuck-informacje","category-lubliniec","category-myszkow","category-polecane","category-region","category-wiadomosci"],"_links":{"self":[{"href":"https:\/\/gazetaregionalna.com\/index.php?rest_route=\/wp\/v2\/posts\/14043","targetHints":{"allow":["GET"]}}],"collection":[{"href":"https:\/\/gazetaregionalna.com\/index.php?rest_route=\/wp\/v2\/posts"}],"about":[{"href":"https:\/\/gazetaregionalna.com\/index.php?rest_route=\/wp\/v2\/types\/post"}],"author":[{"embeddable":true,"href":"https:\/\/gazetaregionalna.com\/index.php?rest_route=\/wp\/v2\/users\/12"}],"replies":[{"embeddable":true,"href":"https:\/\/gazetaregionalna.com\/index.php?rest_route=%2Fwp%2Fv2%2Fcomments&post=14043"}],"version-history":[{"count":5,"href":"https:\/\/gazetaregionalna.com\/index.php?rest_route=\/wp\/v2\/posts\/14043\/revisions"}],"predecessor-version":[{"id":14084,"href":"https:\/\/gazetaregionalna.com\/index.php?rest_route=\/wp\/v2\/posts\/14043\/revisions\/14084"}],"wp:featuredmedia":[{"embeddable":true,"href":"https:\/\/gazetaregionalna.com\/index.php?rest_route=\/wp\/v2\/media\/14083"}],"wp:attachment":[{"href":"https:\/\/gazetaregionalna.com\/index.php?rest_route=%2Fwp%2Fv2%2Fmedia&parent=14043"}],"wp:term":[{"taxonomy":"category","embeddable":true,"href":"https:\/\/gazetaregionalna.com\/index.php?rest_route=%2Fwp%2Fv2%2Fcategories&post=14043"},{"taxonomy":"post_tag","embeddable":true,"href":"https:\/\/gazetaregionalna.com\/index.php?rest_route=%2Fwp%2Fv2%2Ftags&post=14043"}],"curies":[{"name":"wp","href":"https:\/\/api.w.org\/{rel}","templated":true}]}}