{"id":139923,"date":"2025-08-13T21:32:04","date_gmt":"2025-08-13T21:32:04","guid":{"rendered":"https:\/\/gazetaregionalna.com\/?p=139923"},"modified":"2025-08-13T21:33:45","modified_gmt":"2025-08-13T21:33:45","slug":"piaseczny-nykiel-gwiazdami-33-dni-czestochowy","status":"publish","type":"post","link":"https:\/\/gazetaregionalna.com\/?p=139923","title":{"rendered":"Andrzej Piaseczny i Natalia Nykiel gwiazdami 33. Dni Cz\u0119stochowy"},"content":{"rendered":"\n<h2 class=\"wp-block-heading\">Wielkimi krokami zbli\u017caj\u0105 si\u0119 33. Dni Cz\u0119stochowy. \u015awi\u0119to miasta rozpoczn\u0105 koncerty na P\u00f3\u0142nocy. Tegorocznymi gwiazdami b\u0119d\u0105 Andrzej Piaseczny i Natalia Nykiel.<\/h2>\n\n\n\n<p>W tym roku \u015bwi\u0119towanie rozpocznie si\u0119 w pi\u0105tek, 22 sierpnia. Na ten dzie\u0144 zaplanowano plenerowe koncerty organizowane ju\u017c tradycyjni za p\u0119tl\u0105 tramwajow\u0105 w dzielnicy P\u00f3\u0142noc (ul. Fieldorfa-Nila\/al. Wyzwolenia). Wydarzenie wystartuje o godz. 17. Rozpocznie je og\u0142oszenie wynik\u00f3w i wr\u0119czenie nagr\u00f3d w miejskich konkursach na \u201eNaj\u0142adniejsz\u0105 dzia\u0142k\u0119 ROD 2025\u201d i \u201eNaj\u0142adniej ukwiecony balkon 2025\u201d (zapowiadali\u015bmy je <a href=\"https:\/\/gazetaregionalna.com\/konkurs-na-najladniejsza-dzialke-balkon\/\">TUTAJ<\/a>).<\/p>\n\n\n\n<p>Same koncerty przewidziano od godz. 17.30. Pierwszym punktem b\u0119dzie wyst\u0119p \u201eTribute to Maanam\u201d. Z kolei o godz. 19 na plenerowej scenie pojawi si\u0119 pierwsza z gwiazd. To Natalia Nykiel. O m\u0142odej wokalistce zrobi\u0142o si\u0119 g\u0142o\u015bno, gdy w 2013 r. zosta\u0142a finalistk\u0105 drugiej edycji programu TVP 2 \u201eThe Voice of Poland\u201d. Dzi\u015b Nykiel ma na koncie trzy studyjne albumy i takie przeboje jak \u201eB\u0105d\u017a du\u017cy\u201d, \u201eError\u201d, \u201eP\u00f3\u0142 kroku st\u0105d\u201d oraz \u201eSpok\u00f3j\u201d.<\/p>\n\n\n\n<figure class=\"wp-block-image size-large\"><img decoding=\"async\" width=\"724\" height=\"1024\" data-src=\"https:\/\/gazetaregionalna.com\/wp-content\/uploads\/2025\/08\/528191112_1182195890611416_8898436496519681184_n-724x1024.jpg\" alt=\"\" class=\"wp-image-139926 lazyload\" data-srcset=\"https:\/\/gazetaregionalna.com\/wp-content\/uploads\/2025\/08\/528191112_1182195890611416_8898436496519681184_n-724x1024.jpg 724w, https:\/\/gazetaregionalna.com\/wp-content\/uploads\/2025\/08\/528191112_1182195890611416_8898436496519681184_n-212x300.jpg 212w, https:\/\/gazetaregionalna.com\/wp-content\/uploads\/2025\/08\/528191112_1182195890611416_8898436496519681184_n-768x1086.jpg 768w, https:\/\/gazetaregionalna.com\/wp-content\/uploads\/2025\/08\/528191112_1182195890611416_8898436496519681184_n-1086x1536.jpg 1086w, https:\/\/gazetaregionalna.com\/wp-content\/uploads\/2025\/08\/528191112_1182195890611416_8898436496519681184_n-scaled.jpg 1131w\" data-sizes=\"(max-width: 724px) 100vw, 724px\" src=\"data:image\/svg+xml;base64,PHN2ZyB3aWR0aD0iMSIgaGVpZ2h0PSIxIiB4bWxucz0iaHR0cDovL3d3dy53My5vcmcvMjAwMC9zdmciPjwvc3ZnPg==\" style=\"--smush-placeholder-width: 724px; --smush-placeholder-aspect-ratio: 724\/1024;\" \/><figcaption class=\"wp-element-caption\">33. Dni Cz\u0119stochowy<\/figcaption><\/figure>\n\n\n\n<p>A o godz. 20.30 \u2013 na fina\u0142 wieczoru \u2013 wyst\u0105pi Andrzej Piaseczny, kt\u00f3ry od lat pozostaje jednym z najpopularniejszych polskich piosenkarzy. Na pocz\u0105tku lat 90. Wyst\u0119powa\u0142 z zespo\u0142em Mafia (lansuj\u0105c takie hity jak \u201eSzalona piosenka o lataniu\u201d i \u201eImi\u0119 deszczu\u201d), solow\u0105 karier\u0119 rozpocz\u0105\u0142 w 1998 r. i jego dobra passa trwa nadal. Dyskografia Piasecznego obejmuje kilkana\u015bcie p\u0142yt (solowych, kompilacyjnych, koncertowych), niezliczone przeboje, kt\u00f3re nuci\u0142a i nuci ca\u0142a Polska (wystarczy wspomnie\u0107 o \u201eJeszcze bli\u017cej\u201d, \u201eSzcz\u0119\u015bcie jest blisko\u201d, \u201eChod\u017a, przytul, przebacz\u201d i \u201eRysowane tobie\u201d), a tak\u017ce szereg bran\u017cowych nagr\u00f3d (jak cho\u0107by statuetki Fryderyka czy Superjedynki). <\/p>\n\n\n\n<p>Wst\u0119p na koncerty na P\u00f3\u0142nocy jest wolny. Wydarzenie organizuj\u0105 Miasto Cz\u0119stochowa i O\u015brodek Promocji Kultury \u201eGaude Mater\u201d.<\/p>\n\n\n\n<p>Pe\u0142en program 33. Dni Cz\u0119stochowy mo\u017cna znale\u017a\u0107 na stronie <a href=\"https:\/\/www.facebook.com\/events\/1253632329301180\" target=\"_blank\" rel=\"noopener\">www.facebook.com<\/a><\/p>\n\n\n\n<p><strong>red.<\/strong><\/p>\n","protected":false},"excerpt":{"rendered":"<p>Wielkimi krokami zbli\u017caj\u0105 si\u0119 33. Dni Cz\u0119stochowy. \u015awi\u0119to miasta rozpoczn\u0105 koncerty na P\u00f3\u0142nocy. Tegorocznymi gwiazdami b\u0119d\u0105 Andrzej Piaseczny i Natalia Nykiel. W tym roku<\/p>\n","protected":false},"author":11,"featured_media":139925,"comment_status":"closed","ping_status":"open","sticky":false,"template":"","format":"standard","meta":{"_monsterinsights_skip_tracking":false,"_monsterinsights_sitenote_active":false,"_monsterinsights_sitenote_note":"","_monsterinsights_sitenote_category":0,"_uf_show_specific_survey":0,"_uf_disable_surveys":false,"footnotes":""},"categories":[12,3,94,2],"tags":[144,2621,1218,971],"class_list":["post-139923","post","type-post","status-publish","format-standard","has-post-thumbnail","hentry","category-kultura-i-rozrywka","category-czestochowa-informacje","category-polecane","category-wiadomosci","tag-czestochowa","tag-dni-czestochowy","tag-koncerty","tag-muzyka"],"_links":{"self":[{"href":"https:\/\/gazetaregionalna.com\/index.php?rest_route=\/wp\/v2\/posts\/139923","targetHints":{"allow":["GET"]}}],"collection":[{"href":"https:\/\/gazetaregionalna.com\/index.php?rest_route=\/wp\/v2\/posts"}],"about":[{"href":"https:\/\/gazetaregionalna.com\/index.php?rest_route=\/wp\/v2\/types\/post"}],"author":[{"embeddable":true,"href":"https:\/\/gazetaregionalna.com\/index.php?rest_route=\/wp\/v2\/users\/11"}],"replies":[{"embeddable":true,"href":"https:\/\/gazetaregionalna.com\/index.php?rest_route=%2Fwp%2Fv2%2Fcomments&post=139923"}],"version-history":[{"count":2,"href":"https:\/\/gazetaregionalna.com\/index.php?rest_route=\/wp\/v2\/posts\/139923\/revisions"}],"predecessor-version":[{"id":139927,"href":"https:\/\/gazetaregionalna.com\/index.php?rest_route=\/wp\/v2\/posts\/139923\/revisions\/139927"}],"wp:featuredmedia":[{"embeddable":true,"href":"https:\/\/gazetaregionalna.com\/index.php?rest_route=\/wp\/v2\/media\/139925"}],"wp:attachment":[{"href":"https:\/\/gazetaregionalna.com\/index.php?rest_route=%2Fwp%2Fv2%2Fmedia&parent=139923"}],"wp:term":[{"taxonomy":"category","embeddable":true,"href":"https:\/\/gazetaregionalna.com\/index.php?rest_route=%2Fwp%2Fv2%2Fcategories&post=139923"},{"taxonomy":"post_tag","embeddable":true,"href":"https:\/\/gazetaregionalna.com\/index.php?rest_route=%2Fwp%2Fv2%2Ftags&post=139923"}],"curies":[{"name":"wp","href":"https:\/\/api.w.org\/{rel}","templated":true}]}}