{"id":13990,"date":"2020-06-12T08:28:58","date_gmt":"2020-06-12T08:28:58","guid":{"rendered":"https:\/\/gazetaregionalna.com\/?p=13990"},"modified":"2020-06-12T08:28:59","modified_gmt":"2020-06-12T08:28:59","slug":"granice","status":"publish","type":"post","link":"https:\/\/gazetaregionalna.com\/?p=13990","title":{"rendered":"13 czerwca otwieramy granice dla Unii Europejskiej."},"content":{"rendered":"\n<p> Od najbli\u017cszej soboty 13 czerwca b\u0119dzie mo\u017cna swobodnie podr\u00f3\u017cowa\u0107 i przekracza\u0107 granice wewn\u0119trzne Unii Europejskiej. <\/p>\n\n\n\n<p> Powracaj\u0105cy do kraju Polacy nie b\u0119d\u0105 musieli odbywa\u0107 obowi\u0105zkowej kwarantanny. R\u00f3wnie\u017c mieszka\u0144cy Unii Europejskiej b\u0119d\u0105 mogli bez przeszk\u00f3d wje\u017cd\u017ca\u0107 do Polski. Spowodowane jest to zniesieniem kontroli na granicach wewn\u0119trznych UE. <\/p>\n\n\n\n<p> \u2013 <em>Podj\u0119li\u015bmy decyzj\u0119 o otwarciu granic. Od 13 czerwca granice b\u0119d\u0105 otwarte dla pa\u0144stw Unii Europejskiej<\/em> \u2013 powiedzia\u0142 premier Mateusz Morawiecki. \u2013 <em>Ograniczamy decyzj\u0119 na razie do pa\u0144stw UE. Potrzebne s\u0105 nam jak najszybciej kontakty z tymi\u00a0krajami,\u00a0\u017ceby powr\u00f3ci\u0142y do poprzedniego stanu <\/em>\u2013 doda\u0142 premier. <\/p>\n\n\n\n<p> W nocy z 12 na 13 czerwca Polska przywraca pe\u0142ny ruch graniczny. Od tego momentu s\u0142u\u017cby graniczne przy zachowaniu wszelkiej ostro\u017cno\u015bci b\u0119d\u0105 przeprowadza\u0107 wyrywkowe kontrole. Oznacza to, \u017ce b\u0119dzie mo\u017cna wje\u017cd\u017ca\u0107 i wyje\u017cd\u017ca\u0107 z Polski bez odbycia kwarantanny. <\/p>\n\n\n\n<p> Swoje granice dla Polak\u00f3w ju\u017c otworzy\u0142y Chorwacja, W\u0142ochy i Bu\u0142garia. Z\u00a0dniem dzisiejszym\u00a0r\u00f3wnie\u017c Litwa.<br>Od 15 czerwca swoje granice powinny tak\u017ce otworzy\u0107 dla turystyki takie pa\u0144stwa jak Grecja, Czechy, Austria, Niemcy, Francja, Estonia oraz \u0141otwa. Cypr otwiera swoje granice dla turyst\u00f3w od 20 czerwca, a Hiszpania od lipca. <\/p>\n\n\n\n<p> Granice zewn\u0119trzne UE pozostaj\u0105 dalej zamkni\u0119te. <\/p>\n\n\n\n<figure class=\"wp-block-image size-large\"><img decoding=\"async\" width=\"729\" height=\"308\" data-src=\"https:\/\/gazetaregionalna.com\/wp-content\/uploads\/2020\/06\/729x308-1.png\" alt=\"\" class=\"wp-image-13997 lazyload\" data-srcset=\"https:\/\/gazetaregionalna.com\/wp-content\/uploads\/2020\/06\/729x308-1.png 729w, https:\/\/gazetaregionalna.com\/wp-content\/uploads\/2020\/06\/729x308-1-300x127.png 300w, https:\/\/gazetaregionalna.com\/wp-content\/uploads\/2020\/06\/729x308-1-696x294.png 696w\" data-sizes=\"(max-width: 729px) 100vw, 729px\" src=\"data:image\/svg+xml;base64,PHN2ZyB3aWR0aD0iMSIgaGVpZ2h0PSIxIiB4bWxucz0iaHR0cDovL3d3dy53My5vcmcvMjAwMC9zdmciPjwvc3ZnPg==\" style=\"--smush-placeholder-width: 729px; --smush-placeholder-aspect-ratio: 729\/308;\" \/><figcaption>(Fot: KPRM)<\/figcaption><\/figure>\n\n\n\n<p>(\u0179r\u00f3d\u0142o: KPRM)<\/p>\n","protected":false},"excerpt":{"rendered":"<p>Od najbli\u017cszej soboty 13 czerwca b\u0119dzie mo\u017cna swobodnie podr\u00f3\u017cowa\u0107 i przekracza\u0107 granice wewn\u0119trzne Unii Europejskiej. Powracaj\u0105cy do kraju Polacy nie b\u0119d\u0105 musieli odbywa\u0107 obowi\u0105zkowej<\/p>\n","protected":false},"author":12,"featured_media":13998,"comment_status":"open","ping_status":"open","sticky":false,"template":"","format":"standard","meta":{"_monsterinsights_skip_tracking":false,"_monsterinsights_sitenote_active":false,"_monsterinsights_sitenote_note":"","_monsterinsights_sitenote_category":0,"_uf_show_specific_survey":0,"_uf_disable_surveys":false,"footnotes":""},"categories":[13,3,27,25,26,31,94,28,4,2],"tags":[],"class_list":["post-13990","post","type-post","status-publish","format-standard","has-post-thumbnail","hentry","category-wydarzenia","category-czestochowa-informacje","category-klobuck-informacje","category-lubliniec","category-myszkow","category-podroze","category-polecane","category-radomsko","category-region","category-wiadomosci"],"_links":{"self":[{"href":"https:\/\/gazetaregionalna.com\/index.php?rest_route=\/wp\/v2\/posts\/13990","targetHints":{"allow":["GET"]}}],"collection":[{"href":"https:\/\/gazetaregionalna.com\/index.php?rest_route=\/wp\/v2\/posts"}],"about":[{"href":"https:\/\/gazetaregionalna.com\/index.php?rest_route=\/wp\/v2\/types\/post"}],"author":[{"embeddable":true,"href":"https:\/\/gazetaregionalna.com\/index.php?rest_route=\/wp\/v2\/users\/12"}],"replies":[{"embeddable":true,"href":"https:\/\/gazetaregionalna.com\/index.php?rest_route=%2Fwp%2Fv2%2Fcomments&post=13990"}],"version-history":[{"count":2,"href":"https:\/\/gazetaregionalna.com\/index.php?rest_route=\/wp\/v2\/posts\/13990\/revisions"}],"predecessor-version":[{"id":13999,"href":"https:\/\/gazetaregionalna.com\/index.php?rest_route=\/wp\/v2\/posts\/13990\/revisions\/13999"}],"wp:featuredmedia":[{"embeddable":true,"href":"https:\/\/gazetaregionalna.com\/index.php?rest_route=\/wp\/v2\/media\/13998"}],"wp:attachment":[{"href":"https:\/\/gazetaregionalna.com\/index.php?rest_route=%2Fwp%2Fv2%2Fmedia&parent=13990"}],"wp:term":[{"taxonomy":"category","embeddable":true,"href":"https:\/\/gazetaregionalna.com\/index.php?rest_route=%2Fwp%2Fv2%2Fcategories&post=13990"},{"taxonomy":"post_tag","embeddable":true,"href":"https:\/\/gazetaregionalna.com\/index.php?rest_route=%2Fwp%2Fv2%2Ftags&post=13990"}],"curies":[{"name":"wp","href":"https:\/\/api.w.org\/{rel}","templated":true}]}}