{"id":139894,"date":"2025-08-14T11:44:00","date_gmt":"2025-08-14T11:44:00","guid":{"rendered":"https:\/\/gazetaregionalna.com\/?p=139894"},"modified":"2025-08-13T06:48:30","modified_gmt":"2025-08-13T06:48:30","slug":"mieszkanke-przestraszyly-zwisajace-nogi-manekina-z-balkonu-o-pomoc-poprosila-straz-miejska","status":"publish","type":"post","link":"https:\/\/gazetaregionalna.com\/?p=139894","title":{"rendered":"Mieszkank\u0119 przestraszy\u0142y zwisaj\u0105ce nogi manekina z balkonu. O pomoc poprosi\u0142a Stra\u017c Miejsk\u0105&#8230;"},"content":{"rendered":"\n<p>We wtorek do dy\u017curnego cz\u0119stochowskiej Stra\u017cy Miejskiej zadzwoni\u0142a zaniepokojona mieszkanka, kt\u00f3ra poinformowa\u0142a o nogach manekina, kt\u00f3re zwisa\u0142y z balkonu 1. pi\u0119tra&#8230;<\/p>\n\n\n\n<p>We wtorek w godzinach porannych na numer alarmowy cz\u0119stochowskiej Stra\u017cy Miejskiej zadzwoni\u0142a zaniepokojona mieszkanka, kt\u00f3ra poinformowa\u0142a, \u017ce z jednego z balkon\u00f3w przy ul. Kili\u0144skiego zwisaj\u0105 nad chodnikiem nogi manekina i tym samym zagra\u017caj\u0105 innym pieszym. Stra\u017cnicy miejscy potwierdzili zg\u0142oszenie. Z jednego z balkon\u00f3w na pierwszym pi\u0119trze zwisa\u0142y nogi manekina. Stra\u017cnicy miejscy o pomoc w \u015bci\u0105gni\u0119ciu manekina poprosili stra\u017cak\u00f3w z Pa\u0144stwowej Stra\u017cy Po\u017carnej.<\/p>\n\n\n\n<p>\u0179r\u00f3d\u0142o: www.sm.czestochowa.pl<\/p>\n","protected":false},"excerpt":{"rendered":"<p>We wtorek do dy\u017curnego cz\u0119stochowskiej Stra\u017cy Miejskiej zadzwoni\u0142a zaniepokojona mieszkanka, kt\u00f3ra poinformowa\u0142a o nogach manekina, kt\u00f3re zwisa\u0142y z balkonu 1. pi\u0119tra&#8230; We wtorek w<\/p>\n","protected":false},"author":25,"featured_media":139895,"comment_status":"closed","ping_status":"open","sticky":false,"template":"","format":"standard","meta":{"_monsterinsights_skip_tracking":false,"_monsterinsights_sitenote_active":false,"_monsterinsights_sitenote_note":"","_monsterinsights_sitenote_category":0,"_uf_show_specific_survey":0,"_uf_disable_surveys":false,"footnotes":""},"categories":[94,3,2],"tags":[],"class_list":["post-139894","post","type-post","status-publish","format-standard","has-post-thumbnail","hentry","category-polecane","category-czestochowa-informacje","category-wiadomosci"],"_links":{"self":[{"href":"https:\/\/gazetaregionalna.com\/index.php?rest_route=\/wp\/v2\/posts\/139894","targetHints":{"allow":["GET"]}}],"collection":[{"href":"https:\/\/gazetaregionalna.com\/index.php?rest_route=\/wp\/v2\/posts"}],"about":[{"href":"https:\/\/gazetaregionalna.com\/index.php?rest_route=\/wp\/v2\/types\/post"}],"author":[{"embeddable":true,"href":"https:\/\/gazetaregionalna.com\/index.php?rest_route=\/wp\/v2\/users\/25"}],"replies":[{"embeddable":true,"href":"https:\/\/gazetaregionalna.com\/index.php?rest_route=%2Fwp%2Fv2%2Fcomments&post=139894"}],"version-history":[{"count":1,"href":"https:\/\/gazetaregionalna.com\/index.php?rest_route=\/wp\/v2\/posts\/139894\/revisions"}],"predecessor-version":[{"id":139896,"href":"https:\/\/gazetaregionalna.com\/index.php?rest_route=\/wp\/v2\/posts\/139894\/revisions\/139896"}],"wp:featuredmedia":[{"embeddable":true,"href":"https:\/\/gazetaregionalna.com\/index.php?rest_route=\/wp\/v2\/media\/139895"}],"wp:attachment":[{"href":"https:\/\/gazetaregionalna.com\/index.php?rest_route=%2Fwp%2Fv2%2Fmedia&parent=139894"}],"wp:term":[{"taxonomy":"category","embeddable":true,"href":"https:\/\/gazetaregionalna.com\/index.php?rest_route=%2Fwp%2Fv2%2Fcategories&post=139894"},{"taxonomy":"post_tag","embeddable":true,"href":"https:\/\/gazetaregionalna.com\/index.php?rest_route=%2Fwp%2Fv2%2Ftags&post=139894"}],"curies":[{"name":"wp","href":"https:\/\/api.w.org\/{rel}","templated":true}]}}