{"id":139891,"date":"2025-08-13T06:44:14","date_gmt":"2025-08-13T06:44:14","guid":{"rendered":"https:\/\/gazetaregionalna.com\/?p=139891"},"modified":"2025-08-13T06:44:15","modified_gmt":"2025-08-13T06:44:15","slug":"przed-szczytem-pielgrzymkowym-karteczki-lub-opaski-z-numerem-telefonu-dla-dzieci-i-osob-starszych","status":"publish","type":"post","link":"https:\/\/gazetaregionalna.com\/?p=139891","title":{"rendered":"Przed szczytem pielgrzymkowym: Karteczki lub opaski z numerem telefonu dla dzieci i os\u00f3b starszych"},"content":{"rendered":"\n<p>Trwa sezon turystyczno-pielgrzymkowy. Stra\u017c Miejska w Cz\u0119stochowie apeluje, aby osoby starsze oraz dzieci, kt\u00f3re nie posiadaj\u0105 telefonu kom\u00f3rkowego, ani zegarka z lokalizatorem, a wybieraj\u0105 si\u0119 do naszego miasta 15 sierpnia na \u015bwi\u0119to Wniebowzi\u0119cia Naj\u015bwi\u0119tszej Maryi Panny, mia\u0142y przy sobie karteczk\u0119 lub opask\u0119 na r\u0119k\u0119 z numerem telefonu do przewodnika grupy lub najbli\u017cszego cz\u0142onka rodziny.<\/p>\n\n\n\n<p>Podobne karteczki powinny mie\u0107 r\u00f3wnie\u017c starsze osoby z Cz\u0119stochowy lub okolicznych gmin, kt\u00f3re b\u0119d\u0105 wybiera\u0107 si\u0119 15 sierpnia na \u015bwi\u0119to Wniebowzi\u0119cia Naj\u015bwi\u0119tszej Maryi Panny lub 26 sierpnia na \u015bwi\u0119to Matki Bo\u017cej Cz\u0119stochowskiej. Cz\u0119stochowscy stra\u017cnicy miejscy w poprzednich latach pomagali osobom starszym, a tak\u017ce dzieciom, kt\u00f3re zagubi\u0142y si\u0119 na terenie Cz\u0119stochowy i nie potrafi\u0142y same wr\u00f3ci\u0107 do autokaru czy cz\u0142onk\u00f3w swojej rodziny. Dlatego Stra\u017c Miejska w Cz\u0119stochowie apeluje, aby osoby starsze czy te\u017c ma\u0142e dzieci mia\u0142y przy sobie karteczk\u0119 lub opask\u0119 na r\u0119k\u0119 z numerem telefonu do najbli\u017cszego cz\u0142onka rodziny lub kierownika wycieczki, albo kierowcy autokaru. W przypadku zagubienia osoby, funkcjonariusze Stra\u017cy Miejskiej b\u0119d\u0105 mogli szybko skontaktowa\u0107 si\u0119 ze wskazan\u0105 na kartce osob\u0105 i przekaza\u0107 \u201czagubionego\u201d pod opiek\u0119 rodziny lub podwioz\u0105 do autokaru.<\/p>\n\n\n\n<p>Stra\u017c Miejska radzi te\u017c, aby stale pilnowa\u0107 swoje dzieci.<\/p>\n\n\n\n<p>Nie zostawiaj dziecka samego: w domu \u2013 do 10. roku \u017cycia, na podw\u00f3rku \u2013 do 7. roku \u017cycia.<\/p>\n\n\n\n<p>Uwa\u017caj na dziecko w miejscach, gdzie jest du\u017co ludzi. Na przyk\u0142ad w supermarkecie, podczas imprezy na \u015bwie\u017cym powietrzu. Je\u015bli dziecko jest ma\u0142e, trzymaj je za r\u0119k\u0119.<\/p>\n\n\n\n<p>Pilnuj dziecko. To nie ono ma \u201cpilnowa\u0107 si\u0119\u201d Ciebie!<\/p>\n\n\n\n<p>Zadbaj o to, by w drodze do szko\u0142y dziecko by\u0142o bezpieczne. Zapewnij mu opiek\u0119 osoby doros\u0142ej lub towarzystwo r\u00f3wie\u015bnik\u00f3w.<\/p>\n\n\n\n<p>Nie pozw\u00f3l dziecku podr\u00f3\u017cowa\u0107 autostopem.<\/p>\n\n\n\n<p>Staraj si\u0119 pozna\u0107 jego przyjaci\u00f3\u0142 i znajomych.<\/p>\n\n\n\n<p>Interesuj si\u0119 tym, jak sp\u0119dza wolny czas.<\/p>\n\n\n\n<p>Traktuj powa\u017cnie problemy swojego dziecka. Brak twojego wsparcia mo\u017ce sk\u0142oni\u0107 je do ucieczki z domu.<\/p>\n\n\n\n<p>W domu, w widocznym miejscu, zawie\u015b kartk\u0119 z numerami telefon\u00f3w do najbli\u017cszych i numerami telefon\u00f3w alarmowych.<\/p>\n\n\n\n<p>Rozmawiaj ze swoim dzieckiem o gro\u017anych sytuacjach, ale nie strasz go.<\/p>\n\n\n\n<p>Co powinno umie\u0107 twoje dziecko:<\/p>\n\n\n\n<p>zna\u0107 swoje imi\u0119, nazwisko i adres, pod kt\u00f3rym mieszka,<\/p>\n\n\n\n<p>umie\u0107 korzysta\u0107 z telefonu,<\/p>\n\n\n\n<p>umie\u0107 rozpozna\u0107 gro\u017an\u0105 sytuacj\u0119,<\/p>\n\n\n\n<p>umie\u0107 m\u0105drze korzysta\u0107 z internetu \u2013 wyja\u015bnij dziecku, dlaczego nie powinno podawa\u0107 swoich danych.<\/p>\n\n\n\n<p>Co powinno wiedzie\u0107 twoje dziecko:<\/p>\n\n\n\n<p>w gro\u017anej sytuacji mo\u017ce g\u0142o\u015bno krzycze\u0107, p\u0142aka\u0107 i wo\u0142a\u0107 o pomoc,<\/p>\n\n\n\n<p>je\u015bli si\u0119 zgubi, powinno zosta\u0107 w miejscu i czeka\u0107 na opiekuna; mo\u017ce te\u017c poprosi\u0107 o pomoc doros\u0142ego \u2013 najlepiej policjanta, stra\u017cnika miejskiego, ochroniarza, sprzedawc\u0119 w sklepie;<\/p>\n\n\n\n<p>nie wolno mu rozmawia\u0107 z nieznajomymi,<\/p>\n\n\n\n<p>musi odmawia\u0107 obcej osobie, kt\u00f3ra je zaczepia \u2013 na przyk\u0142ad cz\u0119stuje s\u0142odyczami, proponuje atrakcyjne zabawy lub podwiezienie,<\/p>\n\n\n\n<p>nie wolno mu wpuszcza\u0107 nikogo do domu.<\/p>\n\n\n\n<p>To tylko niekt\u00f3re z porad.<\/p>\n\n\n\n<p>\u0179r\u00f3d\u0142o: www.sm.czestochowa.pl<\/p>\n","protected":false},"excerpt":{"rendered":"<p>Trwa sezon turystyczno-pielgrzymkowy. Stra\u017c Miejska w Cz\u0119stochowie apeluje, aby osoby starsze oraz dzieci, kt\u00f3re nie posiadaj\u0105 telefonu kom\u00f3rkowego, ani zegarka z lokalizatorem, a wybieraj\u0105<\/p>\n","protected":false},"author":25,"featured_media":139892,"comment_status":"closed","ping_status":"open","sticky":false,"template":"","format":"standard","meta":{"_monsterinsights_skip_tracking":false,"_monsterinsights_sitenote_active":false,"_monsterinsights_sitenote_note":"","_monsterinsights_sitenote_category":0,"_uf_show_specific_survey":0,"_uf_disable_surveys":false,"footnotes":""},"categories":[1],"tags":[],"class_list":["post-139891","post","type-post","status-publish","format-standard","has-post-thumbnail","hentry","category-uncategorized"],"_links":{"self":[{"href":"https:\/\/gazetaregionalna.com\/index.php?rest_route=\/wp\/v2\/posts\/139891","targetHints":{"allow":["GET"]}}],"collection":[{"href":"https:\/\/gazetaregionalna.com\/index.php?rest_route=\/wp\/v2\/posts"}],"about":[{"href":"https:\/\/gazetaregionalna.com\/index.php?rest_route=\/wp\/v2\/types\/post"}],"author":[{"embeddable":true,"href":"https:\/\/gazetaregionalna.com\/index.php?rest_route=\/wp\/v2\/users\/25"}],"replies":[{"embeddable":true,"href":"https:\/\/gazetaregionalna.com\/index.php?rest_route=%2Fwp%2Fv2%2Fcomments&post=139891"}],"version-history":[{"count":1,"href":"https:\/\/gazetaregionalna.com\/index.php?rest_route=\/wp\/v2\/posts\/139891\/revisions"}],"predecessor-version":[{"id":139893,"href":"https:\/\/gazetaregionalna.com\/index.php?rest_route=\/wp\/v2\/posts\/139891\/revisions\/139893"}],"wp:featuredmedia":[{"embeddable":true,"href":"https:\/\/gazetaregionalna.com\/index.php?rest_route=\/wp\/v2\/media\/139892"}],"wp:attachment":[{"href":"https:\/\/gazetaregionalna.com\/index.php?rest_route=%2Fwp%2Fv2%2Fmedia&parent=139891"}],"wp:term":[{"taxonomy":"category","embeddable":true,"href":"https:\/\/gazetaregionalna.com\/index.php?rest_route=%2Fwp%2Fv2%2Fcategories&post=139891"},{"taxonomy":"post_tag","embeddable":true,"href":"https:\/\/gazetaregionalna.com\/index.php?rest_route=%2Fwp%2Fv2%2Ftags&post=139891"}],"curies":[{"name":"wp","href":"https:\/\/api.w.org\/{rel}","templated":true}]}}