{"id":139502,"date":"2025-07-23T08:33:54","date_gmt":"2025-07-23T08:33:54","guid":{"rendered":"https:\/\/gazetaregionalna.com\/?p=139502"},"modified":"2025-07-23T08:33:55","modified_gmt":"2025-07-23T08:33:55","slug":"straz-miejska-trwaja-wakacje-uwazajmy-nad-woda","status":"publish","type":"post","link":"https:\/\/gazetaregionalna.com\/?p=139502","title":{"rendered":"Stra\u017c Miejska: Trwaj\u0105 wakacje. Uwa\u017cajmy nad wod\u0105"},"content":{"rendered":"\n<p>Trwaj\u0105 letnie wakacje 2025. Mieszkanki i mieszka\u0144cy Cz\u0119stochowy wolne chwile sp\u0119dzaj\u0105 nad wod\u0105. Pami\u0119tajmy \u201eP\u0142ytka wyobra\u017ania to kalectwo\u201d.<\/p>\n\n\n\n<p>Cz\u0119stochowscy stra\u017cnicy miejscy podczas prelekcji w przedszkolach i szko\u0142ach, a tak\u017ce na spotkaniach z m\u0142odzie\u017c\u0105 i doros\u0142ymi przedstawiaj\u0105 zasady bezpiecznego zachowania si\u0119 nad wod\u0105. Te zasady szczeg\u00f3lnie akcentowane s\u0105 przed zako\u0144czeniem roku szkolnego i rozpocz\u0119ciem letnich wakacji.<\/p>\n\n\n\n<p>Stra\u017c Miejska w Cz\u0119stochowie radzi, jak bezpiecznie zachowywa\u0107 si\u0119 nad wod\u0105.<\/p>\n\n\n\n<p>Nigdy nie nale\u017cy wchodzi\u0107 do wody po alkoholu lub \u015brodkach odurzaj\u0105cych. Nie nale\u017cy skaka\u0107 do wody na tzw. \u201eg\u0142\u00f3wk\u0119\u201d w nieznanych miejscach. Nale\u017cy p\u0142ywa\u0107 w miejscach tylko do tego wyznaczonych. Dzieci powinny znajdowa\u0107 si\u0119 pod opiek\u0105 os\u00f3b doros\u0142ych. Nale\u017cy zawsze stosowa\u0107 si\u0119 do polece\u0144 ratownika. Nie nale\u017cy wbiega\u0107 do wody rozgrzanym na s\u0142o\u0144cu, ani zaraz po jedzeniu. Nie nale\u017cy wyp\u0142ywa\u0107 na materacu wodnym daleko od brzegu. P\u0142ywaj\u0105c \u0142\u00f3dk\u0105, rowerem wodnym czy kajakiem nale\u017cy zawsze za\u0142o\u017cy\u0107 kapok.<\/p>\n\n\n\n<p>Na terenie Cz\u0119stochowy nale\u017cy k\u0105pa\u0107 si\u0119 wy\u0142\u0105cznie na k\u0105pieliskach strze\u017conych przez ratownik\u00f3w. Pod miejsk\u0105 egid\u0105 s\u0105 P\u0142ywalnia Letnia przy ul. Dekabryst\u00f3w oraz wydzielone k\u0105pielisko w Parku Wypoczynkowym Lisiniec. Stra\u017c Miejska w Cz\u0119stochowie przestrzega przed k\u0105pielami w miejscach \u201edzikich\u201d. Je\u017celi kto\u015b ma problemy z p\u0142ywaniem powinien zak\u0142ada\u0107 kamizelki asekuracyjne.<\/p>\n\n\n\n<p>Cz\u0119stochowscy stra\u017cnicy miejscy podczas letnich wakacji 2025 b\u0119d\u0105 patrolowa\u0107 rejon Parku Wypoczynkowego Lisiniec oraz p\u0142ywalni przy ul. Dekabryst\u00f3w i zadbaj\u0105 o zachowanie spokoju i porz\u0105dku publicznego.<\/p>\n\n\n\n<p>\u0179r\u00f3d\u0142o, www.sm.czestochowa.pl, infografika: RCB<\/p>\n","protected":false},"excerpt":{"rendered":"<p>Trwaj\u0105 letnie wakacje 2025. Mieszkanki i mieszka\u0144cy Cz\u0119stochowy wolne chwile sp\u0119dzaj\u0105 nad wod\u0105. Pami\u0119tajmy \u201eP\u0142ytka wyobra\u017ania to kalectwo\u201d. Cz\u0119stochowscy stra\u017cnicy miejscy podczas prelekcji w<\/p>\n","protected":false},"author":25,"featured_media":126180,"comment_status":"closed","ping_status":"open","sticky":false,"template":"","format":"standard","meta":{"_monsterinsights_skip_tracking":false,"_monsterinsights_sitenote_active":false,"_monsterinsights_sitenote_note":"","_monsterinsights_sitenote_category":0,"_uf_show_specific_survey":0,"_uf_disable_surveys":false,"footnotes":""},"categories":[94,3,2],"tags":[],"class_list":["post-139502","post","type-post","status-publish","format-standard","has-post-thumbnail","hentry","category-polecane","category-czestochowa-informacje","category-wiadomosci"],"_links":{"self":[{"href":"https:\/\/gazetaregionalna.com\/index.php?rest_route=\/wp\/v2\/posts\/139502","targetHints":{"allow":["GET"]}}],"collection":[{"href":"https:\/\/gazetaregionalna.com\/index.php?rest_route=\/wp\/v2\/posts"}],"about":[{"href":"https:\/\/gazetaregionalna.com\/index.php?rest_route=\/wp\/v2\/types\/post"}],"author":[{"embeddable":true,"href":"https:\/\/gazetaregionalna.com\/index.php?rest_route=\/wp\/v2\/users\/25"}],"replies":[{"embeddable":true,"href":"https:\/\/gazetaregionalna.com\/index.php?rest_route=%2Fwp%2Fv2%2Fcomments&post=139502"}],"version-history":[{"count":1,"href":"https:\/\/gazetaregionalna.com\/index.php?rest_route=\/wp\/v2\/posts\/139502\/revisions"}],"predecessor-version":[{"id":139503,"href":"https:\/\/gazetaregionalna.com\/index.php?rest_route=\/wp\/v2\/posts\/139502\/revisions\/139503"}],"wp:featuredmedia":[{"embeddable":true,"href":"https:\/\/gazetaregionalna.com\/index.php?rest_route=\/wp\/v2\/media\/126180"}],"wp:attachment":[{"href":"https:\/\/gazetaregionalna.com\/index.php?rest_route=%2Fwp%2Fv2%2Fmedia&parent=139502"}],"wp:term":[{"taxonomy":"category","embeddable":true,"href":"https:\/\/gazetaregionalna.com\/index.php?rest_route=%2Fwp%2Fv2%2Fcategories&post=139502"},{"taxonomy":"post_tag","embeddable":true,"href":"https:\/\/gazetaregionalna.com\/index.php?rest_route=%2Fwp%2Fv2%2Ftags&post=139502"}],"curies":[{"name":"wp","href":"https:\/\/api.w.org\/{rel}","templated":true}]}}