{"id":139495,"date":"2025-07-22T20:41:22","date_gmt":"2025-07-22T20:41:22","guid":{"rendered":"https:\/\/gazetaregionalna.com\/?p=139495"},"modified":"2025-07-22T20:41:41","modified_gmt":"2025-07-22T20:41:41","slug":"27-swieto-pstraga","status":"publish","type":"post","link":"https:\/\/gazetaregionalna.com\/?p=139495","title":{"rendered":"W Z\u0142otym Potoku po raz 27. odb\u0119dzie si\u0119 \u015awi\u0119to Pstr\u0105ga. Jakie atrakcje przygotowano?"},"content":{"rendered":"\n<h2 class=\"wp-block-heading\">Ta impreza od lat cieszy si\u0119 sympati\u0105 mieszka\u0144c\u00f3w gminy Jan\u00f3w i ca\u0142ego regionu. Mowa oczywi\u015bcie o \u015awi\u0119cie Pstr\u0105ga, kt\u00f3re w niedziel\u0119, 3 sierpnia odb\u0119dzie si\u0119 po raz 27. <\/h2>\n\n\n\n<p>\u015awi\u0119to Pstr\u0105ga odb\u0119dzie si\u0119 na b\u0142oniach nad stawem Amerykan. 27. edycja imprezy przypadnie na pierwsz\u0105 niedziel\u0119 sierpnia. Atrakcje rozpoczn\u0105 si\u0119 w samo po\u0142udnie. Wtedy ruszy strefa animacji dla dzieci (w tym Piana Party).<\/p>\n\n\n\n<p>O godz. 13.30 przyjdzie pora na co\u015b dla cia\u0142a, bo przewidziano pokaz kulinarny &#8222;Flaczki z pstr\u0105ga&#8221; i degustacj\u0119 z wielkiej patelni.<\/p>\n\n\n\n<p>Artystyczny program zaplanowano od godz. 14. Wtedy na plenerowej scenie zagra zesp\u00f3\u0142 Bez Uziemienia. Godzin\u0119 p\u00f3\u017aniej kulinarny konkurs przeprowadzi Hotel Kmicic. <\/p>\n\n\n\n<figure class=\"wp-block-image size-large\"><img decoding=\"async\" width=\"1024\" height=\"683\" data-src=\"https:\/\/gazetaregionalna.com\/wp-content\/uploads\/2025\/07\/Wystep-Zespolu-Power-Play-XXVI-Swieto-Pstraga-1024x683.jpg\" alt=\"\" class=\"wp-image-139500 lazyload\" data-srcset=\"https:\/\/gazetaregionalna.com\/wp-content\/uploads\/2025\/07\/Wystep-Zespolu-Power-Play-XXVI-Swieto-Pstraga-1024x683.jpg 1024w, https:\/\/gazetaregionalna.com\/wp-content\/uploads\/2025\/07\/Wystep-Zespolu-Power-Play-XXVI-Swieto-Pstraga-300x200.jpg 300w, https:\/\/gazetaregionalna.com\/wp-content\/uploads\/2025\/07\/Wystep-Zespolu-Power-Play-XXVI-Swieto-Pstraga-768x512.jpg 768w, https:\/\/gazetaregionalna.com\/wp-content\/uploads\/2025\/07\/Wystep-Zespolu-Power-Play-XXVI-Swieto-Pstraga.jpg 1200w\" data-sizes=\"(max-width: 1024px) 100vw, 1024px\" src=\"data:image\/svg+xml;base64,PHN2ZyB3aWR0aD0iMSIgaGVpZ2h0PSIxIiB4bWxucz0iaHR0cDovL3d3dy53My5vcmcvMjAwMC9zdmciPjwvc3ZnPg==\" style=\"--smush-placeholder-width: 1024px; --smush-placeholder-aspect-ratio: 1024\/683;\" \/><figcaption class=\"wp-element-caption\">26. \u015awi\u0119to Pstr\u0105ga (archiwum organizator\u00f3w)<\/figcaption><\/figure>\n\n\n\n<p>Powr\u00f3t do koncertowania organizatorzy przewidzieli o godz. 15.30. W\u00f3wczas w ramach &#8222;Sceny M\u0142odych Talent\u00f3w&#8221; zaprezentuje si\u0119 Maja Wudecka. Pierwsz\u0105 gwiazd\u0105 imprezy b\u0119dzie z kolei Krystyna Gi\u017cowska, kt\u00f3ra oczaruje publiczno\u015b\u0107 ju\u017c o godz. 16. W repertuarze nie powinno zabrakn\u0105\u0107 takich przeboj\u00f3w jak m.in. &#8222;Prze\u017cy\u0142am z tob\u0105 tyle lat&#8221;, &#8222;Z\u0142ote obr\u0105czki&#8221;, &#8222;Nie by\u0142o ciebie tyle lat&#8221; oraz &#8222;Blue Box&#8221;.<\/p>\n\n\n\n<p>Nast\u0119pna na scenie b\u0119dzie kapela JAFER (godz. 17.15), a potem przyjdzie pora na kolejn\u0105 z gwiazd, kt\u00f3r\u0105 b\u0119dzie Micha\u0142 Milowicz (godz. 19). Aktor, kt\u00f3remu popularno\u015b\u0107 przynios\u0142y role w takich filmach jak &#8222;Ch\u0142opaki nie p\u0142acz\u0105&#8221; czy &#8222;Poranek kojota&#8221;, wyda\u0142 przed laty p\u0142yt\u0119 &#8222;Teraz wiesz&#8221;.<\/p>\n\n\n\n<figure class=\"wp-block-image size-large\"><img decoding=\"async\" width=\"1024\" height=\"683\" data-src=\"https:\/\/gazetaregionalna.com\/wp-content\/uploads\/2025\/07\/Wystep-kabaretu-OT.TO-XXVI-Swieto-Pstraga-2-1024x683.jpg\" alt=\"\" class=\"wp-image-139498 lazyload\" data-srcset=\"https:\/\/gazetaregionalna.com\/wp-content\/uploads\/2025\/07\/Wystep-kabaretu-OT.TO-XXVI-Swieto-Pstraga-2-1024x683.jpg 1024w, https:\/\/gazetaregionalna.com\/wp-content\/uploads\/2025\/07\/Wystep-kabaretu-OT.TO-XXVI-Swieto-Pstraga-2-300x200.jpg 300w, https:\/\/gazetaregionalna.com\/wp-content\/uploads\/2025\/07\/Wystep-kabaretu-OT.TO-XXVI-Swieto-Pstraga-2-768x512.jpg 768w, https:\/\/gazetaregionalna.com\/wp-content\/uploads\/2025\/07\/Wystep-kabaretu-OT.TO-XXVI-Swieto-Pstraga-2.jpg 1200w\" data-sizes=\"(max-width: 1024px) 100vw, 1024px\" src=\"data:image\/svg+xml;base64,PHN2ZyB3aWR0aD0iMSIgaGVpZ2h0PSIxIiB4bWxucz0iaHR0cDovL3d3dy53My5vcmcvMjAwMC9zdmciPjwvc3ZnPg==\" style=\"--smush-placeholder-width: 1024px; --smush-placeholder-aspect-ratio: 1024\/683;\" \/><figcaption class=\"wp-element-caption\">26. \u015awi\u0119to Pstr\u0105ga (archiwum organizator\u00f3w)<\/figcaption><\/figure>\n\n\n\n<p>Z kolei o godz. 20 scen\u0119 przejmie Mi\u0142y Pan, kt\u00f3ry w swoim repertuarze ma takich kawa\u0142ki jak &#8222;Kr\u00f3lowa&#8221;, &#8222;Ma\u0142olatki&#8221;, &#8222;Lovesong&#8221; i &#8222;Melan\u017c&#8221;. Po tym koncercie (o godz. 21) odb\u0119dzie si\u0119 dyskoteka pod gwiazdami, kt\u00f3r\u0105 poprowadzi DJ Dziki.<\/p>\n\n\n\n<p>27. \u015awi\u0119to Pstr\u0105ga poprowadzi Kamil Nosel. Wst\u0119p na imprez\u0119 jest wolny. Za jej organizacj\u0119 odpowiadaj\u0105 gmina Jan\u00f3w oraz Samorz\u0105dowy O\u015brodek Kultury i Sportu w Janowie.<\/p>\n\n\n\n<p>Wydarzeniami towarzysz\u0105cymi \u015bwi\u0119tu b\u0119d\u0105: zawody spinningowe na Irydionie (godz. 6) i Turniej Siatk\u00f3wki Pla\u017cowej Dw\u00f3jek M\u0119skich przy Stawie Amerykan (godz. 10.30).<\/p>\n\n\n\n<p><strong>red.<\/strong><\/p>\n","protected":false},"excerpt":{"rendered":"<p>Ta impreza od lat cieszy si\u0119 sympati\u0105 mieszka\u0144c\u00f3w gminy Jan\u00f3w i ca\u0142ego regionu. Mowa oczywi\u015bcie o \u015awi\u0119cie Pstr\u0105ga, kt\u00f3re w niedziel\u0119, 3 sierpnia odb\u0119dzie<\/p>\n","protected":false},"author":11,"featured_media":139499,"comment_status":"closed","ping_status":"open","sticky":false,"template":"","format":"standard","meta":{"_monsterinsights_skip_tracking":false,"_monsterinsights_sitenote_active":false,"_monsterinsights_sitenote_note":"","_monsterinsights_sitenote_category":0,"_uf_show_specific_survey":0,"_uf_disable_surveys":false,"footnotes":""},"categories":[12,3,2],"tags":[2619,1113,2463,684],"class_list":["post-139495","post","type-post","status-publish","format-standard","has-post-thumbnail","hentry","category-kultura-i-rozrywka","category-czestochowa-informacje","category-wiadomosci","tag-atrakcje","tag-gmina-janow","tag-swieto-pstraga","tag-zloty-potok"],"_links":{"self":[{"href":"https:\/\/gazetaregionalna.com\/index.php?rest_route=\/wp\/v2\/posts\/139495","targetHints":{"allow":["GET"]}}],"collection":[{"href":"https:\/\/gazetaregionalna.com\/index.php?rest_route=\/wp\/v2\/posts"}],"about":[{"href":"https:\/\/gazetaregionalna.com\/index.php?rest_route=\/wp\/v2\/types\/post"}],"author":[{"embeddable":true,"href":"https:\/\/gazetaregionalna.com\/index.php?rest_route=\/wp\/v2\/users\/11"}],"replies":[{"embeddable":true,"href":"https:\/\/gazetaregionalna.com\/index.php?rest_route=%2Fwp%2Fv2%2Fcomments&post=139495"}],"version-history":[{"count":3,"href":"https:\/\/gazetaregionalna.com\/index.php?rest_route=\/wp\/v2\/posts\/139495\/revisions"}],"predecessor-version":[{"id":139501,"href":"https:\/\/gazetaregionalna.com\/index.php?rest_route=\/wp\/v2\/posts\/139495\/revisions\/139501"}],"wp:featuredmedia":[{"embeddable":true,"href":"https:\/\/gazetaregionalna.com\/index.php?rest_route=\/wp\/v2\/media\/139499"}],"wp:attachment":[{"href":"https:\/\/gazetaregionalna.com\/index.php?rest_route=%2Fwp%2Fv2%2Fmedia&parent=139495"}],"wp:term":[{"taxonomy":"category","embeddable":true,"href":"https:\/\/gazetaregionalna.com\/index.php?rest_route=%2Fwp%2Fv2%2Fcategories&post=139495"},{"taxonomy":"post_tag","embeddable":true,"href":"https:\/\/gazetaregionalna.com\/index.php?rest_route=%2Fwp%2Fv2%2Ftags&post=139495"}],"curies":[{"name":"wp","href":"https:\/\/api.w.org\/{rel}","templated":true}]}}