{"id":139487,"date":"2025-07-22T14:54:53","date_gmt":"2025-07-22T14:54:53","guid":{"rendered":"https:\/\/gazetaregionalna.com\/?p=139487"},"modified":"2025-07-22T14:55:08","modified_gmt":"2025-07-22T14:55:08","slug":"patrycja-jundzill-po-wywalczeniu-zlota-ame-to-byl-turniej-pelen-wzlotow-i-upadkow-wiec-zloto-cieszy-jeszcze-bardziej","status":"publish","type":"post","link":"https:\/\/gazetaregionalna.com\/?p=139487","title":{"rendered":"Patrycja Jundzi\u0142\u0142 po wywalczeniu z\u0142ota AME: To by\u0142 turniej pe\u0142en wzlot\u00f3w i upadk\u00f3w wi\u0119c z\u0142oto cieszy jeszcze bardziej&#8230;"},"content":{"rendered":"\n<p>Pochodz\u0105ca z Cz\u0119stochowy Patrycja Jundzi\u0142\u0142 w parze z Juli\u0105 Gierczy\u0144sk\u0105 wywalczy\u0142a w miniony weekend w hiszpa\u0144skiej Grenadzie z\u0142oty medal Akademickich Mistrzostw Europy w siatk\u00f3wce pla\u017cowej.<\/p>\n\n\n\n<p>Cz\u0119stochowianka reprezentowa\u0142a barwy Uniwersytetu Warszawa. \u201eGazeta Regionalna\u201d zapyta\u0142a Patrycj\u0119 Jundzi\u0142\u0142 o wra\u017cenia z mistrzostw. Cz\u0119stochowianka wsp\u00f3lnie zw swoj\u0105 partnerk\u0105 b\u0119d\u0105 przygotowywa\u0107 si\u0119 teraz do turnieju fina\u0142owego mistrzostw Polski, kt\u00f3ry w drugiej po\u0142owie sierpnia zaplanowany jest w Poznaniu.<\/p>\n\n\n\n<p><strong>Gazeta Regionalna: Z jakim nastawieniem jecha\u0142y\u015bcie do Hiszpanii na Akademickie Mistrzostwa Europy?<\/strong><\/p>\n\n\n\n<p>Patrycja Jundzi\u0142\u0142: &#8211; Jad\u0105c do Hiszpanii, wiedzia\u0142y\u015bmy, \u017ce sta\u0107 nas na dobry wynik. Rok temu zdoby\u0142y\u015bmy br\u0105zowy medal, wi\u0119c tym bardziej chcia\u0142y\u015bmy poprawi\u0107 sw\u00f3j wynik z ubieg\u0142ego roku. Przede wszystkim naszym celem by\u0142o to, aby zaprezentowa\u0107 sw\u00f3j dobry poziom i czerpa\u0107 jak najwi\u0119cej rado\u015bci z gry. Tak nam si\u0119 gra najlepiej i wiemy, \u017ce to niesie za sob\u0105 dobre wyniki.<\/p>\n\n\n\n<p><strong>Co by\u0142o celem? Jak ocenianie mistrzostwa? Czy by\u0142o trudno wygra\u0107?<\/strong><\/p>\n\n\n\n<p>&#8211; Czy by\u0142o trudno wygra\u0107? Ten turniej by\u0142 dla nas bardzo wymagaj\u0105cy. Zmaga\u0142y\u015bmy si\u0119 nie tylko z przeciwnikami, ale r\u00f3wnie\u017c z pogod\u0105. Pogoda w Polsce nie rozpieszcza\u0142a ostatnio, wi\u0119c nie by\u0142y\u015bmy gotowe na granie w 40 stopniach w pe\u0142nym s\u0142o\u0144cu! Natomiast turniej roz\u0142o\u017cony by\u0142 na 4 dni wi\u0119c gra\u0142y\u015bmy maksymalnie 2 mecze dziennie. Na tym turnieju mia\u0142y\u015bmy swoje lepsze i s\u0142absze momenty. Najtrudniejszy by\u0142 moim zdaniem \u0107wier\u0107fina\u0142 z Francj\u0105, gdzie by\u0142y\u015bmy bardzo blisko po\u017cegnania si\u0119 z turniejem, bo przegrywa\u0142y\u015bmy ju\u017c 4:10 w tie-breaku&#8230; Ostatecznie wygra\u0142y\u015bmy go dopiero 23:21, czym udowodni\u0142y\u015bmy sobie po raz kolejny, \u017ce warto walczy\u0107 do samego ko\u0144ca.<\/p>\n\n\n\n<p><strong>Z kim gra\u0142y\u015bcie p\u00f3\u0142fina\u0142 i fina\u0142? Co czeka Was w najbli\u017cszym czasie?<\/strong><\/p>\n\n\n\n<p>&#8211; P\u00f3\u0142fina\u0142 gra\u0142y\u015bmy z Austri\u0105 i wygra\u0142y\u015bmy 2:0, a fina\u0142 z Litwinkami, gdzie o zwyci\u0119stwie zn\u00f3w zadecydowa\u0142 tie-break. Tak jak wspomnia\u0142am, by\u0142 to turniej pe\u0142en wzlot\u00f3w i upadk\u00f3w wi\u0119c to z\u0142oto cieszy jeszcze bardziej. Kolejnym naszym turniejem b\u0119dzie turniej queen &amp; king of the court w Libi\u0105\u017cu. Nast\u0119pnie b\u0119dziemy przygotowywa\u0107 si\u0119 do fina\u0142\u00f3w mistrzostw Polski, kt\u00f3re odb\u0119d\u0105 si\u0119 za miesi\u0105c w Poznaniu.<\/p>\n\n\n\n<p><strong>Dzi\u0119kujemy za rozmow\u0119.<\/strong><\/p>\n\n\n\n<p>AK, fot: Archiwum Patrycji Jundzi\u0142\u0142<\/p>\n\n\n\n<p>Partnerami relacji sportowych s\u0105:<\/p>\n\n\n\n<p>DMK Invest materia\u0142y budowlane Konopiska (<a rel=\"noreferrer noopener\" href=\"http:\/\/www.dmkinvest.pl\/\" target=\"_blank\">www.dmkinvest.pl<\/a>)<\/p>\n\n\n\n<p>Centrum Nieruchomo\u015bci i Finans\u00f3w (<a href=\"http:\/\/www.cnif.pl\/\" target=\"_blank\" rel=\"noreferrer noopener\">www.cnif.pl<\/a>)<\/p>\n\n\n\n<figure class=\"wp-block-image size-large\"><img decoding=\"async\" width=\"1024\" height=\"576\" data-src=\"https:\/\/gazetaregionalna.com\/wp-content\/uploads\/2025\/07\/Jundzill-2-1024x576.jpg\" alt=\"\" class=\"wp-image-139489 lazyload\" data-srcset=\"https:\/\/gazetaregionalna.com\/wp-content\/uploads\/2025\/07\/Jundzill-2-1024x576.jpg 1024w, https:\/\/gazetaregionalna.com\/wp-content\/uploads\/2025\/07\/Jundzill-2-300x169.jpg 300w, https:\/\/gazetaregionalna.com\/wp-content\/uploads\/2025\/07\/Jundzill-2-768x432.jpg 768w, https:\/\/gazetaregionalna.com\/wp-content\/uploads\/2025\/07\/Jundzill-2-1536x864.jpg 1536w, https:\/\/gazetaregionalna.com\/wp-content\/uploads\/2025\/07\/Jundzill-2-scaled.jpg 1600w\" data-sizes=\"(max-width: 1024px) 100vw, 1024px\" src=\"data:image\/svg+xml;base64,PHN2ZyB3aWR0aD0iMSIgaGVpZ2h0PSIxIiB4bWxucz0iaHR0cDovL3d3dy53My5vcmcvMjAwMC9zdmciPjwvc3ZnPg==\" style=\"--smush-placeholder-width: 1024px; --smush-placeholder-aspect-ratio: 1024\/576;\" \/><\/figure>\n\n\n\n<figure class=\"wp-block-image size-large\"><img decoding=\"async\" width=\"1024\" height=\"1024\" data-src=\"https:\/\/gazetaregionalna.com\/wp-content\/uploads\/2025\/06\/dmk_28_06-1024x1024.jpg\" alt=\"\" class=\"wp-image-138817 lazyload\" data-srcset=\"https:\/\/gazetaregionalna.com\/wp-content\/uploads\/2025\/06\/dmk_28_06-1024x1024.jpg 1024w, https:\/\/gazetaregionalna.com\/wp-content\/uploads\/2025\/06\/dmk_28_06-300x300.jpg 300w, https:\/\/gazetaregionalna.com\/wp-content\/uploads\/2025\/06\/dmk_28_06-150x150.jpg 150w, https:\/\/gazetaregionalna.com\/wp-content\/uploads\/2025\/06\/dmk_28_06-768x768.jpg 768w, https:\/\/gazetaregionalna.com\/wp-content\/uploads\/2025\/06\/dmk_28_06-215x215.jpg 215w, https:\/\/gazetaregionalna.com\/wp-content\/uploads\/2025\/06\/dmk_28_06.jpg 1080w\" data-sizes=\"(max-width: 1024px) 100vw, 1024px\" src=\"data:image\/svg+xml;base64,PHN2ZyB3aWR0aD0iMSIgaGVpZ2h0PSIxIiB4bWxucz0iaHR0cDovL3d3dy53My5vcmcvMjAwMC9zdmciPjwvc3ZnPg==\" style=\"--smush-placeholder-width: 1024px; --smush-placeholder-aspect-ratio: 1024\/1024;\" \/><\/figure>\n\n\n\n<figure class=\"wp-block-image size-large\"><img decoding=\"async\" width=\"1024\" height=\"1024\" data-src=\"https:\/\/gazetaregionalna.com\/wp-content\/uploads\/2025\/05\/Rakow-Widzew-10-1024x1024.jpg\" alt=\"\" class=\"wp-image-137437 lazyload\" data-srcset=\"https:\/\/gazetaregionalna.com\/wp-content\/uploads\/2025\/05\/Rakow-Widzew-10-1024x1024.jpg 1024w, https:\/\/gazetaregionalna.com\/wp-content\/uploads\/2025\/05\/Rakow-Widzew-10-300x300.jpg 300w, https:\/\/gazetaregionalna.com\/wp-content\/uploads\/2025\/05\/Rakow-Widzew-10-150x150.jpg 150w, https:\/\/gazetaregionalna.com\/wp-content\/uploads\/2025\/05\/Rakow-Widzew-10-768x768.jpg 768w, https:\/\/gazetaregionalna.com\/wp-content\/uploads\/2025\/05\/Rakow-Widzew-10-215x215.jpg 215w, https:\/\/gazetaregionalna.com\/wp-content\/uploads\/2025\/05\/Rakow-Widzew-10.jpg 1200w\" data-sizes=\"(max-width: 1024px) 100vw, 1024px\" src=\"data:image\/svg+xml;base64,PHN2ZyB3aWR0aD0iMSIgaGVpZ2h0PSIxIiB4bWxucz0iaHR0cDovL3d3dy53My5vcmcvMjAwMC9zdmciPjwvc3ZnPg==\" style=\"--smush-placeholder-width: 1024px; --smush-placeholder-aspect-ratio: 1024\/1024;\" \/><\/figure>\n","protected":false},"excerpt":{"rendered":"<p>Pochodz\u0105ca z Cz\u0119stochowy Patrycja Jundzi\u0142\u0142 w parze z Juli\u0105 Gierczy\u0144sk\u0105 wywalczy\u0142a w miniony weekend w hiszpa\u0144skiej Grenadzie z\u0142oty medal Akademickich Mistrzostw Europy w siatk\u00f3wce<\/p>\n","protected":false},"author":15,"featured_media":139489,"comment_status":"closed","ping_status":"open","sticky":false,"template":"","format":"standard","meta":{"_monsterinsights_skip_tracking":false,"_monsterinsights_sitenote_active":false,"_monsterinsights_sitenote_note":"","_monsterinsights_sitenote_category":0,"_uf_show_specific_survey":0,"_uf_disable_surveys":false,"footnotes":""},"categories":[94,8,5],"tags":[],"class_list":["post-139487","post","type-post","status-publish","format-standard","has-post-thumbnail","hentry","category-polecane","category-siatkowka","category-sport"],"_links":{"self":[{"href":"https:\/\/gazetaregionalna.com\/index.php?rest_route=\/wp\/v2\/posts\/139487","targetHints":{"allow":["GET"]}}],"collection":[{"href":"https:\/\/gazetaregionalna.com\/index.php?rest_route=\/wp\/v2\/posts"}],"about":[{"href":"https:\/\/gazetaregionalna.com\/index.php?rest_route=\/wp\/v2\/types\/post"}],"author":[{"embeddable":true,"href":"https:\/\/gazetaregionalna.com\/index.php?rest_route=\/wp\/v2\/users\/15"}],"replies":[{"embeddable":true,"href":"https:\/\/gazetaregionalna.com\/index.php?rest_route=%2Fwp%2Fv2%2Fcomments&post=139487"}],"version-history":[{"count":2,"href":"https:\/\/gazetaregionalna.com\/index.php?rest_route=\/wp\/v2\/posts\/139487\/revisions"}],"predecessor-version":[{"id":139491,"href":"https:\/\/gazetaregionalna.com\/index.php?rest_route=\/wp\/v2\/posts\/139487\/revisions\/139491"}],"wp:featuredmedia":[{"embeddable":true,"href":"https:\/\/gazetaregionalna.com\/index.php?rest_route=\/wp\/v2\/media\/139489"}],"wp:attachment":[{"href":"https:\/\/gazetaregionalna.com\/index.php?rest_route=%2Fwp%2Fv2%2Fmedia&parent=139487"}],"wp:term":[{"taxonomy":"category","embeddable":true,"href":"https:\/\/gazetaregionalna.com\/index.php?rest_route=%2Fwp%2Fv2%2Fcategories&post=139487"},{"taxonomy":"post_tag","embeddable":true,"href":"https:\/\/gazetaregionalna.com\/index.php?rest_route=%2Fwp%2Fv2%2Ftags&post=139487"}],"curies":[{"name":"wp","href":"https:\/\/api.w.org\/{rel}","templated":true}]}}