{"id":139484,"date":"2025-07-23T04:36:00","date_gmt":"2025-07-23T04:36:00","guid":{"rendered":"https:\/\/gazetaregionalna.com\/?p=139484"},"modified":"2025-07-22T14:48:09","modified_gmt":"2025-07-22T14:48:09","slug":"rakow-po-raz-4-zagra-w-europie-ma-za-soba-juz-26-oficjalnych-meczowhistoria","status":"publish","type":"post","link":"https:\/\/gazetaregionalna.com\/?p=139484","title":{"rendered":"Rak\u00f3w po raz 4 zagra w Europie! Ma za sob\u0105 ju\u017c 26 oficjalnych mecz\u00f3w\u2026[HISTORIA]"},"content":{"rendered":"\n<p>Pi\u0142karze Rakowa Cz\u0119stochowa zdobywaj\u0105c medal w PKO BP Ekstraklasie zapewnili sobie jednocze\u015bnie gr\u0119 w europejskich pucharach. Zesp\u00f3\u0142 z Cz\u0119stochowy po raz 4 zaprezentuje si\u0119 w Europie! Ju\u017c w czwartek odb\u0119dzie si\u0119 27. mecz Rakowa w europejskich pucharach czyli pierwszy z dw\u00f3ch pojedynk\u00f3w ze s\u0142owack\u0105 MSK \u017bilina w 2. rundzie eliminacji do Ligi Konferencji UEFA.<\/p>\n\n\n\n<p>Po roku przerwy pi\u0142karze Rakowa Cz\u0119stochowa wracaj\u0105 do gry w europejskich pucharach. Dru\u017cyna z Cz\u0119stochowy ma za sob\u0105 gr\u0119 w eliminacjach do Ligi Mistrz\u00f3w, w fazie grupowej Ligi Europy, a tak\u017ce w Lidze Konferencji Europy.<\/p>\n\n\n\n<p>Rak\u00f3w zadebiutowa\u0142 w europejskich pucharach w 2021 roku. Pierwsze spotkanie rozegra\u0142 na Litwie, gdzie bezbramkowo zremisowa\u0142 z Suduva Mariampol. W rewan\u017cu w Bielsku-Bia\u0142ej te\u017c by\u0142 remis 0:0 i o awansie do 3. rundy eliminacji decydowa\u0142y rzuty karne. Te lepiej wykonywa\u0142 Rak\u00f3w (4:3) i przeszed\u0142 do 3. rundy eliminacji LKE. Tam trafi\u0142 na rosyjski Rubin Kaza\u0144. Po bezbramkowym remisie w Polsce 0:0, Rak\u00f3w wygra\u0142 w Kazaniu 1:0 po dogrywce i awansowa\u0142 do ostatniej, 4. rundy eliminacji.<\/p>\n\n\n\n<p>W pierwszym spotkaniu z belgijskim KAA Gent czerwono-niebiescy wygrali u siebie 1:0. W rewan\u017cu nie by\u0142o ju\u017c tak dobrze. Rak\u00f3w przegra\u0142 0:3 i zako\u0144czy\u0142 sw\u00f3j udzia\u0142 w europejskich rozgrywkach.<\/p>\n\n\n\n<p>Po raz drugi Rak\u00f3w w europejskich pucharach gra\u0142 w 2022 roku. I historia by\u0142a taka sama jak podczas debiutu. Czerwono-niebiescy rozpocz\u0119li gr\u0119 od 2. rundy eliminacji w Lidze Konferencji Europy. Rak\u00f3w \u0142atwo upora\u0142 si\u0119 z FC Astana z Kazachstanu wygrywaj\u0105c 5:0 u siebie i 1:0 w Astanie. W 3. rundzie eliminacje dru\u017cyna trenera Marka Papszuna wyeliminowa\u0142a s\u0142owacki Spartaka Trnava odnosz\u0105c dwa zwyci\u0119stwa 1:0 i 2:0. W ostatniej, 4 rundzie cz\u0119stochowianie grali z czesk\u0105 Slavi\u0105 Praga. U siebie wygrali 2:1, a rewan\u017cu przegrali 0:2 po dogrywce i odpadli z rywalizacji. Gospodarze zwyci\u0119sk\u0105 bramk\u0119 zdobyli w ostatniej minucie dogrywki, gdy wszyscy szykowali si\u0119 na rzuty karne\u2026<\/p>\n\n\n\n<p>Rak\u00f3w swoje pierwsze w historii mistrzostwo Polski zdoby\u0142 w 2023 roku. Dzi\u0119ki temu po raz pierwszy w historii zagra\u0142 w eliminacjach do Ligi Mistrz\u00f3w. Dru\u017cyna Rakowa pod wodz\u0105 trenera Dawida Szwargi w 1. rundzie eliminacji \u201eodprawi\u0142a\u201d esto\u0144sk\u0105 Flor\u0119 Tallin odnosz\u0105c dwa zwyci\u0119stwa (1:0 i 3:0). W 2. rundzie eliminacji do LM Rak\u00f3w wyeliminowa\u0142 faworyzowany Qarabag Agdam z Azerbejd\u017canu. Przy Limanowskiego Rak\u00f3w wygra\u0142 3:2. Gola na wag\u0119 zwyci\u0119stwa zdoby\u0142 w swoim debiucie Sony Kittel, kt\u00f3ry chwil\u0119 wcze\u015bniej wszed\u0142 na boisko&#8230;W rewan\u017cu by\u0142 remis 1:1 i to Rak\u00f3w m\u00f3g\u0142 cieszy\u0107 si\u0119 z awansu do 3. rundy! A tam czeka\u0142 cypryjski Aris Limassol. Rak\u00f3w wygra\u0142 pierwszy mecz 2:1. Sprawa awansu w rewan\u017cu by\u0142a spraw\u0105 otwart\u0105. Gospodarze chcieli wykorzysta\u0107 sierpniowe upa\u0142y panuj\u0105ce na Cyprze. Cz\u0119stochowianie wygrali 1:0 po golu Frana Tudora i awansowali do 4. rundy play-off eliminacji do Ligi Mistrz\u00f3w!<\/p>\n\n\n\n<p>Dzi\u0119ki temu w Sosnowcu kibice Rakowa po raz pierwszy na meczu z udzia\u0142em cz\u0119stochowskiej dru\u017cyny mogli us\u0142ysze\u0107 hymn Ligi Mistrz\u00f3w. Rak\u00f3w o awans do rozgrywek grupowych rywalizowa\u0142 z mistrzem Danii FC Kopenhaga.<\/p>\n\n\n\n<p>W Sosnowcu 1:0 wygrali Du\u0144czycy. W rewan\u017cu w Kopenhadze by\u0142 remis 1:1, cho\u0107 Rak\u00f3w napiera\u0142 do samego ko\u0144ca i by\u0142 bliski strzelenia drugiej bramki. Ostatecznie do fazy grupowej awansowa\u0142 FC Kopenhaga, kt\u00f3ry nast\u0119pnie zaj\u0105\u0142 2. miejsce wyprzedzaj\u0105c w grupie Manchester United i Galatasaray Stambu\u0142\u2026<\/p>\n\n\n\n<p>Po walce w eliminacjach do Ligi Mistrz\u00f3w cz\u0119stochowianie znale\u017ali si\u0119 w fazie grupowej Ligi Europy, gdzie mierzyli si\u0119 z portugalskim Sportingiem Lizbona, w\u0142osk\u0105 Atalant\u0105 Bergami i austriackim Sturm Graz. W 6. meczach Rak\u00f3w zdoby\u0142 4 punkty i zaj\u0105\u0142 4. miejsce w grupie. Czerwono-niebiescy dwa razy przegrali z Atalant\u0105 Bergamo (0:2 i 0:4), zremisowali 1:1 i przegrali 1:2 ze Sportingiem Lizbona oraz przegrali 0:1 i wygrali 1:0 ze Sturm Graz.<\/p>\n\n\n\n<p>Dru\u017cyna z Cz\u0119stochowy rozegra\u0142a w europejskich pucharach przez 3 sezony 26 oficjalnych mecz\u00f3w. Kibice Rakowa teraz z niecierpliwo\u015bci\u0105 b\u0119d\u0105 czeka\u0107 na 27. i 28. mecz ze s\u0142owack\u0105 MKS \u017bilina, kt\u00f3ra jest rywalem Rakowa w 2. rundzie eliminacji do Ligi Konferencji Europy. Je\u015bli czerwono-niebiescy wyeliminuj\u0105 dru\u017cyn\u0119 ze S\u0142owacji to w 3. rundzie eliminacji zmierz\u0105 si\u0119 ze zwyci\u0119zc\u0105 z pary: Torpedo \u017bodzino (Bia\u0142oru\u015b) \u2013 Maccabi Hajfa (Izrael). Mecze te s\u0105 zaplanowane na 7 i 14 sierpnia 2025 roku.<\/p>\n\n\n\n<p>Czwartkowy mecz w Cz\u0119stochowie z MSK \u017bilina zaplanowano o godz. 21. Rewan\u017c 31 lipca na S\u0142owacji.<\/p>\n\n\n\n<p>MR-K, fot: AK<\/p>\n\n\n\n<p>Partnerami relacji sportowych s\u0105:<\/p>\n\n\n\n<p>DMK Invest materia\u0142y budowlane Konopiska (<a rel=\"noreferrer noopener\" href=\"http:\/\/www.dmkinvest.pl\/\" target=\"_blank\">www.dmkinvest.pl<\/a>)<\/p>\n\n\n\n<p>Centrum Nieruchomo\u015bci i Finans\u00f3w (<a href=\"http:\/\/www.cnif.pl\/\" target=\"_blank\" rel=\"noreferrer noopener\">www.cnif.pl<\/a>)<\/p>\n\n\n\n<figure class=\"wp-block-image size-large\"><img decoding=\"async\" width=\"1024\" height=\"683\" data-src=\"https:\/\/gazetaregionalna.com\/wp-content\/uploads\/2025\/07\/GKS-Rakow-0-1024x683.jpg\" alt=\"\" class=\"wp-image-139485 lazyload\" data-srcset=\"https:\/\/gazetaregionalna.com\/wp-content\/uploads\/2025\/07\/GKS-Rakow-0-1024x683.jpg 1024w, https:\/\/gazetaregionalna.com\/wp-content\/uploads\/2025\/07\/GKS-Rakow-0-300x200.jpg 300w, https:\/\/gazetaregionalna.com\/wp-content\/uploads\/2025\/07\/GKS-Rakow-0-768x512.jpg 768w, https:\/\/gazetaregionalna.com\/wp-content\/uploads\/2025\/07\/GKS-Rakow-0.jpg 1200w\" data-sizes=\"(max-width: 1024px) 100vw, 1024px\" src=\"data:image\/svg+xml;base64,PHN2ZyB3aWR0aD0iMSIgaGVpZ2h0PSIxIiB4bWxucz0iaHR0cDovL3d3dy53My5vcmcvMjAwMC9zdmciPjwvc3ZnPg==\" style=\"--smush-placeholder-width: 1024px; --smush-placeholder-aspect-ratio: 1024\/683;\" \/><\/figure>\n\n\n\n<figure class=\"wp-block-image size-large\"><img decoding=\"async\" width=\"1024\" height=\"1024\" data-src=\"https:\/\/gazetaregionalna.com\/wp-content\/uploads\/2025\/06\/dmk_28_06-1024x1024.jpg\" alt=\"\" class=\"wp-image-138817 lazyload\" data-srcset=\"https:\/\/gazetaregionalna.com\/wp-content\/uploads\/2025\/06\/dmk_28_06-1024x1024.jpg 1024w, https:\/\/gazetaregionalna.com\/wp-content\/uploads\/2025\/06\/dmk_28_06-300x300.jpg 300w, https:\/\/gazetaregionalna.com\/wp-content\/uploads\/2025\/06\/dmk_28_06-150x150.jpg 150w, https:\/\/gazetaregionalna.com\/wp-content\/uploads\/2025\/06\/dmk_28_06-768x768.jpg 768w, https:\/\/gazetaregionalna.com\/wp-content\/uploads\/2025\/06\/dmk_28_06-215x215.jpg 215w, https:\/\/gazetaregionalna.com\/wp-content\/uploads\/2025\/06\/dmk_28_06.jpg 1080w\" data-sizes=\"(max-width: 1024px) 100vw, 1024px\" src=\"data:image\/svg+xml;base64,PHN2ZyB3aWR0aD0iMSIgaGVpZ2h0PSIxIiB4bWxucz0iaHR0cDovL3d3dy53My5vcmcvMjAwMC9zdmciPjwvc3ZnPg==\" style=\"--smush-placeholder-width: 1024px; --smush-placeholder-aspect-ratio: 1024\/1024;\" \/><\/figure>\n\n\n\n<figure class=\"wp-block-image size-large\"><img decoding=\"async\" width=\"1024\" height=\"1024\" data-src=\"https:\/\/gazetaregionalna.com\/wp-content\/uploads\/2025\/05\/Rakow-Widzew-10-1024x1024.jpg\" alt=\"\" class=\"wp-image-137437 lazyload\" data-srcset=\"https:\/\/gazetaregionalna.com\/wp-content\/uploads\/2025\/05\/Rakow-Widzew-10-1024x1024.jpg 1024w, https:\/\/gazetaregionalna.com\/wp-content\/uploads\/2025\/05\/Rakow-Widzew-10-300x300.jpg 300w, https:\/\/gazetaregionalna.com\/wp-content\/uploads\/2025\/05\/Rakow-Widzew-10-150x150.jpg 150w, https:\/\/gazetaregionalna.com\/wp-content\/uploads\/2025\/05\/Rakow-Widzew-10-768x768.jpg 768w, https:\/\/gazetaregionalna.com\/wp-content\/uploads\/2025\/05\/Rakow-Widzew-10-215x215.jpg 215w, https:\/\/gazetaregionalna.com\/wp-content\/uploads\/2025\/05\/Rakow-Widzew-10.jpg 1200w\" data-sizes=\"(max-width: 1024px) 100vw, 1024px\" src=\"data:image\/svg+xml;base64,PHN2ZyB3aWR0aD0iMSIgaGVpZ2h0PSIxIiB4bWxucz0iaHR0cDovL3d3dy53My5vcmcvMjAwMC9zdmciPjwvc3ZnPg==\" style=\"--smush-placeholder-width: 1024px; --smush-placeholder-aspect-ratio: 1024\/1024;\" \/><\/figure>\n","protected":false},"excerpt":{"rendered":"<p>Pi\u0142karze Rakowa Cz\u0119stochowa zdobywaj\u0105c medal w PKO BP Ekstraklasie zapewnili sobie jednocze\u015bnie gr\u0119 w europejskich pucharach. Zesp\u00f3\u0142 z Cz\u0119stochowy po raz 4 zaprezentuje si\u0119<\/p>\n","protected":false},"author":15,"featured_media":139485,"comment_status":"closed","ping_status":"open","sticky":false,"template":"","format":"standard","meta":{"_monsterinsights_skip_tracking":false,"_monsterinsights_sitenote_active":false,"_monsterinsights_sitenote_note":"","_monsterinsights_sitenote_category":0,"_uf_show_specific_survey":0,"_uf_disable_surveys":false,"footnotes":""},"categories":[94,6,5],"tags":[],"class_list":["post-139484","post","type-post","status-publish","format-standard","has-post-thumbnail","hentry","category-polecane","category-pilka-nozna","category-sport"],"_links":{"self":[{"href":"https:\/\/gazetaregionalna.com\/index.php?rest_route=\/wp\/v2\/posts\/139484","targetHints":{"allow":["GET"]}}],"collection":[{"href":"https:\/\/gazetaregionalna.com\/index.php?rest_route=\/wp\/v2\/posts"}],"about":[{"href":"https:\/\/gazetaregionalna.com\/index.php?rest_route=\/wp\/v2\/types\/post"}],"author":[{"embeddable":true,"href":"https:\/\/gazetaregionalna.com\/index.php?rest_route=\/wp\/v2\/users\/15"}],"replies":[{"embeddable":true,"href":"https:\/\/gazetaregionalna.com\/index.php?rest_route=%2Fwp%2Fv2%2Fcomments&post=139484"}],"version-history":[{"count":1,"href":"https:\/\/gazetaregionalna.com\/index.php?rest_route=\/wp\/v2\/posts\/139484\/revisions"}],"predecessor-version":[{"id":139486,"href":"https:\/\/gazetaregionalna.com\/index.php?rest_route=\/wp\/v2\/posts\/139484\/revisions\/139486"}],"wp:featuredmedia":[{"embeddable":true,"href":"https:\/\/gazetaregionalna.com\/index.php?rest_route=\/wp\/v2\/media\/139485"}],"wp:attachment":[{"href":"https:\/\/gazetaregionalna.com\/index.php?rest_route=%2Fwp%2Fv2%2Fmedia&parent=139484"}],"wp:term":[{"taxonomy":"category","embeddable":true,"href":"https:\/\/gazetaregionalna.com\/index.php?rest_route=%2Fwp%2Fv2%2Fcategories&post=139484"},{"taxonomy":"post_tag","embeddable":true,"href":"https:\/\/gazetaregionalna.com\/index.php?rest_route=%2Fwp%2Fv2%2Ftags&post=139484"}],"curies":[{"name":"wp","href":"https:\/\/api.w.org\/{rel}","templated":true}]}}