{"id":139482,"date":"2025-07-22T14:27:50","date_gmt":"2025-07-22T14:27:50","guid":{"rendered":"https:\/\/gazetaregionalna.com\/?p=139482"},"modified":"2025-07-22T14:27:52","modified_gmt":"2025-07-22T14:27:52","slug":"back-to-europe-w-czwartek-pierwszy-mecz-rakowa-z-slowacka-msk-zilina-w-lke","status":"publish","type":"post","link":"https:\/\/gazetaregionalna.com\/?p=139482","title":{"rendered":"Back to Europe! W czwartek pierwszy mecz Rakowa z s\u0142owack\u0105 MSK \u017bilina w LKE"},"content":{"rendered":"\n<p>Rak\u00f3w Cz\u0119stochowa dzi\u0119ki wywalczeniu wicemistrzostwa Polski zagra po raz czwarty w historii w europejskich pucharach. Cz\u0119stochowianie rywalizowa\u0107 b\u0119d\u0105 w eliminacjach do Ligi Konferencji UEFA, a pierwszym rywalem b\u0119dzie s\u0142owacka MSK \u017bilina.<\/p>\n\n\n\n<p>Srebrny i br\u0105zowy medalista PKO BP Ekstraklasy rozpocznie swoj\u0105 gr\u0119 w europejskich pucharach od 2. rundy eliminacji. Ta zaplanowana jest na 24 i 31 lipca 2025 roku. Dru\u017cyny 1. rund\u0119 eliminacji rozegra\u0142y 10 lipca i 17 lipca 2025. Rozgrywki toczy\u0107 si\u0119 b\u0119d\u0105 co tydzie\u0144. W przypadku awansu do 3. rundy eliminacji Ligi Konferencji UEFA Rak\u00f3w rozegra swoje mecze 7 i 14 sierpnia ze zwyci\u0119zc\u0105 z pary: Torpedo \u017bodzino (Bia\u0142oru\u015b) \u2013 Maccabi Hajfa (Izrael). Ostatnia 4. runda eliminacji planowana jest na 21 i 28 sierpnia 2025 roku. Faza grupowa LKE ma rozpocz\u0105\u0107 si\u0119 2 pa\u017adziernika 2025.<\/p>\n\n\n\n<p>To 4 sezon Rakowa w europejskich pucharach. \u0141\u0105cznie czerwono-niebiescy rozegrali ju\u017c 26 oficjalnych spotka\u0144. Mecze z MSK \u017bylina b\u0119d\u0105 27. i 28 na \u201eeuropejskich salonach\u201d\u2026<\/p>\n\n\n\n<p>Pierwsze spotkanie z MSK \u017bilina odb\u0119dzie si\u0119 w czwartek w Cz\u0119stochowie. Pocz\u0105tek o godz. 21. Rewan\u017c w \u017bilinie zaplanowany jest na 31 lipca.<\/p>\n\n\n\n<p>MSK \u017bilina to wicemistrz S\u0142owacji. Walk\u0119 o tytu\u0142 przegra\u0142 ze Slovanem Bratys\u0142awa, ale na podium wyprzedzi\u0142 br\u0105zowego medalist\u0119 mistrzostw S\u0142owacji Spartaka Trnava.<\/p>\n\n\n\n<p>Patrz\u0105c na logistyk\u0119 to Rak\u00f3w wylosowa\u0142 najlepiej jak m\u00f3g\u0142. Z Cz\u0119stochowy do \u017biliny jest ok. 240 kilometr\u00f3w. Dru\u017cyna ze S\u0142owacji w Cz\u0119stochowie pojawi si\u0119 dzie\u0144 przed meczem. O godz. 18 w \u015brod\u0119 zaplanowana jest konferencja prasowa z przedstawicielami MSK, a o godz. 19 rywale Rakowa maj\u0105 zaplanowany trening.<\/p>\n\n\n\n<p>Rak\u00f3w w przesz\u0142o\u015bci rywalizowa\u0142 w europejskich pucharach z dru\u017cyn\u0105 ze S\u0142owacji. W 2022 roku Rak\u00f3w w eliminacjach do Ligi Konferencji Europy gra\u0142 ze Spartakiem Trnava. W 3. rundzie eliminacje dru\u017cyna trenera Marka Papszuna wyeliminowa\u0142a s\u0142owacki Spartaka Trnava odnosz\u0105c dwa zwyci\u0119stwa 1:0 i 2:0. Kibice Rakowa licz\u0105, \u017ce czerwono-niebiescy ponownie oka\u017c\u0105 si\u0119 lepsi od zawodnik\u00f3w ze s\u0142owackiego klubu&#8230;<\/p>\n\n\n\n<p>Trudno co\u015b powiedzie\u0107 o pi\u0142karzach z \u017biliny, bo nowy sezon w s\u0142owackiej ekstraklasie rozpoczyna si\u0119 w najbli\u017cszy weekend. MSK sw\u00f3j pierwszy mecz rozegra w niedziel\u0119 w Skalicy. Rak\u00f3w natomiast ma ju\u017c za sob\u0105 1. kolejk\u0119 w PKO BP Ekstraklasie. Cz\u0119stochowianie wygrali w minion\u0105 sobot\u0119 w Katowicach z GKS-em 1:0.<\/p>\n\n\n\n<p>Pi\u0142karze Rakowa powr\u00f3t do Europy zaakcentowali po ostatniej kolejce minionego sezonu okoliczno\u015bciowymi koszulkami, kt\u00f3re za\u0142o\u017cyli na ceremoni\u0119 wr\u0119czenia medali. Na koszulka mieli napis \u201eBack 2(to) Europe\u201d.<\/p>\n\n\n\n<p>Czwartkowy mecz poprowadz\u0105 s\u0119dziowie z Portugalii. <\/p>\n\n\n\n<p>MR-K, AK, fot: AK<\/p>\n\n\n\n<p>Partnerami relacji sportowych s\u0105:<\/p>\n\n\n\n<p>DMK Invest materia\u0142y budowlane Konopiska (<a href=\"http:\/\/www.dmkinvest.pl\/\" target=\"_blank\" rel=\"noreferrer noopener\">www.dmkinvest.pl<\/a>)<\/p>\n\n\n\n<p>Centrum Nieruchomo\u015bci i Finans\u00f3w (<a href=\"http:\/\/www.cnif.pl\/\" target=\"_blank\" rel=\"noreferrer noopener\">www.cnif.pl<\/a>)<\/p>\n\n\n\n<figure class=\"wp-block-image size-large\"><img decoding=\"async\" width=\"1024\" height=\"682\" data-src=\"https:\/\/gazetaregionalna.com\/wp-content\/uploads\/2025\/05\/Rakow-Widzew-101-1024x682.jpg\" alt=\"\" class=\"wp-image-137447 lazyload\" data-srcset=\"https:\/\/gazetaregionalna.com\/wp-content\/uploads\/2025\/05\/Rakow-Widzew-101-1024x682.jpg 1024w, https:\/\/gazetaregionalna.com\/wp-content\/uploads\/2025\/05\/Rakow-Widzew-101-300x200.jpg 300w, https:\/\/gazetaregionalna.com\/wp-content\/uploads\/2025\/05\/Rakow-Widzew-101-768x511.jpg 768w, https:\/\/gazetaregionalna.com\/wp-content\/uploads\/2025\/05\/Rakow-Widzew-101.jpg 1200w\" data-sizes=\"(max-width: 1024px) 100vw, 1024px\" src=\"data:image\/svg+xml;base64,PHN2ZyB3aWR0aD0iMSIgaGVpZ2h0PSIxIiB4bWxucz0iaHR0cDovL3d3dy53My5vcmcvMjAwMC9zdmciPjwvc3ZnPg==\" style=\"--smush-placeholder-width: 1024px; --smush-placeholder-aspect-ratio: 1024\/682;\" \/><\/figure>\n\n\n\n<figure class=\"wp-block-image size-large\"><img decoding=\"async\" width=\"1024\" height=\"1024\" data-src=\"https:\/\/gazetaregionalna.com\/wp-content\/uploads\/2025\/06\/dmk_28_06-1024x1024.jpg\" alt=\"\" class=\"wp-image-138817 lazyload\" data-srcset=\"https:\/\/gazetaregionalna.com\/wp-content\/uploads\/2025\/06\/dmk_28_06-1024x1024.jpg 1024w, https:\/\/gazetaregionalna.com\/wp-content\/uploads\/2025\/06\/dmk_28_06-300x300.jpg 300w, https:\/\/gazetaregionalna.com\/wp-content\/uploads\/2025\/06\/dmk_28_06-150x150.jpg 150w, https:\/\/gazetaregionalna.com\/wp-content\/uploads\/2025\/06\/dmk_28_06-768x768.jpg 768w, https:\/\/gazetaregionalna.com\/wp-content\/uploads\/2025\/06\/dmk_28_06-215x215.jpg 215w, https:\/\/gazetaregionalna.com\/wp-content\/uploads\/2025\/06\/dmk_28_06.jpg 1080w\" data-sizes=\"(max-width: 1024px) 100vw, 1024px\" src=\"data:image\/svg+xml;base64,PHN2ZyB3aWR0aD0iMSIgaGVpZ2h0PSIxIiB4bWxucz0iaHR0cDovL3d3dy53My5vcmcvMjAwMC9zdmciPjwvc3ZnPg==\" style=\"--smush-placeholder-width: 1024px; --smush-placeholder-aspect-ratio: 1024\/1024;\" \/><\/figure>\n\n\n\n<figure class=\"wp-block-image size-large\"><img decoding=\"async\" width=\"1024\" height=\"1024\" data-src=\"https:\/\/gazetaregionalna.com\/wp-content\/uploads\/2025\/05\/Rakow-Widzew-10-1024x1024.jpg\" alt=\"\" class=\"wp-image-137437 lazyload\" data-srcset=\"https:\/\/gazetaregionalna.com\/wp-content\/uploads\/2025\/05\/Rakow-Widzew-10-1024x1024.jpg 1024w, https:\/\/gazetaregionalna.com\/wp-content\/uploads\/2025\/05\/Rakow-Widzew-10-300x300.jpg 300w, https:\/\/gazetaregionalna.com\/wp-content\/uploads\/2025\/05\/Rakow-Widzew-10-150x150.jpg 150w, https:\/\/gazetaregionalna.com\/wp-content\/uploads\/2025\/05\/Rakow-Widzew-10-768x768.jpg 768w, https:\/\/gazetaregionalna.com\/wp-content\/uploads\/2025\/05\/Rakow-Widzew-10-215x215.jpg 215w, https:\/\/gazetaregionalna.com\/wp-content\/uploads\/2025\/05\/Rakow-Widzew-10.jpg 1200w\" data-sizes=\"(max-width: 1024px) 100vw, 1024px\" src=\"data:image\/svg+xml;base64,PHN2ZyB3aWR0aD0iMSIgaGVpZ2h0PSIxIiB4bWxucz0iaHR0cDovL3d3dy53My5vcmcvMjAwMC9zdmciPjwvc3ZnPg==\" style=\"--smush-placeholder-width: 1024px; --smush-placeholder-aspect-ratio: 1024\/1024;\" \/><\/figure>\n","protected":false},"excerpt":{"rendered":"<p>Rak\u00f3w Cz\u0119stochowa dzi\u0119ki wywalczeniu wicemistrzostwa Polski zagra po raz czwarty w historii w europejskich pucharach. Cz\u0119stochowianie rywalizowa\u0107 b\u0119d\u0105 w eliminacjach do Ligi Konferencji UEFA,<\/p>\n","protected":false},"author":15,"featured_media":137447,"comment_status":"closed","ping_status":"open","sticky":false,"template":"","format":"standard","meta":{"_monsterinsights_skip_tracking":false,"_monsterinsights_sitenote_active":false,"_monsterinsights_sitenote_note":"","_monsterinsights_sitenote_category":0,"_uf_show_specific_survey":0,"_uf_disable_surveys":false,"footnotes":""},"categories":[94,6,5],"tags":[],"class_list":["post-139482","post","type-post","status-publish","format-standard","has-post-thumbnail","hentry","category-polecane","category-pilka-nozna","category-sport"],"_links":{"self":[{"href":"https:\/\/gazetaregionalna.com\/index.php?rest_route=\/wp\/v2\/posts\/139482","targetHints":{"allow":["GET"]}}],"collection":[{"href":"https:\/\/gazetaregionalna.com\/index.php?rest_route=\/wp\/v2\/posts"}],"about":[{"href":"https:\/\/gazetaregionalna.com\/index.php?rest_route=\/wp\/v2\/types\/post"}],"author":[{"embeddable":true,"href":"https:\/\/gazetaregionalna.com\/index.php?rest_route=\/wp\/v2\/users\/15"}],"replies":[{"embeddable":true,"href":"https:\/\/gazetaregionalna.com\/index.php?rest_route=%2Fwp%2Fv2%2Fcomments&post=139482"}],"version-history":[{"count":1,"href":"https:\/\/gazetaregionalna.com\/index.php?rest_route=\/wp\/v2\/posts\/139482\/revisions"}],"predecessor-version":[{"id":139483,"href":"https:\/\/gazetaregionalna.com\/index.php?rest_route=\/wp\/v2\/posts\/139482\/revisions\/139483"}],"wp:featuredmedia":[{"embeddable":true,"href":"https:\/\/gazetaregionalna.com\/index.php?rest_route=\/wp\/v2\/media\/137447"}],"wp:attachment":[{"href":"https:\/\/gazetaregionalna.com\/index.php?rest_route=%2Fwp%2Fv2%2Fmedia&parent=139482"}],"wp:term":[{"taxonomy":"category","embeddable":true,"href":"https:\/\/gazetaregionalna.com\/index.php?rest_route=%2Fwp%2Fv2%2Fcategories&post=139482"},{"taxonomy":"post_tag","embeddable":true,"href":"https:\/\/gazetaregionalna.com\/index.php?rest_route=%2Fwp%2Fv2%2Ftags&post=139482"}],"curies":[{"name":"wp","href":"https:\/\/api.w.org\/{rel}","templated":true}]}}