{"id":139468,"date":"2025-07-21T20:49:53","date_gmt":"2025-07-21T20:49:53","guid":{"rendered":"https:\/\/gazetaregionalna.com\/?p=139468"},"modified":"2025-07-21T20:52:24","modified_gmt":"2025-07-21T20:52:24","slug":"bezplatne-szczepienia-przeciwko-pneumokokom","status":"publish","type":"post","link":"https:\/\/gazetaregionalna.com\/?p=139468","title":{"rendered":"Bezp\u0142atne szczepienia przeciwko pneumokokom w Cz\u0119stochowie"},"content":{"rendered":"\n<h2 class=\"wp-block-heading\">W Cz\u0119stochowie mo\u017cna znowu skorzysta\u0107 z bezp\u0142atnych szczepie\u0144 przeciwko pneumokokom.<\/h2>\n\n\n\n<p>Szczepienia s\u0105 realizowane w ramach programu zdrowotnego pn. \u201eProgram profilaktycznych szczepie\u0144 przeciwko pneumokokom dla os\u00f3b 55+ mieszka\u0144c\u00f3w Cz\u0119stochowy na lata 2021-2026\u201d. Beneficjentami mog\u0105 by\u0107 osoby zameldowane w Cz\u0119stochowie, kt\u00f3re uko\u0144czy\u0142y 55. rok \u017cycia i nie by\u0142y wcze\u015bniej szczepione przeciwko pneumokokom.<\/p>\n\n\n\n<p>Program obejmuje wykonanie szczepie\u0144 w schemacie jednodawkowym szczepionk\u0105 Prevenar 13 przeciw zaka\u017ceniom pneumokokowym zgodnie z zaleceniami producenta szczepionki. Z miejskiego programu skorzysta\u0107 mo\u017ce 340 os\u00f3b.<\/p>\n\n\n\n<p>W celu wykluczenia ewentualnych przeciwwskaza\u0144 zostanie wykonana kwalifikacja do szczepie\u0144.<\/p>\n\n\n\n<figure class=\"wp-block-image size-large is-resized\"><img decoding=\"async\" width=\"727\" height=\"1024\" data-src=\"https:\/\/gazetaregionalna.com\/wp-content\/uploads\/2025\/07\/83280-727x1024.jpg\" alt=\"\" class=\"wp-image-139469 lazyload\" style=\"--smush-placeholder-width: 727px; --smush-placeholder-aspect-ratio: 727\/1024;width:840px;height:auto\" data-srcset=\"https:\/\/gazetaregionalna.com\/wp-content\/uploads\/2025\/07\/83280-727x1024.jpg 727w, https:\/\/gazetaregionalna.com\/wp-content\/uploads\/2025\/07\/83280-213x300.jpg 213w, https:\/\/gazetaregionalna.com\/wp-content\/uploads\/2025\/07\/83280-768x1082.jpg 768w, https:\/\/gazetaregionalna.com\/wp-content\/uploads\/2025\/07\/83280-1090x1536.jpg 1090w, https:\/\/gazetaregionalna.com\/wp-content\/uploads\/2025\/07\/83280-scaled.jpg 1135w\" data-sizes=\"(max-width: 727px) 100vw, 727px\" src=\"data:image\/svg+xml;base64,PHN2ZyB3aWR0aD0iMSIgaGVpZ2h0PSIxIiB4bWxucz0iaHR0cDovL3d3dy53My5vcmcvMjAwMC9zdmciPjwvc3ZnPg==\" \/><\/figure>\n\n\n\n<p>Mieszka\u0144cy mog\u0105 skorzysta\u0107 z bezp\u0142atnych szczepie\u0144 przeciwko pneumokokom poprzez bezpo\u015brednie zapisy u realizatora, kt\u00f3rym jest Przychodnia &#8222;P\u00f3\u0142noc&#8221; przy ul. Andersa 12 (tel. 34 362 44 94). Program realizowany jest we wsp\u00f3\u0142pracy z przychodniami: &#8222;Po\u0142udnie&#8221; (ul. Mireckiego 29a, tel. 34 323 21 53), Euro-Med (ul. 3 Maja 16, tel. 34 361 27 62), Euro-Medicus (ul. Kopalniana 4, tel.34 365 96 25), Rocha 250 (ul. Rocha 250, tel. 34 362 72 12), Ars Medica Bis (ul. Mo\u015bcickiego 7, tel. 34 372 10 50), Medicom Bis (ul. Pu\u017caka 5, tel. 34 362 33 54) i Nord Med (ul. Micha\u0142owskiego 6, tel. 34 322 06 70).<\/p>\n\n\n\n<p>Realizacja programu rozpocz\u0119\u0142a si\u0119 14 lipca.<\/p>\n\n\n\n<p><strong>red., mat. UM Cz\u0119stochowy<\/strong><\/p>\n","protected":false},"excerpt":{"rendered":"<p>W Cz\u0119stochowie mo\u017cna znowu skorzysta\u0107 z bezp\u0142atnych szczepie\u0144 przeciwko pneumokokom. Szczepienia s\u0105 realizowane w ramach programu zdrowotnego pn. \u201eProgram profilaktycznych szczepie\u0144 przeciwko pneumokokom dla<\/p>\n","protected":false},"author":11,"featured_media":139471,"comment_status":"closed","ping_status":"open","sticky":false,"template":"","format":"standard","meta":{"_monsterinsights_skip_tracking":false,"_monsterinsights_sitenote_active":false,"_monsterinsights_sitenote_note":"","_monsterinsights_sitenote_category":0,"_uf_show_specific_survey":0,"_uf_disable_surveys":false,"footnotes":""},"categories":[3,2,37],"tags":[144,1933,8409,1159],"class_list":["post-139468","post","type-post","status-publish","format-standard","has-post-thumbnail","hentry","category-czestochowa-informacje","category-wiadomosci","category-zdrowie","tag-czestochowa","tag-profilaktyka","tag-szczepienia-przeciwko-pneumokokom","tag-zdrowie"],"_links":{"self":[{"href":"https:\/\/gazetaregionalna.com\/index.php?rest_route=\/wp\/v2\/posts\/139468","targetHints":{"allow":["GET"]}}],"collection":[{"href":"https:\/\/gazetaregionalna.com\/index.php?rest_route=\/wp\/v2\/posts"}],"about":[{"href":"https:\/\/gazetaregionalna.com\/index.php?rest_route=\/wp\/v2\/types\/post"}],"author":[{"embeddable":true,"href":"https:\/\/gazetaregionalna.com\/index.php?rest_route=\/wp\/v2\/users\/11"}],"replies":[{"embeddable":true,"href":"https:\/\/gazetaregionalna.com\/index.php?rest_route=%2Fwp%2Fv2%2Fcomments&post=139468"}],"version-history":[{"count":1,"href":"https:\/\/gazetaregionalna.com\/index.php?rest_route=\/wp\/v2\/posts\/139468\/revisions"}],"predecessor-version":[{"id":139470,"href":"https:\/\/gazetaregionalna.com\/index.php?rest_route=\/wp\/v2\/posts\/139468\/revisions\/139470"}],"wp:featuredmedia":[{"embeddable":true,"href":"https:\/\/gazetaregionalna.com\/index.php?rest_route=\/wp\/v2\/media\/139471"}],"wp:attachment":[{"href":"https:\/\/gazetaregionalna.com\/index.php?rest_route=%2Fwp%2Fv2%2Fmedia&parent=139468"}],"wp:term":[{"taxonomy":"category","embeddable":true,"href":"https:\/\/gazetaregionalna.com\/index.php?rest_route=%2Fwp%2Fv2%2Fcategories&post=139468"},{"taxonomy":"post_tag","embeddable":true,"href":"https:\/\/gazetaregionalna.com\/index.php?rest_route=%2Fwp%2Fv2%2Ftags&post=139468"}],"curies":[{"name":"wp","href":"https:\/\/api.w.org\/{rel}","templated":true}]}}