{"id":139243,"date":"2025-07-17T10:17:50","date_gmt":"2025-07-17T10:17:50","guid":{"rendered":"https:\/\/gazetaregionalna.com\/?p=139243"},"modified":"2025-07-17T10:17:52","modified_gmt":"2025-07-17T10:17:52","slug":"rakow-czestochowa-rozpoczyna-nowy-sezon-2025-26-w-pko-bp-ekstraklasie-celem-jest-co-najmniej-wicemistrzostwo","status":"publish","type":"post","link":"https:\/\/gazetaregionalna.com\/?p=139243","title":{"rendered":"Rak\u00f3w Cz\u0119stochowa rozpoczyna nowy sezon 2025\/26 w PKO BP Ekstraklasie. Celem jest co najmniej wicemistrzostwo!"},"content":{"rendered":"\n<p>Ju\u017c w sobot\u0119 w Katowicach pi\u0142karze Rakowa Cz\u0119stochowa rozpoczn\u0105 nowy sezon 2025\/26 w PKO BP Ekstraklasie. Pierwszym rywalem b\u0119dzie GKS Katowice. B\u0119dzie to pr\u00f3ba generalna przed czwartkowym spotkaniem I rundy eliminacji Ligi Konferencji UEFA ze s\u0142owack\u0105 MKS \u017bylina.<\/p>\n\n\n\n<p>Przerwa letnia dobiega ko\u0144ca. W najbli\u017cszy weekend rozpocznie si\u0119 nowy sezon w PKO BP Ekstraklasie. Mobilizacja w\u015br\u00f3d dru\u017cyn b\u0119dzie du\u017ca, bo po raz pierwszy dwie polskie czo\u0142owe dru\u017cyny b\u0119d\u0105 mog\u0142y zagra\u0107 w eliminacjach do Ligi Mistrz\u00f3w. Dlatego celem wicemistrz\u00f3w Polski z Cz\u0119stochowy to walka o mistrzostwo Polski, a minimum to 2. miejsce i obrona wicemistrzostwa Polski.<\/p>\n\n\n\n<p>Rak\u00f3w do nowego sezonu przygotowywa\u0142 si\u0119 w Ar\u0142amowie i w Holandii. \u0141\u0105cznie podopieczni trenera Marka Papszuna rozegrali sze\u015b\u0107 mecz\u00f3w sparingowych. 3 wygrali, 2 zremisowali i 1 przegrali. Szczeg\u00f3lnie cieszy dobra gra i remisy z Anderlechtem Bruksela i Clube Brugge.<\/p>\n\n\n\n<p>W trakcie przerwy z Rakowa odesz\u0142o kilku zawodnik\u00f3w (m.in.: Ben Lederman, Peter Barath, Milan Rundi\u0107, Matej Rodin, Dusan Kuciak, Lazaros Lamprou, Dawid Drachal, Kacper Masiak)<\/p>\n\n\n\n<p>Do Rakowa przyszli: Oliwier Zych, Oskar Repka, Apostolos Konstantopoulos, Karol Struski i<\/p>\n\n\n\n<p>Lamine Diabe-Fadiga. Kibice Rakowa czekaj\u0105 na kolejne nazwiska.<\/p>\n\n\n\n<p>Cz\u0119stochowianie nowy sezon rozpoczn\u0105 w sobot\u0119 w Katowicach. Przy Nowej Bukowej zmierz\u0105 si\u0119 z GKS-em. Pierwszy mecz to zawsze wielka niewiadoma. W poprzednim sezonie Rak\u00f3w wygra\u0142 na inauguracj\u0119 w Lublinie z Motorem 2:0. Kibice czerwono-niebieskich nie mieliby nic przeciwko, aby podobnym wynikiem zako\u0144czy\u0142 si\u0119 sobotni mecz w Katowicach.<\/p>\n\n\n\n<p>W sezonie 2025\/26 dwie czo\u0142owe dru\u017cyny zagraj\u0105 w eliminacjach do Ligi Mistrz\u00f3w. Dlatego w tym sezonie mo\u017cna spodziewa\u0107 si\u0119 zaci\u0119tej walki o mistrzostwo i wicemistrzostwo Polski. W poprzednim sezonie cz\u0119stochowscy pi\u0142karze z\u0142ote medali przegrali 1 punktem&#8230; Jak b\u0119dzie wygl\u0105da\u0107 nadchodz\u0105cy sezon? Oby Rak\u00f3w by\u0142 zn\u00f3w na podium PKO BP Ekstraklasy&#8230;<\/p>\n\n\n\n<p>MR-K, fot: AK<\/p>\n\n\n\n<p>Partnerami relacji sportowych s\u0105:<\/p>\n\n\n\n<p>DMK Invest materia\u0142y budowlane Konopiska (<a href=\"http:\/\/www.dmkinvest.pl\/\" target=\"_blank\" rel=\"noopener\">www.dmkinvest.pl<\/a>)<\/p>\n\n\n\n<p>Centrum Nieruchomo\u015bci i Finans\u00f3w (<a href=\"http:\/\/www.cnif.pl\/\" target=\"_blank\" rel=\"noopener\">www.cnif.pl<\/a>)<\/p>\n\n\n\n<figure class=\"wp-block-image size-large\"><img decoding=\"async\" width=\"1024\" height=\"683\" data-src=\"https:\/\/gazetaregionalna.com\/wp-content\/uploads\/2025\/05\/Rakow-Widzew-99-1024x683.jpg\" alt=\"\" class=\"wp-image-137446 lazyload\" data-srcset=\"https:\/\/gazetaregionalna.com\/wp-content\/uploads\/2025\/05\/Rakow-Widzew-99-1024x683.jpg 1024w, https:\/\/gazetaregionalna.com\/wp-content\/uploads\/2025\/05\/Rakow-Widzew-99-300x200.jpg 300w, https:\/\/gazetaregionalna.com\/wp-content\/uploads\/2025\/05\/Rakow-Widzew-99-768x512.jpg 768w, https:\/\/gazetaregionalna.com\/wp-content\/uploads\/2025\/05\/Rakow-Widzew-99.jpg 1200w\" data-sizes=\"(max-width: 1024px) 100vw, 1024px\" src=\"data:image\/svg+xml;base64,PHN2ZyB3aWR0aD0iMSIgaGVpZ2h0PSIxIiB4bWxucz0iaHR0cDovL3d3dy53My5vcmcvMjAwMC9zdmciPjwvc3ZnPg==\" style=\"--smush-placeholder-width: 1024px; --smush-placeholder-aspect-ratio: 1024\/683;\" \/><\/figure>\n\n\n\n<figure class=\"wp-block-image size-large\"><img decoding=\"async\" width=\"1024\" height=\"1024\" data-src=\"https:\/\/gazetaregionalna.com\/wp-content\/uploads\/2025\/06\/dmk_28_06-1024x1024.jpg\" alt=\"\" class=\"wp-image-138817 lazyload\" data-srcset=\"https:\/\/gazetaregionalna.com\/wp-content\/uploads\/2025\/06\/dmk_28_06-1024x1024.jpg 1024w, https:\/\/gazetaregionalna.com\/wp-content\/uploads\/2025\/06\/dmk_28_06-300x300.jpg 300w, https:\/\/gazetaregionalna.com\/wp-content\/uploads\/2025\/06\/dmk_28_06-150x150.jpg 150w, https:\/\/gazetaregionalna.com\/wp-content\/uploads\/2025\/06\/dmk_28_06-768x768.jpg 768w, https:\/\/gazetaregionalna.com\/wp-content\/uploads\/2025\/06\/dmk_28_06-215x215.jpg 215w, https:\/\/gazetaregionalna.com\/wp-content\/uploads\/2025\/06\/dmk_28_06.jpg 1080w\" data-sizes=\"(max-width: 1024px) 100vw, 1024px\" src=\"data:image\/svg+xml;base64,PHN2ZyB3aWR0aD0iMSIgaGVpZ2h0PSIxIiB4bWxucz0iaHR0cDovL3d3dy53My5vcmcvMjAwMC9zdmciPjwvc3ZnPg==\" style=\"--smush-placeholder-width: 1024px; --smush-placeholder-aspect-ratio: 1024\/1024;\" \/><\/figure>\n\n\n\n<figure class=\"wp-block-image size-large\"><img decoding=\"async\" width=\"1024\" height=\"1024\" data-src=\"https:\/\/gazetaregionalna.com\/wp-content\/uploads\/2025\/05\/Rakow-Widzew-10-1024x1024.jpg\" alt=\"\" class=\"wp-image-137437 lazyload\" data-srcset=\"https:\/\/gazetaregionalna.com\/wp-content\/uploads\/2025\/05\/Rakow-Widzew-10-1024x1024.jpg 1024w, https:\/\/gazetaregionalna.com\/wp-content\/uploads\/2025\/05\/Rakow-Widzew-10-300x300.jpg 300w, https:\/\/gazetaregionalna.com\/wp-content\/uploads\/2025\/05\/Rakow-Widzew-10-150x150.jpg 150w, https:\/\/gazetaregionalna.com\/wp-content\/uploads\/2025\/05\/Rakow-Widzew-10-768x768.jpg 768w, https:\/\/gazetaregionalna.com\/wp-content\/uploads\/2025\/05\/Rakow-Widzew-10-215x215.jpg 215w, https:\/\/gazetaregionalna.com\/wp-content\/uploads\/2025\/05\/Rakow-Widzew-10.jpg 1200w\" data-sizes=\"(max-width: 1024px) 100vw, 1024px\" src=\"data:image\/svg+xml;base64,PHN2ZyB3aWR0aD0iMSIgaGVpZ2h0PSIxIiB4bWxucz0iaHR0cDovL3d3dy53My5vcmcvMjAwMC9zdmciPjwvc3ZnPg==\" style=\"--smush-placeholder-width: 1024px; --smush-placeholder-aspect-ratio: 1024\/1024;\" \/><\/figure>\n","protected":false},"excerpt":{"rendered":"<p>Ju\u017c w sobot\u0119 w Katowicach pi\u0142karze Rakowa Cz\u0119stochowa rozpoczn\u0105 nowy sezon 2025\/26 w PKO BP Ekstraklasie. Pierwszym rywalem b\u0119dzie GKS Katowice. B\u0119dzie to pr\u00f3ba<\/p>\n","protected":false},"author":25,"featured_media":137446,"comment_status":"closed","ping_status":"open","sticky":false,"template":"","format":"standard","meta":{"_monsterinsights_skip_tracking":false,"_monsterinsights_sitenote_active":false,"_monsterinsights_sitenote_note":"","_monsterinsights_sitenote_category":0,"_uf_show_specific_survey":0,"_uf_disable_surveys":false,"footnotes":""},"categories":[94,6,5],"tags":[],"class_list":["post-139243","post","type-post","status-publish","format-standard","has-post-thumbnail","hentry","category-polecane","category-pilka-nozna","category-sport"],"_links":{"self":[{"href":"https:\/\/gazetaregionalna.com\/index.php?rest_route=\/wp\/v2\/posts\/139243","targetHints":{"allow":["GET"]}}],"collection":[{"href":"https:\/\/gazetaregionalna.com\/index.php?rest_route=\/wp\/v2\/posts"}],"about":[{"href":"https:\/\/gazetaregionalna.com\/index.php?rest_route=\/wp\/v2\/types\/post"}],"author":[{"embeddable":true,"href":"https:\/\/gazetaregionalna.com\/index.php?rest_route=\/wp\/v2\/users\/25"}],"replies":[{"embeddable":true,"href":"https:\/\/gazetaregionalna.com\/index.php?rest_route=%2Fwp%2Fv2%2Fcomments&post=139243"}],"version-history":[{"count":1,"href":"https:\/\/gazetaregionalna.com\/index.php?rest_route=\/wp\/v2\/posts\/139243\/revisions"}],"predecessor-version":[{"id":139244,"href":"https:\/\/gazetaregionalna.com\/index.php?rest_route=\/wp\/v2\/posts\/139243\/revisions\/139244"}],"wp:featuredmedia":[{"embeddable":true,"href":"https:\/\/gazetaregionalna.com\/index.php?rest_route=\/wp\/v2\/media\/137446"}],"wp:attachment":[{"href":"https:\/\/gazetaregionalna.com\/index.php?rest_route=%2Fwp%2Fv2%2Fmedia&parent=139243"}],"wp:term":[{"taxonomy":"category","embeddable":true,"href":"https:\/\/gazetaregionalna.com\/index.php?rest_route=%2Fwp%2Fv2%2Fcategories&post=139243"},{"taxonomy":"post_tag","embeddable":true,"href":"https:\/\/gazetaregionalna.com\/index.php?rest_route=%2Fwp%2Fv2%2Ftags&post=139243"}],"curies":[{"name":"wp","href":"https:\/\/api.w.org\/{rel}","templated":true}]}}